{"id":11099,"date":"2025-03-12T18:57:28","date_gmt":"2025-03-12T18:57:28","guid":{"rendered":"https:\/\/latamreports.com\/br\/?p=11099"},"modified":"2025-03-12T18:57:39","modified_gmt":"2025-03-12T18:57:39","slug":"policia-do-rio-de-janeiro-demole-resort-do-trafico-em-operacao-na-favela","status":"publish","type":"post","link":"https:\/\/latamreports.com\/br\/policia-do-rio-de-janeiro-demole-resort-do-trafico-em-operacao-na-favela\/","title":{"rendered":"Pol\u00edcia do Rio de Janeiro demole &#8216;resort do tr\u00e1fico&#8217; em opera\u00e7\u00e3o na favela"},"content":{"rendered":"\n<p>A <a href=\"https:\/\/latamreports.com\/br\/policiais-fantasiados-de-chapolin-colorado-e-padre-prendem-ladrao-de-celulares-no-carnaval-de-sao-paulo\/\">Pol\u00edcia<\/a> Civil do Rio de Janeiro demoliu nesta ter\u00e7a-feira, 11, um complexo de luxo apelidado de &#8220;resort do tr\u00e1fico&#8221;, supostamente usado como ponto de encontro de criminosos em uma favela da capital fluminense. A estrutura, localizada no Complexo de Israel, inclu\u00eda um lago artificial, piscina, academia, \u00e1rea de lazer e churrasqueiras.<\/p>\n\n\n\n<h3 class=\"wp-block-heading\"><strong>Opera\u00e7\u00e3o mira lideran\u00e7a do crime organizado<\/strong><\/h3>\n\n\n\n<p>O local teria sido constru\u00eddo por \u00c1lvaro Malaquias, conhecido como &#8220;Peix\u00e3o&#8221;, um dos criminosos mais procurados do estado. Durante a a\u00e7\u00e3o, a pol\u00edcia cumpriu mandados de pris\u00e3o contra integrantes de sua fac\u00e7\u00e3o, o Terceiro Comando Puro, e deteve tr\u00eas suspeitos.<\/p>\n\n\n\n<p>A opera\u00e7\u00e3o come\u00e7ou logo pela manh\u00e3 e gerou confronto entre agentes e criminosos. A troca de tiros levou ao bloqueio da Avenida Brasil, uma das principais vias expressas da cidade, al\u00e9m da suspens\u00e3o tempor\u00e1ria de linhas de \u00f4nibus e trens na regi\u00e3o.<\/p>\n\n\n\n<h3 class=\"wp-block-heading\">Obra ilegal em \u00e1rea de preserva\u00e7\u00e3o<\/h3>\n\n\n\n<p>De acordo com a <a href=\"https:\/\/latamreports.com\/br\/policiais-sao-presos-em-operacao-que-investiga-esquema-de-emprestimos-ilegais-e-extorsao-em-ro-e-outros-cinco-estados\/\">pol\u00edcia<\/a>, al\u00e9m de servir como ref\u00fagio para traficantes, o complexo de luxo foi constru\u00eddo em uma \u00e1rea de preserva\u00e7\u00e3o ambiental e teria alterado o curso de um rio local. M\u00e1quinas pesadas foram utilizadas para destruir a estrutura.<\/p>\n\n\n\n<p>Peix\u00e3o, que segue foragido, comanda o tr\u00e1fico na regi\u00e3o e, segundo investiga\u00e7\u00f5es, exige que seus aliados sigam a mesma religi\u00e3o que ele \u2013 o evangelismo. O grupo utiliza a Estrela de Davi como s\u00edmbolo.<\/p>\n\n\n\n<p>A opera\u00e7\u00e3o faz parte de um esfor\u00e7o cont\u00ednuo para enfraquecer o dom\u00ednio do crime organizado em comunidades do Rio de Janeiro, mas especialistas apontam que a atua\u00e7\u00e3o dessas fac\u00e7\u00f5es segue desafiando as for\u00e7as de seguran\u00e7a da cidade.<\/p>\n","protected":false},"excerpt":{"rendered":"<p>A Pol\u00edcia Civil do Rio de Janeiro demoliu nesta ter\u00e7a-feira, 11, um complexo de luxo apelidado de &#8220;resort do tr\u00e1fico&#8221;, supostamente usado como ponto de &#8230; <a title=\"Pol\u00edcia do Rio de Janeiro demole &#8216;resort do tr\u00e1fico&#8217; em opera\u00e7\u00e3o na favela\" class=\"read-more\" href=\"https:\/\/latamreports.com\/br\/policia-do-rio-de-janeiro-demole-resort-do-trafico-em-operacao-na-favela\/\" aria-label=\"Read more about Pol\u00edcia do Rio de Janeiro demole &#8216;resort do tr\u00e1fico&#8217; em opera\u00e7\u00e3o na favela\">Read more<\/a><\/p>\n","protected":false},"author":7,"featured_media":11100,"comment_status":"closed","ping_status":"closed","sticky":false,"template":"","format":"standard","meta":{"footnotes":"","jetpack_publicize_message":"","jetpack_publicize_feature_enabled":true,"jetpack_social_post_already_shared":true,"jetpack_social_options":{"image_generator_settings":{"template":"highway","default_image_id":0,"font":"","enabled":false},"version":2}},"categories":[2],"tags":[31],"class_list":["post-11099","post","type-post","status-publish","format-standard","has-post-thumbnail","hentry","category-negocios","tag-brasil","resize-featured-image"],"yoast_head":"<!-- This site is optimized with the Yoast SEO plugin v27.5 - https:\/\/yoast.com\/product\/yoast-seo-wordpress\/ -->\n<title>Pol\u00edcia do Rio de Janeiro demole &#039;resort do tr\u00e1fico&#039; em opera\u00e7\u00e3o<\/title>\n<meta name=\"description\" content=\"A Pol\u00edcia Civil do Rio de Janeiro demoliu nesta ter\u00e7a-feira, 11, um complexo de luxo apelidado de &quot;resort do tr\u00e1fico&quot;, supostamente...\" \/>\n<meta name=\"robots\" content=\"index, follow, max-snippet:-1, max-image-preview:large, max-video-preview:-1\" \/>\n<link rel=\"canonical\" href=\"https:\/\/latamreports.com\/br\/policia-do-rio-de-janeiro-demole-resort-do-trafico-em-operacao-na-favela\/\" \/>\n<meta property=\"og:locale\" content=\"en_US\" \/>\n<meta property=\"og:type\" content=\"article\" \/>\n<meta property=\"og:title\" content=\"Pol\u00edcia do Rio de Janeiro demole &#039;resort do tr\u00e1fico&#039; em opera\u00e7\u00e3o\" \/>\n<meta property=\"og:description\" content=\"A Pol\u00edcia Civil do Rio de Janeiro demoliu nesta ter\u00e7a-feira, 11, um complexo de luxo apelidado de &quot;resort do tr\u00e1fico&quot;, supostamente...\" \/>\n<meta property=\"og:url\" content=\"https:\/\/latamreports.com\/br\/policia-do-rio-de-janeiro-demole-resort-do-trafico-em-operacao-na-favela\/\" \/>\n<meta property=\"og:site_name\" content=\"LatAm Reports\" \/>\n<meta property=\"article:publisher\" content=\"https:\/\/facebook.com\/latamreports\" \/>\n<meta property=\"article:published_time\" content=\"2025-03-12T18:57:28+00:00\" \/>\n<meta property=\"article:modified_time\" content=\"2025-03-12T18:57:39+00:00\" \/>\n<meta property=\"og:image\" content=\"https:\/\/latamreports.com\/br\/wp-content\/uploads\/design-2025-03-12T145340.665.png\" \/>\n\t<meta property=\"og:image:width\" content=\"1200\" \/>\n\t<meta property=\"og:image:height\" content=\"630\" \/>\n\t<meta property=\"og:image:type\" content=\"image\/png\" \/>\n<meta name=\"author\" content=\"LatAm Reports Redatores da Equipe\" \/>\n<meta name=\"twitter:card\" content=\"summary_large_image\" \/>\n<meta name=\"twitter:creator\" content=\"@latamreports\" \/>\n<meta name=\"twitter:site\" content=\"@latamreports\" \/>\n<meta name=\"twitter:label1\" content=\"Written by\" \/>\n\t<meta name=\"twitter:data1\" content=\"LatAm Reports Redatores da Equipe\" \/>\n\t<meta name=\"twitter:label2\" content=\"Est. reading time\" \/>\n\t<meta name=\"twitter:data2\" content=\"2 minutes\" \/>\n<script type=\"application\/ld+json\" class=\"yoast-schema-graph\">{\"@context\":\"https:\\\/\\\/schema.org\",\"@graph\":[{\"@type\":\"Article\",\"@id\":\"https:\\\/\\\/latamreports.com\\\/br\\\/policia-do-rio-de-janeiro-demole-resort-do-trafico-em-operacao-na-favela\\\/#article\",\"isPartOf\":{\"@id\":\"https:\\\/\\\/latamreports.com\\\/br\\\/policia-do-rio-de-janeiro-demole-resort-do-trafico-em-operacao-na-favela\\\/\"},\"author\":{\"name\":\"LatAm Reports Redatores da Equipe\",\"@id\":\"https:\\\/\\\/latamreports.com\\\/br\\\/#\\\/schema\\\/person\\\/a561f2de7e5ccabfab38d239b39fdb70\"},\"headline\":\"Pol\u00edcia do Rio de Janeiro demole &#8216;resort do tr\u00e1fico&#8217; em opera\u00e7\u00e3o na favela\",\"datePublished\":\"2025-03-12T18:57:28+00:00\",\"dateModified\":\"2025-03-12T18:57:39+00:00\",\"mainEntityOfPage\":{\"@id\":\"https:\\\/\\\/latamreports.com\\\/br\\\/policia-do-rio-de-janeiro-demole-resort-do-trafico-em-operacao-na-favela\\\/\"},\"wordCount\":312,\"publisher\":{\"@id\":\"https:\\\/\\\/latamreports.com\\\/br\\\/#organization\"},\"image\":{\"@id\":\"https:\\\/\\\/latamreports.com\\\/br\\\/policia-do-rio-de-janeiro-demole-resort-do-trafico-em-operacao-na-favela\\\/#primaryimage\"},\"thumbnailUrl\":\"https:\\\/\\\/latamreports.com\\\/br\\\/wp-content\\\/uploads\\\/design-2025-03-12T145340.665.png\",\"keywords\":[\"Brasil\"],\"articleSection\":[\"Neg\u00f3cios\"],\"inLanguage\":\"en-US\"},{\"@type\":\"WebPage\",\"@id\":\"https:\\\/\\\/latamreports.com\\\/br\\\/policia-do-rio-de-janeiro-demole-resort-do-trafico-em-operacao-na-favela\\\/\",\"url\":\"https:\\\/\\\/latamreports.com\\\/br\\\/policia-do-rio-de-janeiro-demole-resort-do-trafico-em-operacao-na-favela\\\/\",\"name\":\"Pol\u00edcia do Rio de Janeiro demole 'resort do tr\u00e1fico' em opera\u00e7\u00e3o\",\"isPartOf\":{\"@id\":\"https:\\\/\\\/latamreports.com\\\/br\\\/#website\"},\"primaryImageOfPage\":{\"@id\":\"https:\\\/\\\/latamreports.com\\\/br\\\/policia-do-rio-de-janeiro-demole-resort-do-trafico-em-operacao-na-favela\\\/#primaryimage\"},\"image\":{\"@id\":\"https:\\\/\\\/latamreports.com\\\/br\\\/policia-do-rio-de-janeiro-demole-resort-do-trafico-em-operacao-na-favela\\\/#primaryimage\"},\"thumbnailUrl\":\"https:\\\/\\\/latamreports.com\\\/br\\\/wp-content\\\/uploads\\\/design-2025-03-12T145340.665.png\",\"datePublished\":\"2025-03-12T18:57:28+00:00\",\"dateModified\":\"2025-03-12T18:57:39+00:00\",\"description\":\"A Pol\u00edcia Civil do Rio de Janeiro demoliu nesta ter\u00e7a-feira, 11, um complexo de luxo apelidado de \\\"resort do tr\u00e1fico\\\", supostamente...\",\"breadcrumb\":{\"@id\":\"https:\\\/\\\/latamreports.com\\\/br\\\/policia-do-rio-de-janeiro-demole-resort-do-trafico-em-operacao-na-favela\\\/#breadcrumb\"},\"inLanguage\":\"en-US\",\"potentialAction\":[{\"@type\":\"ReadAction\",\"target\":[\"https:\\\/\\\/latamreports.com\\\/br\\\/policia-do-rio-de-janeiro-demole-resort-do-trafico-em-operacao-na-favela\\\/\"]}]},{\"@type\":\"ImageObject\",\"inLanguage\":\"en-US\",\"@id\":\"https:\\\/\\\/latamreports.com\\\/br\\\/policia-do-rio-de-janeiro-demole-resort-do-trafico-em-operacao-na-favela\\\/#primaryimage\",\"url\":\"https:\\\/\\\/latamreports.com\\\/br\\\/wp-content\\\/uploads\\\/design-2025-03-12T145340.665.png\",\"contentUrl\":\"https:\\\/\\\/latamreports.com\\\/br\\\/wp-content\\\/uploads\\\/design-2025-03-12T145340.665.png\",\"width\":1200,\"height\":630,\"caption\":\"Pol\u00edcia do Rio de Janeiro demole 'resort do tr\u00e1fico' em opera\u00e7\u00e3o\"},{\"@type\":\"BreadcrumbList\",\"@id\":\"https:\\\/\\\/latamreports.com\\\/br\\\/policia-do-rio-de-janeiro-demole-resort-do-trafico-em-operacao-na-favela\\\/#breadcrumb\",\"itemListElement\":[{\"@type\":\"ListItem\",\"position\":1,\"name\":\"Home\",\"item\":\"https:\\\/\\\/latamreports.com\\\/br\\\/\"},{\"@type\":\"ListItem\",\"position\":2,\"name\":\"Pol\u00edcia do Rio de Janeiro demole &#8216;resort do tr\u00e1fico&#8217; em opera\u00e7\u00e3o na favela\"}]},{\"@type\":\"WebSite\",\"@id\":\"https:\\\/\\\/latamreports.com\\\/br\\\/#website\",\"url\":\"https:\\\/\\\/latamreports.com\\\/br\\\/\",\"name\":\"LatAm Reports\",\"description\":\"Not\u00edcias e opini\u00f5es de todas as Am\u00e9ricas\",\"publisher\":{\"@id\":\"https:\\\/\\\/latamreports.com\\\/br\\\/#organization\"},\"potentialAction\":[{\"@type\":\"SearchAction\",\"target\":{\"@type\":\"EntryPoint\",\"urlTemplate\":\"https:\\\/\\\/latamreports.com\\\/br\\\/?s={search_term_string}\"},\"query-input\":{\"@type\":\"PropertyValueSpecification\",\"valueRequired\":true,\"valueName\":\"search_term_string\"}}],\"inLanguage\":\"en-US\"},{\"@type\":\"Organization\",\"@id\":\"https:\\\/\\\/latamreports.com\\\/br\\\/#organization\",\"name\":\"LatAm Reports\",\"url\":\"https:\\\/\\\/latamreports.com\\\/br\\\/\",\"logo\":{\"@type\":\"ImageObject\",\"inLanguage\":\"en-US\",\"@id\":\"https:\\\/\\\/latamreports.com\\\/br\\\/#\\\/schema\\\/logo\\\/image\\\/\",\"url\":\"https:\\\/\\\/latamreports.com\\\/br\\\/wp-content\\\/uploads\\\/cropped-PNG2.png\",\"contentUrl\":\"https:\\\/\\\/latamreports.com\\\/br\\\/wp-content\\\/uploads\\\/cropped-PNG2.png\",\"width\":2522,\"height\":1014,\"caption\":\"LatAm Reports\"},\"image\":{\"@id\":\"https:\\\/\\\/latamreports.com\\\/br\\\/#\\\/schema\\\/logo\\\/image\\\/\"},\"sameAs\":[\"https:\\\/\\\/facebook.com\\\/latamreports\",\"https:\\\/\\\/x.com\\\/latamreports\"]},{\"@type\":\"Person\",\"@id\":\"https:\\\/\\\/latamreports.com\\\/br\\\/#\\\/schema\\\/person\\\/a561f2de7e5ccabfab38d239b39fdb70\",\"name\":\"LatAm Reports Redatores da Equipe\",\"image\":{\"@type\":\"ImageObject\",\"inLanguage\":\"en-US\",\"@id\":\"https:\\\/\\\/secure.gravatar.com\\\/avatar\\\/dcdcc93cc5edddd2f3ef77245866172c7d7241a11ad58e1959aa824f2fae81f6?s=96&d=mm&r=g\",\"url\":\"https:\\\/\\\/secure.gravatar.com\\\/avatar\\\/dcdcc93cc5edddd2f3ef77245866172c7d7241a11ad58e1959aa824f2fae81f6?s=96&d=mm&r=g\",\"contentUrl\":\"https:\\\/\\\/secure.gravatar.com\\\/avatar\\\/dcdcc93cc5edddd2f3ef77245866172c7d7241a11ad58e1959aa824f2fae81f6?s=96&d=mm&r=g\",\"caption\":\"LatAm Reports Redatores da Equipe\"}}]}<\/script>\n<!-- \/ Yoast SEO plugin. -->","yoast_head_json":{"title":"Pol\u00edcia do Rio de Janeiro demole 'resort do tr\u00e1fico' em opera\u00e7\u00e3o","description":"A Pol\u00edcia Civil do Rio de Janeiro demoliu nesta ter\u00e7a-feira, 11, um complexo de luxo apelidado de \"resort do tr\u00e1fico\", supostamente...","robots":{"index":"index","follow":"follow","max-snippet":"max-snippet:-1","max-image-preview":"max-image-preview:large","max-video-preview":"max-video-preview:-1"},"canonical":"https:\/\/latamreports.com\/br\/policia-do-rio-de-janeiro-demole-resort-do-trafico-em-operacao-na-favela\/","og_locale":"en_US","og_type":"article","og_title":"Pol\u00edcia do Rio de Janeiro demole 'resort do tr\u00e1fico' em opera\u00e7\u00e3o","og_description":"A Pol\u00edcia Civil do Rio de Janeiro demoliu nesta ter\u00e7a-feira, 11, um complexo de luxo apelidado de \"resort do tr\u00e1fico\", supostamente...","og_url":"https:\/\/latamreports.com\/br\/policia-do-rio-de-janeiro-demole-resort-do-trafico-em-operacao-na-favela\/","og_site_name":"LatAm Reports","article_publisher":"https:\/\/facebook.com\/latamreports","article_published_time":"2025-03-12T18:57:28+00:00","article_modified_time":"2025-03-12T18:57:39+00:00","og_image":[{"width":1200,"height":630,"url":"https:\/\/latamreports.com\/br\/wp-content\/uploads\/design-2025-03-12T145340.665.png","type":"image\/png"}],"author":"LatAm Reports Redatores da Equipe","twitter_card":"summary_large_image","twitter_creator":"@latamreports","twitter_site":"@latamreports","twitter_misc":{"Written by":"LatAm Reports Redatores da Equipe","Est. reading time":"2 minutes"},"schema":{"@context":"https:\/\/schema.org","@graph":[{"@type":"Article","@id":"https:\/\/latamreports.com\/br\/policia-do-rio-de-janeiro-demole-resort-do-trafico-em-operacao-na-favela\/#article","isPartOf":{"@id":"https:\/\/latamreports.com\/br\/policia-do-rio-de-janeiro-demole-resort-do-trafico-em-operacao-na-favela\/"},"author":{"name":"LatAm Reports Redatores da Equipe","@id":"https:\/\/latamreports.com\/br\/#\/schema\/person\/a561f2de7e5ccabfab38d239b39fdb70"},"headline":"Pol\u00edcia do Rio de Janeiro demole &#8216;resort do tr\u00e1fico&#8217; em opera\u00e7\u00e3o na favela","datePublished":"2025-03-12T18:57:28+00:00","dateModified":"2025-03-12T18:57:39+00:00","mainEntityOfPage":{"@id":"https:\/\/latamreports.com\/br\/policia-do-rio-de-janeiro-demole-resort-do-trafico-em-operacao-na-favela\/"},"wordCount":312,"publisher":{"@id":"https:\/\/latamreports.com\/br\/#organization"},"image":{"@id":"https:\/\/latamreports.com\/br\/policia-do-rio-de-janeiro-demole-resort-do-trafico-em-operacao-na-favela\/#primaryimage"},"thumbnailUrl":"https:\/\/latamreports.com\/br\/wp-content\/uploads\/design-2025-03-12T145340.665.png","keywords":["Brasil"],"articleSection":["Neg\u00f3cios"],"inLanguage":"en-US"},{"@type":"WebPage","@id":"https:\/\/latamreports.com\/br\/policia-do-rio-de-janeiro-demole-resort-do-trafico-em-operacao-na-favela\/","url":"https:\/\/latamreports.com\/br\/policia-do-rio-de-janeiro-demole-resort-do-trafico-em-operacao-na-favela\/","name":"Pol\u00edcia do Rio de Janeiro demole 'resort do tr\u00e1fico' em opera\u00e7\u00e3o","isPartOf":{"@id":"https:\/\/latamreports.com\/br\/#website"},"primaryImageOfPage":{"@id":"https:\/\/latamreports.com\/br\/policia-do-rio-de-janeiro-demole-resort-do-trafico-em-operacao-na-favela\/#primaryimage"},"image":{"@id":"https:\/\/latamreports.com\/br\/policia-do-rio-de-janeiro-demole-resort-do-trafico-em-operacao-na-favela\/#primaryimage"},"thumbnailUrl":"https:\/\/latamreports.com\/br\/wp-content\/uploads\/design-2025-03-12T145340.665.png","datePublished":"2025-03-12T18:57:28+00:00","dateModified":"2025-03-12T18:57:39+00:00","description":"A Pol\u00edcia Civil do Rio de Janeiro demoliu nesta ter\u00e7a-feira, 11, um complexo de luxo apelidado de \"resort do tr\u00e1fico\", supostamente...","breadcrumb":{"@id":"https:\/\/latamreports.com\/br\/policia-do-rio-de-janeiro-demole-resort-do-trafico-em-operacao-na-favela\/#breadcrumb"},"inLanguage":"en-US","potentialAction":[{"@type":"ReadAction","target":["https:\/\/latamreports.com\/br\/policia-do-rio-de-janeiro-demole-resort-do-trafico-em-operacao-na-favela\/"]}]},{"@type":"ImageObject","inLanguage":"en-US","@id":"https:\/\/latamreports.com\/br\/policia-do-rio-de-janeiro-demole-resort-do-trafico-em-operacao-na-favela\/#primaryimage","url":"https:\/\/latamreports.com\/br\/wp-content\/uploads\/design-2025-03-12T145340.665.png","contentUrl":"https:\/\/latamreports.com\/br\/wp-content\/uploads\/design-2025-03-12T145340.665.png","width":1200,"height":630,"caption":"Pol\u00edcia do Rio de Janeiro demole 'resort do tr\u00e1fico' em opera\u00e7\u00e3o"},{"@type":"BreadcrumbList","@id":"https:\/\/latamreports.com\/br\/policia-do-rio-de-janeiro-demole-resort-do-trafico-em-operacao-na-favela\/#breadcrumb","itemListElement":[{"@type":"ListItem","position":1,"name":"Home","item":"https:\/\/latamreports.com\/br\/"},{"@type":"ListItem","position":2,"name":"Pol\u00edcia do Rio de Janeiro demole &#8216;resort do tr\u00e1fico&#8217; em opera\u00e7\u00e3o na favela"}]},{"@type":"WebSite","@id":"https:\/\/latamreports.com\/br\/#website","url":"https:\/\/latamreports.com\/br\/","name":"LatAm Reports","description":"Not\u00edcias e opini\u00f5es de todas as Am\u00e9ricas","publisher":{"@id":"https:\/\/latamreports.com\/br\/#organization"},"potentialAction":[{"@type":"SearchAction","target":{"@type":"EntryPoint","urlTemplate":"https:\/\/latamreports.com\/br\/?s={search_term_string}"},"query-input":{"@type":"PropertyValueSpecification","valueRequired":true,"valueName":"search_term_string"}}],"inLanguage":"en-US"},{"@type":"Organization","@id":"https:\/\/latamreports.com\/br\/#organization","name":"LatAm Reports","url":"https:\/\/latamreports.com\/br\/","logo":{"@type":"ImageObject","inLanguage":"en-US","@id":"https:\/\/latamreports.com\/br\/#\/schema\/logo\/image\/","url":"https:\/\/latamreports.com\/br\/wp-content\/uploads\/cropped-PNG2.png","contentUrl":"https:\/\/latamreports.com\/br\/wp-content\/uploads\/cropped-PNG2.png","width":2522,"height":1014,"caption":"LatAm Reports"},"image":{"@id":"https:\/\/latamreports.com\/br\/#\/schema\/logo\/image\/"},"sameAs":["https:\/\/facebook.com\/latamreports","https:\/\/x.com\/latamreports"]},{"@type":"Person","@id":"https:\/\/latamreports.com\/br\/#\/schema\/person\/a561f2de7e5ccabfab38d239b39fdb70","name":"LatAm Reports Redatores da Equipe","image":{"@type":"ImageObject","inLanguage":"en-US","@id":"https:\/\/secure.gravatar.com\/avatar\/dcdcc93cc5edddd2f3ef77245866172c7d7241a11ad58e1959aa824f2fae81f6?s=96&d=mm&r=g","url":"https:\/\/secure.gravatar.com\/avatar\/dcdcc93cc5edddd2f3ef77245866172c7d7241a11ad58e1959aa824f2fae81f6?s=96&d=mm&r=g","contentUrl":"https:\/\/secure.gravatar.com\/avatar\/dcdcc93cc5edddd2f3ef77245866172c7d7241a11ad58e1959aa824f2fae81f6?s=96&d=mm&r=g","caption":"LatAm Reports Redatores da Equipe"}}]}},"jetpack_publicize_connections":[],"_links":{"self":[{"href":"https:\/\/latamreports.com\/br\/wp-json\/wp\/v2\/posts\/11099","targetHints":{"allow":["GET"]}}],"collection":[{"href":"https:\/\/latamreports.com\/br\/wp-json\/wp\/v2\/posts"}],"about":[{"href":"https:\/\/latamreports.com\/br\/wp-json\/wp\/v2\/types\/post"}],"author":[{"embeddable":true,"href":"https:\/\/latamreports.com\/br\/wp-json\/wp\/v2\/users\/7"}],"replies":[{"embeddable":true,"href":"https:\/\/latamreports.com\/br\/wp-json\/wp\/v2\/comments?post=11099"}],"version-history":[{"count":2,"href":"https:\/\/latamreports.com\/br\/wp-json\/wp\/v2\/posts\/11099\/revisions"}],"predecessor-version":[{"id":11102,"href":"https:\/\/latamreports.com\/br\/wp-json\/wp\/v2\/posts\/11099\/revisions\/11102"}],"wp:featuredmedia":[{"embeddable":true,"href":"https:\/\/latamreports.com\/br\/wp-json\/wp\/v2\/media\/11100"}],"wp:attachment":[{"href":"https:\/\/latamreports.com\/br\/wp-json\/wp\/v2\/media?parent=11099"}],"wp:term":[{"taxonomy":"category","embeddable":true,"href":"https:\/\/latamreports.com\/br\/wp-json\/wp\/v2\/categories?post=11099"},{"taxonomy":"post_tag","embeddable":true,"href":"https:\/\/latamreports.com\/br\/wp-json\/wp\/v2\/tags?post=11099"}],"curies":[{"name":"wp","href":"https:\/\/api.w.org\/{rel}","templated":true}]}}