{"id":10789,"date":"2025-02-20T18:54:40","date_gmt":"2025-02-20T18:54:40","guid":{"rendered":"https:\/\/latamreports.com\/br\/?p=10789"},"modified":"2025-02-20T18:54:42","modified_gmt":"2025-02-20T18:54:42","slug":"lula-diz-que-bolsonaro-deveria-estar-provando-inocencia-e-nao-pedindo-anistia","status":"publish","type":"post","link":"https:\/\/latamreports.com\/br\/lula-diz-que-bolsonaro-deveria-estar-provando-inocencia-e-nao-pedindo-anistia\/","title":{"rendered":"Lula diz que Bolsonaro deveria estar provando inoc\u00eancia, e n\u00e3o pedindo anistia"},"content":{"rendered":"\n<p>O presidente<a href=\"https:\/\/latamreports.com\/br\/ministros-relatam-desgaste-de-medidas-economicas-em-reuniao-com-lula\/\"> Luiz In\u00e1cio Lula da Silva<\/a> declarou nesta quinta-feira (20) que considera um reconhecimento de culpa o fato de Jair Bolsonaro estar pedindo anistia para os envolvidos na suposta trama golpista denunciada pela Procuradoria-Geral da Rep\u00fablica (PGR).<\/p>\n\n\n\n<blockquote class=\"wp-block-quote is-layout-flow wp-block-quote-is-layout-flow\">\n<p>&#8220;As pessoas que ficam querendo antecipar uma discuss\u00e3o sobre anistia est\u00e3o acusando. Quando o ex-presidente fica pedindo anistia, est\u00e1 provando que \u00e9 culpado, que cometeu crime. Ele deveria estar falando &#8216;vou provar minha inoc\u00eancia'&#8221;, afirmou Lula em entrevista \u00e0 R\u00e1dio Tupi, do Rio de Janeiro.<\/p>\n<\/blockquote>\n\n\n\n<p>O presidente ainda ironizou a postura de Bolsonaro, afirmando que, em vez de alegar inoc\u00eancia, ele estaria admitindo indiretamente os crimes pelos quais foi denunciado.<\/p>\n\n\n\n<h3 class=\"wp-block-heading\">Acusa\u00e7\u00f5es contra Bolsonaro<\/h3>\n\n\n\n<blockquote class=\"wp-block-quote is-layout-flow wp-block-quote-is-layout-flow\">\n<p>&#8220;Ele [Bolsonaro] deveria estar dizendo &#8216;sou inocente, vou provar minha inoc\u00eancia&#8217;. Mas est\u00e1 pedindo anistia. Ou seja, ele est\u00e1 dizendo: &#8216;Gente, eu sou culpado. Tentei bolar um plano para matar o Lula, o Alckmin, o Alexandre de Moraes, n\u00e3o deu certo porque tive uma diarreia, fiquei com medo, tive que voar para os Estados Unidos'&#8221;, declarou Lula.<\/p>\n<\/blockquote>\n\n\n\n<p>O <a href=\"https:\/\/latamreports.com\/br\/lula-se-reunira-com-ibama-para-discutir-pedido-da-petrobras-para-perfuracao-proxima-a-foz-do-rio-amazonas\/\">presidente <\/a>tamb\u00e9m afirmou que o processo judicial em andamento mostrar\u00e1 que a Justi\u00e7a &#8220;\u00e9 para todos&#8221;.<\/p>\n\n\n\n<p>Ele refor\u00e7ou que os acusados ter\u00e3o direito \u00e0 ampla defesa, algo que sempre defendeu, inclusive quando esteve preso na opera\u00e7\u00e3o Lava Jato, em 2018.<\/p>\n\n\n\n<p>Na ter\u00e7a-feira (18), a PGR apresentou uma den\u00fancia contra Bolsonaro e mais 33 pessoas, acusando-os de planejar um golpe entre 2021 e janeiro de 2023 para evitar a posse de Lula e impedir a transi\u00e7\u00e3o de governo.<\/p>\n\n\n\n<p>Parte da acusa\u00e7\u00e3o tem como base a dela\u00e7\u00e3o do ex-ajudante de ordens de Bolsonaro, Mauro Cid. O ministro do Supremo Tribunal Federal (STF) Alexandre de Moraes retirou o sigilo da dela\u00e7\u00e3o nesta quarta-feira (19), permitindo o acesso ao conte\u00fado dos depoimentos.<\/p>\n\n\n\n<h2 class=\"wp-block-heading\">Mudan\u00e7a de tom de Lula<\/h2>\n\n\n\n<p>Na quarta-feira (19), durante entrevista coletiva no Pal\u00e1cio do Planalto, Lula adotou um tom mais moderado ao comentar a den\u00fancia apresentada pela PGR.<\/p>\n\n\n\n<blockquote class=\"wp-block-quote is-layout-flow wp-block-quote-is-layout-flow\">\n<p>&#8220;Eu n\u00e3o vou comentar um processo que est\u00e1 na Justi\u00e7a. O que eu posso dizer \u00e9 que, nesse pa\u00eds, no tempo em que eu governo o Brasil, todas as pessoas t\u00eam direito \u00e0 presun\u00e7\u00e3o de inoc\u00eancia. Se provarem que n\u00e3o tentaram dar golpe e que n\u00e3o tentaram matar o presidente, o vice e o presidente do Tribunal Superior Eleitoral, ficar\u00e3o livres e ser\u00e3o cidad\u00e3os que poder\u00e3o transitar pelo Brasil inteiro&#8221;, declarou.<\/p>\n<\/blockquote>\n\n\n\n<p>O presidente tamb\u00e9m ressaltou que, caso sejam considerados culpados, os acusados dever\u00e3o arcar com as consequ\u00eancias jur\u00eddicas.<\/p>\n\n\n\n<blockquote class=\"wp-block-quote is-layout-flow wp-block-quote-is-layout-flow\">\n<p>&#8220;Se na hora que os ju\u00edzes forem julgar, chegarem \u00e0 conclus\u00e3o que s\u00e3o culpados, eles ter\u00e3o que pagar pelo erro que cometeram. O processo vai para a Suprema Corte, e eles ter\u00e3o todo o direito de se defender. N\u00e3o posso comentar mais nada do que isso&#8221;, afirmou Lula.<\/p>\n<\/blockquote>\n","protected":false},"excerpt":{"rendered":"<p>O presidente Luiz In\u00e1cio Lula da Silva declarou nesta quinta-feira (20) que considera um reconhecimento de culpa o fato de Jair Bolsonaro estar pedindo anistia &#8230; <a title=\"Lula diz que Bolsonaro deveria estar provando inoc\u00eancia, e n\u00e3o pedindo anistia\" class=\"read-more\" href=\"https:\/\/latamreports.com\/br\/lula-diz-que-bolsonaro-deveria-estar-provando-inocencia-e-nao-pedindo-anistia\/\" aria-label=\"Read more about Lula diz que Bolsonaro deveria estar provando inoc\u00eancia, e n\u00e3o pedindo anistia\">Read more<\/a><\/p>\n","protected":false},"author":7,"featured_media":10790,"comment_status":"closed","ping_status":"closed","sticky":false,"template":"","format":"standard","meta":{"footnotes":"","jetpack_publicize_message":"","jetpack_publicize_feature_enabled":true,"jetpack_social_post_already_shared":true,"jetpack_social_options":{"image_generator_settings":{"template":"highway","default_image_id":0,"font":"","enabled":false},"version":2}},"categories":[24,13],"tags":[31],"class_list":["post-10789","post","type-post","status-publish","format-standard","has-post-thumbnail","hentry","category-opiniao","category-politica","tag-brasil","resize-featured-image"],"yoast_head":"<!-- This site is optimized with the Yoast SEO plugin v27.4 - https:\/\/yoast.com\/product\/yoast-seo-wordpress\/ -->\n<title>Lula diz que Bolsonaro deveria estar provando inoc\u00eancia<\/title>\n<meta name=\"description\" content=\"O presidente Luiz In\u00e1cio Lula da Silva declarou nesta quinta-feira (20) que considera um reconhecimento de culpa o fato de Jair Bolsonaro\" \/>\n<meta name=\"robots\" content=\"index, follow, max-snippet:-1, max-image-preview:large, max-video-preview:-1\" \/>\n<link rel=\"canonical\" href=\"https:\/\/latamreports.com\/br\/lula-diz-que-bolsonaro-deveria-estar-provando-inocencia-e-nao-pedindo-anistia\/\" \/>\n<meta property=\"og:locale\" content=\"en_US\" \/>\n<meta property=\"og:type\" content=\"article\" \/>\n<meta property=\"og:title\" content=\"Lula diz que Bolsonaro deveria estar provando inoc\u00eancia\" \/>\n<meta property=\"og:description\" content=\"O presidente Luiz In\u00e1cio Lula da Silva declarou nesta quinta-feira (20) que considera um reconhecimento de culpa o fato de Jair Bolsonaro\" \/>\n<meta property=\"og:url\" content=\"https:\/\/latamreports.com\/br\/lula-diz-que-bolsonaro-deveria-estar-provando-inocencia-e-nao-pedindo-anistia\/\" \/>\n<meta property=\"og:site_name\" content=\"LatAm Reports\" \/>\n<meta property=\"article:publisher\" content=\"https:\/\/facebook.com\/latamreports\" \/>\n<meta property=\"article:published_time\" content=\"2025-02-20T18:54:40+00:00\" \/>\n<meta property=\"article:modified_time\" content=\"2025-02-20T18:54:42+00:00\" \/>\n<meta property=\"og:image\" content=\"https:\/\/latamreports.com\/br\/wp-content\/uploads\/design-49.png\" \/>\n\t<meta property=\"og:image:width\" content=\"1200\" \/>\n\t<meta property=\"og:image:height\" content=\"630\" \/>\n\t<meta property=\"og:image:type\" content=\"image\/png\" \/>\n<meta name=\"author\" content=\"LatAm Reports Redatores da Equipe\" \/>\n<meta name=\"twitter:card\" content=\"summary_large_image\" \/>\n<meta name=\"twitter:creator\" content=\"@latamreports\" \/>\n<meta name=\"twitter:site\" content=\"@latamreports\" \/>\n<meta name=\"twitter:label1\" content=\"Written by\" \/>\n\t<meta name=\"twitter:data1\" content=\"LatAm Reports Redatores da Equipe\" \/>\n\t<meta name=\"twitter:label2\" content=\"Est. reading time\" \/>\n\t<meta name=\"twitter:data2\" content=\"2 minutes\" \/>\n<script type=\"application\/ld+json\" class=\"yoast-schema-graph\">{\"@context\":\"https:\\\/\\\/schema.org\",\"@graph\":[{\"@type\":\"Article\",\"@id\":\"https:\\\/\\\/latamreports.com\\\/br\\\/lula-diz-que-bolsonaro-deveria-estar-provando-inocencia-e-nao-pedindo-anistia\\\/#article\",\"isPartOf\":{\"@id\":\"https:\\\/\\\/latamreports.com\\\/br\\\/lula-diz-que-bolsonaro-deveria-estar-provando-inocencia-e-nao-pedindo-anistia\\\/\"},\"author\":{\"name\":\"LatAm Reports Redatores da Equipe\",\"@id\":\"https:\\\/\\\/latamreports.com\\\/br\\\/#\\\/schema\\\/person\\\/a561f2de7e5ccabfab38d239b39fdb70\"},\"headline\":\"Lula diz que Bolsonaro deveria estar provando inoc\u00eancia, e n\u00e3o pedindo anistia\",\"datePublished\":\"2025-02-20T18:54:40+00:00\",\"dateModified\":\"2025-02-20T18:54:42+00:00\",\"mainEntityOfPage\":{\"@id\":\"https:\\\/\\\/latamreports.com\\\/br\\\/lula-diz-que-bolsonaro-deveria-estar-provando-inocencia-e-nao-pedindo-anistia\\\/\"},\"wordCount\":497,\"publisher\":{\"@id\":\"https:\\\/\\\/latamreports.com\\\/br\\\/#organization\"},\"image\":{\"@id\":\"https:\\\/\\\/latamreports.com\\\/br\\\/lula-diz-que-bolsonaro-deveria-estar-provando-inocencia-e-nao-pedindo-anistia\\\/#primaryimage\"},\"thumbnailUrl\":\"https:\\\/\\\/latamreports.com\\\/br\\\/wp-content\\\/uploads\\\/design-49.png\",\"keywords\":[\"Brasil\"],\"articleSection\":[\"Opini\u00e3o\",\"Pol\u00edtica\"],\"inLanguage\":\"en-US\"},{\"@type\":\"WebPage\",\"@id\":\"https:\\\/\\\/latamreports.com\\\/br\\\/lula-diz-que-bolsonaro-deveria-estar-provando-inocencia-e-nao-pedindo-anistia\\\/\",\"url\":\"https:\\\/\\\/latamreports.com\\\/br\\\/lula-diz-que-bolsonaro-deveria-estar-provando-inocencia-e-nao-pedindo-anistia\\\/\",\"name\":\"Lula diz que Bolsonaro deveria estar provando inoc\u00eancia\",\"isPartOf\":{\"@id\":\"https:\\\/\\\/latamreports.com\\\/br\\\/#website\"},\"primaryImageOfPage\":{\"@id\":\"https:\\\/\\\/latamreports.com\\\/br\\\/lula-diz-que-bolsonaro-deveria-estar-provando-inocencia-e-nao-pedindo-anistia\\\/#primaryimage\"},\"image\":{\"@id\":\"https:\\\/\\\/latamreports.com\\\/br\\\/lula-diz-que-bolsonaro-deveria-estar-provando-inocencia-e-nao-pedindo-anistia\\\/#primaryimage\"},\"thumbnailUrl\":\"https:\\\/\\\/latamreports.com\\\/br\\\/wp-content\\\/uploads\\\/design-49.png\",\"datePublished\":\"2025-02-20T18:54:40+00:00\",\"dateModified\":\"2025-02-20T18:54:42+00:00\",\"description\":\"O presidente Luiz In\u00e1cio Lula da Silva declarou nesta quinta-feira (20) que considera um reconhecimento de culpa o fato de Jair Bolsonaro\",\"breadcrumb\":{\"@id\":\"https:\\\/\\\/latamreports.com\\\/br\\\/lula-diz-que-bolsonaro-deveria-estar-provando-inocencia-e-nao-pedindo-anistia\\\/#breadcrumb\"},\"inLanguage\":\"en-US\",\"potentialAction\":[{\"@type\":\"ReadAction\",\"target\":[\"https:\\\/\\\/latamreports.com\\\/br\\\/lula-diz-que-bolsonaro-deveria-estar-provando-inocencia-e-nao-pedindo-anistia\\\/\"]}]},{\"@type\":\"ImageObject\",\"inLanguage\":\"en-US\",\"@id\":\"https:\\\/\\\/latamreports.com\\\/br\\\/lula-diz-que-bolsonaro-deveria-estar-provando-inocencia-e-nao-pedindo-anistia\\\/#primaryimage\",\"url\":\"https:\\\/\\\/latamreports.com\\\/br\\\/wp-content\\\/uploads\\\/design-49.png\",\"contentUrl\":\"https:\\\/\\\/latamreports.com\\\/br\\\/wp-content\\\/uploads\\\/design-49.png\",\"width\":1200,\"height\":630,\"caption\":\"Lula diz que Bolsonaro deveria estar provando inoc\u00eancia, e n\u00e3o pedindo anistia\"},{\"@type\":\"BreadcrumbList\",\"@id\":\"https:\\\/\\\/latamreports.com\\\/br\\\/lula-diz-que-bolsonaro-deveria-estar-provando-inocencia-e-nao-pedindo-anistia\\\/#breadcrumb\",\"itemListElement\":[{\"@type\":\"ListItem\",\"position\":1,\"name\":\"Home\",\"item\":\"https:\\\/\\\/latamreports.com\\\/br\\\/\"},{\"@type\":\"ListItem\",\"position\":2,\"name\":\"Lula diz que Bolsonaro deveria estar provando inoc\u00eancia, e n\u00e3o pedindo anistia\"}]},{\"@type\":\"WebSite\",\"@id\":\"https:\\\/\\\/latamreports.com\\\/br\\\/#website\",\"url\":\"https:\\\/\\\/latamreports.com\\\/br\\\/\",\"name\":\"LatAm Reports\",\"description\":\"Not\u00edcias e opini\u00f5es de todas as Am\u00e9ricas\",\"publisher\":{\"@id\":\"https:\\\/\\\/latamreports.com\\\/br\\\/#organization\"},\"potentialAction\":[{\"@type\":\"SearchAction\",\"target\":{\"@type\":\"EntryPoint\",\"urlTemplate\":\"https:\\\/\\\/latamreports.com\\\/br\\\/?s={search_term_string}\"},\"query-input\":{\"@type\":\"PropertyValueSpecification\",\"valueRequired\":true,\"valueName\":\"search_term_string\"}}],\"inLanguage\":\"en-US\"},{\"@type\":\"Organization\",\"@id\":\"https:\\\/\\\/latamreports.com\\\/br\\\/#organization\",\"name\":\"LatAm Reports\",\"url\":\"https:\\\/\\\/latamreports.com\\\/br\\\/\",\"logo\":{\"@type\":\"ImageObject\",\"inLanguage\":\"en-US\",\"@id\":\"https:\\\/\\\/latamreports.com\\\/br\\\/#\\\/schema\\\/logo\\\/image\\\/\",\"url\":\"https:\\\/\\\/latamreports.com\\\/br\\\/wp-content\\\/uploads\\\/cropped-PNG2.png\",\"contentUrl\":\"https:\\\/\\\/latamreports.com\\\/br\\\/wp-content\\\/uploads\\\/cropped-PNG2.png\",\"width\":2522,\"height\":1014,\"caption\":\"LatAm Reports\"},\"image\":{\"@id\":\"https:\\\/\\\/latamreports.com\\\/br\\\/#\\\/schema\\\/logo\\\/image\\\/\"},\"sameAs\":[\"https:\\\/\\\/facebook.com\\\/latamreports\",\"https:\\\/\\\/x.com\\\/latamreports\"]},{\"@type\":\"Person\",\"@id\":\"https:\\\/\\\/latamreports.com\\\/br\\\/#\\\/schema\\\/person\\\/a561f2de7e5ccabfab38d239b39fdb70\",\"name\":\"LatAm Reports Redatores da Equipe\",\"image\":{\"@type\":\"ImageObject\",\"inLanguage\":\"en-US\",\"@id\":\"https:\\\/\\\/secure.gravatar.com\\\/avatar\\\/dcdcc93cc5edddd2f3ef77245866172c7d7241a11ad58e1959aa824f2fae81f6?s=96&d=mm&r=g\",\"url\":\"https:\\\/\\\/secure.gravatar.com\\\/avatar\\\/dcdcc93cc5edddd2f3ef77245866172c7d7241a11ad58e1959aa824f2fae81f6?s=96&d=mm&r=g\",\"contentUrl\":\"https:\\\/\\\/secure.gravatar.com\\\/avatar\\\/dcdcc93cc5edddd2f3ef77245866172c7d7241a11ad58e1959aa824f2fae81f6?s=96&d=mm&r=g\",\"caption\":\"LatAm Reports Redatores da Equipe\"}}]}<\/script>\n<!-- \/ Yoast SEO plugin. -->","yoast_head_json":{"title":"Lula diz que Bolsonaro deveria estar provando inoc\u00eancia","description":"O presidente Luiz In\u00e1cio Lula da Silva declarou nesta quinta-feira (20) que considera um reconhecimento de culpa o fato de Jair Bolsonaro","robots":{"index":"index","follow":"follow","max-snippet":"max-snippet:-1","max-image-preview":"max-image-preview:large","max-video-preview":"max-video-preview:-1"},"canonical":"https:\/\/latamreports.com\/br\/lula-diz-que-bolsonaro-deveria-estar-provando-inocencia-e-nao-pedindo-anistia\/","og_locale":"en_US","og_type":"article","og_title":"Lula diz que Bolsonaro deveria estar provando inoc\u00eancia","og_description":"O presidente Luiz In\u00e1cio Lula da Silva declarou nesta quinta-feira (20) que considera um reconhecimento de culpa o fato de Jair Bolsonaro","og_url":"https:\/\/latamreports.com\/br\/lula-diz-que-bolsonaro-deveria-estar-provando-inocencia-e-nao-pedindo-anistia\/","og_site_name":"LatAm Reports","article_publisher":"https:\/\/facebook.com\/latamreports","article_published_time":"2025-02-20T18:54:40+00:00","article_modified_time":"2025-02-20T18:54:42+00:00","og_image":[{"width":1200,"height":630,"url":"https:\/\/latamreports.com\/br\/wp-content\/uploads\/design-49.png","type":"image\/png"}],"author":"LatAm Reports Redatores da Equipe","twitter_card":"summary_large_image","twitter_creator":"@latamreports","twitter_site":"@latamreports","twitter_misc":{"Written by":"LatAm Reports Redatores da Equipe","Est. reading time":"2 minutes"},"schema":{"@context":"https:\/\/schema.org","@graph":[{"@type":"Article","@id":"https:\/\/latamreports.com\/br\/lula-diz-que-bolsonaro-deveria-estar-provando-inocencia-e-nao-pedindo-anistia\/#article","isPartOf":{"@id":"https:\/\/latamreports.com\/br\/lula-diz-que-bolsonaro-deveria-estar-provando-inocencia-e-nao-pedindo-anistia\/"},"author":{"name":"LatAm Reports Redatores da Equipe","@id":"https:\/\/latamreports.com\/br\/#\/schema\/person\/a561f2de7e5ccabfab38d239b39fdb70"},"headline":"Lula diz que Bolsonaro deveria estar provando inoc\u00eancia, e n\u00e3o pedindo anistia","datePublished":"2025-02-20T18:54:40+00:00","dateModified":"2025-02-20T18:54:42+00:00","mainEntityOfPage":{"@id":"https:\/\/latamreports.com\/br\/lula-diz-que-bolsonaro-deveria-estar-provando-inocencia-e-nao-pedindo-anistia\/"},"wordCount":497,"publisher":{"@id":"https:\/\/latamreports.com\/br\/#organization"},"image":{"@id":"https:\/\/latamreports.com\/br\/lula-diz-que-bolsonaro-deveria-estar-provando-inocencia-e-nao-pedindo-anistia\/#primaryimage"},"thumbnailUrl":"https:\/\/latamreports.com\/br\/wp-content\/uploads\/design-49.png","keywords":["Brasil"],"articleSection":["Opini\u00e3o","Pol\u00edtica"],"inLanguage":"en-US"},{"@type":"WebPage","@id":"https:\/\/latamreports.com\/br\/lula-diz-que-bolsonaro-deveria-estar-provando-inocencia-e-nao-pedindo-anistia\/","url":"https:\/\/latamreports.com\/br\/lula-diz-que-bolsonaro-deveria-estar-provando-inocencia-e-nao-pedindo-anistia\/","name":"Lula diz que Bolsonaro deveria estar provando inoc\u00eancia","isPartOf":{"@id":"https:\/\/latamreports.com\/br\/#website"},"primaryImageOfPage":{"@id":"https:\/\/latamreports.com\/br\/lula-diz-que-bolsonaro-deveria-estar-provando-inocencia-e-nao-pedindo-anistia\/#primaryimage"},"image":{"@id":"https:\/\/latamreports.com\/br\/lula-diz-que-bolsonaro-deveria-estar-provando-inocencia-e-nao-pedindo-anistia\/#primaryimage"},"thumbnailUrl":"https:\/\/latamreports.com\/br\/wp-content\/uploads\/design-49.png","datePublished":"2025-02-20T18:54:40+00:00","dateModified":"2025-02-20T18:54:42+00:00","description":"O presidente Luiz In\u00e1cio Lula da Silva declarou nesta quinta-feira (20) que considera um reconhecimento de culpa o fato de Jair Bolsonaro","breadcrumb":{"@id":"https:\/\/latamreports.com\/br\/lula-diz-que-bolsonaro-deveria-estar-provando-inocencia-e-nao-pedindo-anistia\/#breadcrumb"},"inLanguage":"en-US","potentialAction":[{"@type":"ReadAction","target":["https:\/\/latamreports.com\/br\/lula-diz-que-bolsonaro-deveria-estar-provando-inocencia-e-nao-pedindo-anistia\/"]}]},{"@type":"ImageObject","inLanguage":"en-US","@id":"https:\/\/latamreports.com\/br\/lula-diz-que-bolsonaro-deveria-estar-provando-inocencia-e-nao-pedindo-anistia\/#primaryimage","url":"https:\/\/latamreports.com\/br\/wp-content\/uploads\/design-49.png","contentUrl":"https:\/\/latamreports.com\/br\/wp-content\/uploads\/design-49.png","width":1200,"height":630,"caption":"Lula diz que Bolsonaro deveria estar provando inoc\u00eancia, e n\u00e3o pedindo anistia"},{"@type":"BreadcrumbList","@id":"https:\/\/latamreports.com\/br\/lula-diz-que-bolsonaro-deveria-estar-provando-inocencia-e-nao-pedindo-anistia\/#breadcrumb","itemListElement":[{"@type":"ListItem","position":1,"name":"Home","item":"https:\/\/latamreports.com\/br\/"},{"@type":"ListItem","position":2,"name":"Lula diz que Bolsonaro deveria estar provando inoc\u00eancia, e n\u00e3o pedindo anistia"}]},{"@type":"WebSite","@id":"https:\/\/latamreports.com\/br\/#website","url":"https:\/\/latamreports.com\/br\/","name":"LatAm Reports","description":"Not\u00edcias e opini\u00f5es de todas as Am\u00e9ricas","publisher":{"@id":"https:\/\/latamreports.com\/br\/#organization"},"potentialAction":[{"@type":"SearchAction","target":{"@type":"EntryPoint","urlTemplate":"https:\/\/latamreports.com\/br\/?s={search_term_string}"},"query-input":{"@type":"PropertyValueSpecification","valueRequired":true,"valueName":"search_term_string"}}],"inLanguage":"en-US"},{"@type":"Organization","@id":"https:\/\/latamreports.com\/br\/#organization","name":"LatAm Reports","url":"https:\/\/latamreports.com\/br\/","logo":{"@type":"ImageObject","inLanguage":"en-US","@id":"https:\/\/latamreports.com\/br\/#\/schema\/logo\/image\/","url":"https:\/\/latamreports.com\/br\/wp-content\/uploads\/cropped-PNG2.png","contentUrl":"https:\/\/latamreports.com\/br\/wp-content\/uploads\/cropped-PNG2.png","width":2522,"height":1014,"caption":"LatAm Reports"},"image":{"@id":"https:\/\/latamreports.com\/br\/#\/schema\/logo\/image\/"},"sameAs":["https:\/\/facebook.com\/latamreports","https:\/\/x.com\/latamreports"]},{"@type":"Person","@id":"https:\/\/latamreports.com\/br\/#\/schema\/person\/a561f2de7e5ccabfab38d239b39fdb70","name":"LatAm Reports Redatores da Equipe","image":{"@type":"ImageObject","inLanguage":"en-US","@id":"https:\/\/secure.gravatar.com\/avatar\/dcdcc93cc5edddd2f3ef77245866172c7d7241a11ad58e1959aa824f2fae81f6?s=96&d=mm&r=g","url":"https:\/\/secure.gravatar.com\/avatar\/dcdcc93cc5edddd2f3ef77245866172c7d7241a11ad58e1959aa824f2fae81f6?s=96&d=mm&r=g","contentUrl":"https:\/\/secure.gravatar.com\/avatar\/dcdcc93cc5edddd2f3ef77245866172c7d7241a11ad58e1959aa824f2fae81f6?s=96&d=mm&r=g","caption":"LatAm Reports Redatores da Equipe"}}]}},"jetpack_publicize_connections":[],"_links":{"self":[{"href":"https:\/\/latamreports.com\/br\/wp-json\/wp\/v2\/posts\/10789","targetHints":{"allow":["GET"]}}],"collection":[{"href":"https:\/\/latamreports.com\/br\/wp-json\/wp\/v2\/posts"}],"about":[{"href":"https:\/\/latamreports.com\/br\/wp-json\/wp\/v2\/types\/post"}],"author":[{"embeddable":true,"href":"https:\/\/latamreports.com\/br\/wp-json\/wp\/v2\/users\/7"}],"replies":[{"embeddable":true,"href":"https:\/\/latamreports.com\/br\/wp-json\/wp\/v2\/comments?post=10789"}],"version-history":[{"count":1,"href":"https:\/\/latamreports.com\/br\/wp-json\/wp\/v2\/posts\/10789\/revisions"}],"predecessor-version":[{"id":10791,"href":"https:\/\/latamreports.com\/br\/wp-json\/wp\/v2\/posts\/10789\/revisions\/10791"}],"wp:featuredmedia":[{"embeddable":true,"href":"https:\/\/latamreports.com\/br\/wp-json\/wp\/v2\/media\/10790"}],"wp:attachment":[{"href":"https:\/\/latamreports.com\/br\/wp-json\/wp\/v2\/media?parent=10789"}],"wp:term":[{"taxonomy":"category","embeddable":true,"href":"https:\/\/latamreports.com\/br\/wp-json\/wp\/v2\/categories?post=10789"},{"taxonomy":"post_tag","embeddable":true,"href":"https:\/\/latamreports.com\/br\/wp-json\/wp\/v2\/tags?post=10789"}],"curies":[{"name":"wp","href":"https:\/\/api.w.org\/{rel}","templated":true}]}}