{"id":10786,"date":"2025-02-20T18:49:32","date_gmt":"2025-02-20T18:49:32","guid":{"rendered":"https:\/\/latamreports.com\/br\/?p=10786"},"modified":"2025-02-20T18:49:34","modified_gmt":"2025-02-20T18:49:34","slug":"alta-de-mais-de-40-por-que-o-preco-do-ovo-disparou-no-brasil-vai-baixar-depois-da-quaresma","status":"publish","type":"post","link":"https:\/\/latamreports.com\/br\/alta-de-mais-de-40-por-que-o-preco-do-ovo-disparou-no-brasil-vai-baixar-depois-da-quaresma\/","title":{"rendered":"Alta de mais de 40%: por que o pre\u00e7o do ovo disparou no Brasil? vai baixar depois da quaresma?"},"content":{"rendered":"\n<p>O pre\u00e7o do ovo disparou no atacado em <a href=\"https:\/\/latamreports.com\/br\/dolar-recua-para-r-568-apos-trump-indicar-possivel-novo-acordo-com-a\/\">fevereiro <\/a>em todas as regi\u00f5es produtoras acompanhadas pelo Centro de Estudos Avan\u00e7ados em Economia Aplicada (Cepea &#8211; Esalq\/USP).<\/p>\n\n\n\n<p>Em Santa Maria de Jetib\u00e1 (ES), um dos principais polos de produ\u00e7\u00e3o do pa\u00eds, o valor da caixa com 30 d\u00fazias de ovos vermelhos chegou a R$ 276,54 na quarta-feira (19). Isso representa um aumento nominal de 43% em rela\u00e7\u00e3o ao pre\u00e7o registrado no mesmo per\u00edodo do ano passado, quando era vendido a R$ 193,65.<\/p>\n\n\n\n<p>Nesta quinta-feira (20), o presidente Luiz In\u00e1cio Lula da Silva comentou sobre a alta nos pre\u00e7os durante uma entrevista sobre a infla\u00e7\u00e3o dos alimentos.<\/p>\n\n\n\n<blockquote class=\"wp-block-quote is-layout-flow wp-block-quote-is-layout-flow\">\n<p>&#8220;Eu sei que o ovo est\u00e1 caro. Quando me disseram que est\u00e1 R$ 40 a caixa com 30 ovos, \u00e9 um absurdo. Vamos ter que fazer reuni\u00e3o com atacadistas para discutir como \u00e9 que a gente pode trazer isso para baixo&#8221;, afirmou.<\/p>\n<\/blockquote>\n\n\n\n<p>Especialistas apontam que o aumento no custo dos insumos, o calor extremo, a proximidade da Quaresma e a valoriza\u00e7\u00e3o de outras prote\u00ednas animais impulsionaram essa alta.<\/p>\n\n\n\n<h2 class=\"wp-block-heading\">Quaresma, custo de produ\u00e7\u00e3o e clima<\/h2>\n\n\n\n<p>De acordo com a Associa\u00e7\u00e3o<a href=\"https:\/\/latamreports.com\/br\/farmacia-popular-amplia-medicamentos-gratuitos-e-inclui-novos-itens\/\"> <\/a>Brasileira de Prote\u00edna Animal (ABPA), \u00e9 comum que o pre\u00e7o do ovo aumente no per\u00edodo que antecede a P\u00e1scoa, j\u00e1 que muitos consumidores reduzem o consumo de carne vermelha e procuram alternativas como ovos e frango.<\/p>\n\n\n\n<p>Tabatha Lacerda, diretora administrativa do Instituto Ovos Brasil (IOB), explica que essa alta sazonal \u00e9 esperada, mas neste ano aconteceu de forma antecipada.<\/p>\n\n\n\n<blockquote class=\"wp-block-quote is-layout-flow wp-block-quote-is-layout-flow\">\n<p>&#8220;O efeito da Quaresma demora um pouco para aparecer, ent\u00e3o foi uma surpresa&#8221;, disse.<\/p>\n<\/blockquote>\n\n\n\n<p>Outro fator determinante para a disparada nos pre\u00e7os foi o custo da ra\u00e7\u00e3o das galinhas, que \u00e9 baseada principalmente em milho. Segundo Tabatha, o pre\u00e7o do milho j\u00e1 subiu cerca de 30% desde julho de 2024.<\/p>\n\n\n\n<p>Al\u00e9m disso, a ABPA destacou que o custo das embalagens aumentou mais de 100% nos \u00faltimos oito meses e que as temperaturas elevadas impactaram diretamente a produtividade das aves.<\/p>\n\n\n\n<h2 class=\"wp-block-heading\">O pre\u00e7o do ovo vai baixar depois da quaresma?<\/h2>\n\n\n\n<p>A ABPA acredita que os pre\u00e7os devem se normalizar ap\u00f3s a Quaresma, mas essa previs\u00e3o n\u00e3o \u00e9 consenso entre os especialistas.<\/p>\n\n\n\n<p>Fernando Henrique Iglesias, analista da Safras &amp; Mercado, alerta que a alta nos pre\u00e7os das carnes bovina, su\u00edna e de frango tem impulsionado a demanda por ovos. Se essas prote\u00ednas continuarem caras, o valor dos ovos pode permanecer elevado mesmo ap\u00f3s a P\u00e1scoa.<\/p>\n\n\n\n<blockquote class=\"wp-block-quote is-layout-flow wp-block-quote-is-layout-flow\">\n<p>&#8220;O que a gente precisa monitorar \u00e9 o comportamento do mercado em rela\u00e7\u00e3o \u00e0s prote\u00ednas concorrentes. Se os pre\u00e7os da carne bovina, de frango, seguirem em patamares muito proibitivos, mesmo depois da Quaresma, n\u00f3s ainda vamos perceber o mercado de ovos inflacionado&#8221;, afirmou.<\/p>\n<\/blockquote>\n\n\n\n<blockquote class=\"wp-block-quote is-layout-flow wp-block-quote-is-layout-flow\">\n<p>&#8220;Talvez o movimento de alta acabe perdendo intensidade, mas n\u00f3s n\u00e3o vamos ver quedas abruptas de pre\u00e7o at\u00e9 porque a tend\u00eancia deste ano \u00e9 de menor produ\u00e7\u00e3o de carne bovina&#8221;, acrescentou o analista.<\/p>\n<\/blockquote>\n\n\n\n<p>Al\u00e9m disso, o consumo de ovos tem aumentado nos \u00faltimos anos. Segundo dados do IOB, o consumo per capita no Brasil foi de 242 ovos por pessoa em 2023 e subiu para 269 unidades em 2024. A expectativa \u00e9 que esse n\u00famero chegue a 272 ovos por pessoa em 2025.<\/p>\n\n\n\n<blockquote class=\"wp-block-quote is-layout-flow wp-block-quote-is-layout-flow\">\n<p>&#8220;A popula\u00e7\u00e3o tem optado cada vez mais pelo ovo como uma prote\u00edna b\u00e1sica, antes ele era s\u00f3 um acompanhamento&#8221;, destacou Tabatha.<\/p>\n<\/blockquote>\n","protected":false},"excerpt":{"rendered":"<p>O pre\u00e7o do ovo disparou no atacado em fevereiro em todas as regi\u00f5es produtoras acompanhadas pelo Centro de Estudos Avan\u00e7ados em Economia Aplicada (Cepea &#8211; &#8230; <a title=\"Alta de mais de 40%: por que o pre\u00e7o do ovo disparou no Brasil? vai baixar depois da quaresma?\" class=\"read-more\" href=\"https:\/\/latamreports.com\/br\/alta-de-mais-de-40-por-que-o-preco-do-ovo-disparou-no-brasil-vai-baixar-depois-da-quaresma\/\" aria-label=\"Read more about Alta de mais de 40%: por que o pre\u00e7o do ovo disparou no Brasil? vai baixar depois da quaresma?\">Read more<\/a><\/p>\n","protected":false},"author":7,"featured_media":10787,"comment_status":"closed","ping_status":"closed","sticky":false,"template":"","format":"standard","meta":{"footnotes":"","jetpack_publicize_message":"","jetpack_publicize_feature_enabled":true,"jetpack_social_post_already_shared":true,"jetpack_social_options":{"image_generator_settings":{"template":"highway","default_image_id":0,"font":"","enabled":false},"version":2}},"categories":[2],"tags":[31],"class_list":["post-10786","post","type-post","status-publish","format-standard","has-post-thumbnail","hentry","category-negocios","tag-brasil","resize-featured-image"],"yoast_head":"<!-- This site is optimized with the Yoast SEO plugin v27.4 - https:\/\/yoast.com\/product\/yoast-seo-wordpress\/ -->\n<title>Alta de mais de 40%: por que o pre\u00e7o do ovo disparou no Brasil?<\/title>\n<meta name=\"description\" content=\"O pre\u00e7o do ovo disparou no atacado em fevereiro em todas as regi\u00f5es produtoras acompanhadas pelo Centro de Estudos\" \/>\n<meta name=\"robots\" content=\"index, follow, max-snippet:-1, max-image-preview:large, max-video-preview:-1\" \/>\n<link rel=\"canonical\" href=\"https:\/\/latamreports.com\/br\/alta-de-mais-de-40-por-que-o-preco-do-ovo-disparou-no-brasil-vai-baixar-depois-da-quaresma\/\" \/>\n<meta property=\"og:locale\" content=\"en_US\" \/>\n<meta property=\"og:type\" content=\"article\" \/>\n<meta property=\"og:title\" content=\"Alta de mais de 40%: por que o pre\u00e7o do ovo disparou no Brasil?\" \/>\n<meta property=\"og:description\" content=\"O pre\u00e7o do ovo disparou no atacado em fevereiro em todas as regi\u00f5es produtoras acompanhadas pelo Centro de Estudos\" \/>\n<meta property=\"og:url\" content=\"https:\/\/latamreports.com\/br\/alta-de-mais-de-40-por-que-o-preco-do-ovo-disparou-no-brasil-vai-baixar-depois-da-quaresma\/\" \/>\n<meta property=\"og:site_name\" content=\"LatAm Reports\" \/>\n<meta property=\"article:publisher\" content=\"https:\/\/facebook.com\/latamreports\" \/>\n<meta property=\"article:published_time\" content=\"2025-02-20T18:49:32+00:00\" \/>\n<meta property=\"article:modified_time\" content=\"2025-02-20T18:49:34+00:00\" \/>\n<meta property=\"og:image\" content=\"https:\/\/latamreports.com\/br\/wp-content\/uploads\/design-48.png\" \/>\n\t<meta property=\"og:image:width\" content=\"1200\" \/>\n\t<meta property=\"og:image:height\" content=\"630\" \/>\n\t<meta property=\"og:image:type\" content=\"image\/png\" \/>\n<meta name=\"author\" content=\"LatAm Reports Redatores da Equipe\" \/>\n<meta name=\"twitter:card\" content=\"summary_large_image\" \/>\n<meta name=\"twitter:creator\" content=\"@latamreports\" \/>\n<meta name=\"twitter:site\" content=\"@latamreports\" \/>\n<meta name=\"twitter:label1\" content=\"Written by\" \/>\n\t<meta name=\"twitter:data1\" content=\"LatAm Reports Redatores da Equipe\" \/>\n\t<meta name=\"twitter:label2\" content=\"Est. reading time\" \/>\n\t<meta name=\"twitter:data2\" content=\"2 minutes\" \/>\n<script type=\"application\/ld+json\" class=\"yoast-schema-graph\">{\"@context\":\"https:\\\/\\\/schema.org\",\"@graph\":[{\"@type\":\"Article\",\"@id\":\"https:\\\/\\\/latamreports.com\\\/br\\\/alta-de-mais-de-40-por-que-o-preco-do-ovo-disparou-no-brasil-vai-baixar-depois-da-quaresma\\\/#article\",\"isPartOf\":{\"@id\":\"https:\\\/\\\/latamreports.com\\\/br\\\/alta-de-mais-de-40-por-que-o-preco-do-ovo-disparou-no-brasil-vai-baixar-depois-da-quaresma\\\/\"},\"author\":{\"name\":\"LatAm Reports Redatores da Equipe\",\"@id\":\"https:\\\/\\\/latamreports.com\\\/br\\\/#\\\/schema\\\/person\\\/a561f2de7e5ccabfab38d239b39fdb70\"},\"headline\":\"Alta de mais de 40%: por que o pre\u00e7o do ovo disparou no Brasil? vai baixar depois da quaresma?\",\"datePublished\":\"2025-02-20T18:49:32+00:00\",\"dateModified\":\"2025-02-20T18:49:34+00:00\",\"mainEntityOfPage\":{\"@id\":\"https:\\\/\\\/latamreports.com\\\/br\\\/alta-de-mais-de-40-por-que-o-preco-do-ovo-disparou-no-brasil-vai-baixar-depois-da-quaresma\\\/\"},\"wordCount\":586,\"publisher\":{\"@id\":\"https:\\\/\\\/latamreports.com\\\/br\\\/#organization\"},\"image\":{\"@id\":\"https:\\\/\\\/latamreports.com\\\/br\\\/alta-de-mais-de-40-por-que-o-preco-do-ovo-disparou-no-brasil-vai-baixar-depois-da-quaresma\\\/#primaryimage\"},\"thumbnailUrl\":\"https:\\\/\\\/latamreports.com\\\/br\\\/wp-content\\\/uploads\\\/design-48.png\",\"keywords\":[\"Brasil\"],\"articleSection\":[\"Neg\u00f3cios\"],\"inLanguage\":\"en-US\"},{\"@type\":\"WebPage\",\"@id\":\"https:\\\/\\\/latamreports.com\\\/br\\\/alta-de-mais-de-40-por-que-o-preco-do-ovo-disparou-no-brasil-vai-baixar-depois-da-quaresma\\\/\",\"url\":\"https:\\\/\\\/latamreports.com\\\/br\\\/alta-de-mais-de-40-por-que-o-preco-do-ovo-disparou-no-brasil-vai-baixar-depois-da-quaresma\\\/\",\"name\":\"Alta de mais de 40%: por que o pre\u00e7o do ovo disparou no Brasil?\",\"isPartOf\":{\"@id\":\"https:\\\/\\\/latamreports.com\\\/br\\\/#website\"},\"primaryImageOfPage\":{\"@id\":\"https:\\\/\\\/latamreports.com\\\/br\\\/alta-de-mais-de-40-por-que-o-preco-do-ovo-disparou-no-brasil-vai-baixar-depois-da-quaresma\\\/#primaryimage\"},\"image\":{\"@id\":\"https:\\\/\\\/latamreports.com\\\/br\\\/alta-de-mais-de-40-por-que-o-preco-do-ovo-disparou-no-brasil-vai-baixar-depois-da-quaresma\\\/#primaryimage\"},\"thumbnailUrl\":\"https:\\\/\\\/latamreports.com\\\/br\\\/wp-content\\\/uploads\\\/design-48.png\",\"datePublished\":\"2025-02-20T18:49:32+00:00\",\"dateModified\":\"2025-02-20T18:49:34+00:00\",\"description\":\"O pre\u00e7o do ovo disparou no atacado em fevereiro em todas as regi\u00f5es produtoras acompanhadas pelo Centro de Estudos\",\"breadcrumb\":{\"@id\":\"https:\\\/\\\/latamreports.com\\\/br\\\/alta-de-mais-de-40-por-que-o-preco-do-ovo-disparou-no-brasil-vai-baixar-depois-da-quaresma\\\/#breadcrumb\"},\"inLanguage\":\"en-US\",\"potentialAction\":[{\"@type\":\"ReadAction\",\"target\":[\"https:\\\/\\\/latamreports.com\\\/br\\\/alta-de-mais-de-40-por-que-o-preco-do-ovo-disparou-no-brasil-vai-baixar-depois-da-quaresma\\\/\"]}]},{\"@type\":\"ImageObject\",\"inLanguage\":\"en-US\",\"@id\":\"https:\\\/\\\/latamreports.com\\\/br\\\/alta-de-mais-de-40-por-que-o-preco-do-ovo-disparou-no-brasil-vai-baixar-depois-da-quaresma\\\/#primaryimage\",\"url\":\"https:\\\/\\\/latamreports.com\\\/br\\\/wp-content\\\/uploads\\\/design-48.png\",\"contentUrl\":\"https:\\\/\\\/latamreports.com\\\/br\\\/wp-content\\\/uploads\\\/design-48.png\",\"width\":1200,\"height\":630,\"caption\":\"Alta de mais de 40%: por que o pre\u00e7o do ovo disparou no Brasil? vai baixar depois da quaresma?\"},{\"@type\":\"BreadcrumbList\",\"@id\":\"https:\\\/\\\/latamreports.com\\\/br\\\/alta-de-mais-de-40-por-que-o-preco-do-ovo-disparou-no-brasil-vai-baixar-depois-da-quaresma\\\/#breadcrumb\",\"itemListElement\":[{\"@type\":\"ListItem\",\"position\":1,\"name\":\"Home\",\"item\":\"https:\\\/\\\/latamreports.com\\\/br\\\/\"},{\"@type\":\"ListItem\",\"position\":2,\"name\":\"Alta de mais de 40%: por que o pre\u00e7o do ovo disparou no Brasil? vai baixar depois da quaresma?\"}]},{\"@type\":\"WebSite\",\"@id\":\"https:\\\/\\\/latamreports.com\\\/br\\\/#website\",\"url\":\"https:\\\/\\\/latamreports.com\\\/br\\\/\",\"name\":\"LatAm Reports\",\"description\":\"Not\u00edcias e opini\u00f5es de todas as Am\u00e9ricas\",\"publisher\":{\"@id\":\"https:\\\/\\\/latamreports.com\\\/br\\\/#organization\"},\"potentialAction\":[{\"@type\":\"SearchAction\",\"target\":{\"@type\":\"EntryPoint\",\"urlTemplate\":\"https:\\\/\\\/latamreports.com\\\/br\\\/?s={search_term_string}\"},\"query-input\":{\"@type\":\"PropertyValueSpecification\",\"valueRequired\":true,\"valueName\":\"search_term_string\"}}],\"inLanguage\":\"en-US\"},{\"@type\":\"Organization\",\"@id\":\"https:\\\/\\\/latamreports.com\\\/br\\\/#organization\",\"name\":\"LatAm Reports\",\"url\":\"https:\\\/\\\/latamreports.com\\\/br\\\/\",\"logo\":{\"@type\":\"ImageObject\",\"inLanguage\":\"en-US\",\"@id\":\"https:\\\/\\\/latamreports.com\\\/br\\\/#\\\/schema\\\/logo\\\/image\\\/\",\"url\":\"https:\\\/\\\/latamreports.com\\\/br\\\/wp-content\\\/uploads\\\/cropped-PNG2.png\",\"contentUrl\":\"https:\\\/\\\/latamreports.com\\\/br\\\/wp-content\\\/uploads\\\/cropped-PNG2.png\",\"width\":2522,\"height\":1014,\"caption\":\"LatAm Reports\"},\"image\":{\"@id\":\"https:\\\/\\\/latamreports.com\\\/br\\\/#\\\/schema\\\/logo\\\/image\\\/\"},\"sameAs\":[\"https:\\\/\\\/facebook.com\\\/latamreports\",\"https:\\\/\\\/x.com\\\/latamreports\"]},{\"@type\":\"Person\",\"@id\":\"https:\\\/\\\/latamreports.com\\\/br\\\/#\\\/schema\\\/person\\\/a561f2de7e5ccabfab38d239b39fdb70\",\"name\":\"LatAm Reports Redatores da Equipe\",\"image\":{\"@type\":\"ImageObject\",\"inLanguage\":\"en-US\",\"@id\":\"https:\\\/\\\/secure.gravatar.com\\\/avatar\\\/dcdcc93cc5edddd2f3ef77245866172c7d7241a11ad58e1959aa824f2fae81f6?s=96&d=mm&r=g\",\"url\":\"https:\\\/\\\/secure.gravatar.com\\\/avatar\\\/dcdcc93cc5edddd2f3ef77245866172c7d7241a11ad58e1959aa824f2fae81f6?s=96&d=mm&r=g\",\"contentUrl\":\"https:\\\/\\\/secure.gravatar.com\\\/avatar\\\/dcdcc93cc5edddd2f3ef77245866172c7d7241a11ad58e1959aa824f2fae81f6?s=96&d=mm&r=g\",\"caption\":\"LatAm Reports Redatores da Equipe\"}}]}<\/script>\n<!-- \/ Yoast SEO plugin. -->","yoast_head_json":{"title":"Alta de mais de 40%: por que o pre\u00e7o do ovo disparou no Brasil?","description":"O pre\u00e7o do ovo disparou no atacado em fevereiro em todas as regi\u00f5es produtoras acompanhadas pelo Centro de Estudos","robots":{"index":"index","follow":"follow","max-snippet":"max-snippet:-1","max-image-preview":"max-image-preview:large","max-video-preview":"max-video-preview:-1"},"canonical":"https:\/\/latamreports.com\/br\/alta-de-mais-de-40-por-que-o-preco-do-ovo-disparou-no-brasil-vai-baixar-depois-da-quaresma\/","og_locale":"en_US","og_type":"article","og_title":"Alta de mais de 40%: por que o pre\u00e7o do ovo disparou no Brasil?","og_description":"O pre\u00e7o do ovo disparou no atacado em fevereiro em todas as regi\u00f5es produtoras acompanhadas pelo Centro de Estudos","og_url":"https:\/\/latamreports.com\/br\/alta-de-mais-de-40-por-que-o-preco-do-ovo-disparou-no-brasil-vai-baixar-depois-da-quaresma\/","og_site_name":"LatAm Reports","article_publisher":"https:\/\/facebook.com\/latamreports","article_published_time":"2025-02-20T18:49:32+00:00","article_modified_time":"2025-02-20T18:49:34+00:00","og_image":[{"width":1200,"height":630,"url":"https:\/\/latamreports.com\/br\/wp-content\/uploads\/design-48.png","type":"image\/png"}],"author":"LatAm Reports Redatores da Equipe","twitter_card":"summary_large_image","twitter_creator":"@latamreports","twitter_site":"@latamreports","twitter_misc":{"Written by":"LatAm Reports Redatores da Equipe","Est. reading time":"2 minutes"},"schema":{"@context":"https:\/\/schema.org","@graph":[{"@type":"Article","@id":"https:\/\/latamreports.com\/br\/alta-de-mais-de-40-por-que-o-preco-do-ovo-disparou-no-brasil-vai-baixar-depois-da-quaresma\/#article","isPartOf":{"@id":"https:\/\/latamreports.com\/br\/alta-de-mais-de-40-por-que-o-preco-do-ovo-disparou-no-brasil-vai-baixar-depois-da-quaresma\/"},"author":{"name":"LatAm Reports Redatores da Equipe","@id":"https:\/\/latamreports.com\/br\/#\/schema\/person\/a561f2de7e5ccabfab38d239b39fdb70"},"headline":"Alta de mais de 40%: por que o pre\u00e7o do ovo disparou no Brasil? vai baixar depois da quaresma?","datePublished":"2025-02-20T18:49:32+00:00","dateModified":"2025-02-20T18:49:34+00:00","mainEntityOfPage":{"@id":"https:\/\/latamreports.com\/br\/alta-de-mais-de-40-por-que-o-preco-do-ovo-disparou-no-brasil-vai-baixar-depois-da-quaresma\/"},"wordCount":586,"publisher":{"@id":"https:\/\/latamreports.com\/br\/#organization"},"image":{"@id":"https:\/\/latamreports.com\/br\/alta-de-mais-de-40-por-que-o-preco-do-ovo-disparou-no-brasil-vai-baixar-depois-da-quaresma\/#primaryimage"},"thumbnailUrl":"https:\/\/latamreports.com\/br\/wp-content\/uploads\/design-48.png","keywords":["Brasil"],"articleSection":["Neg\u00f3cios"],"inLanguage":"en-US"},{"@type":"WebPage","@id":"https:\/\/latamreports.com\/br\/alta-de-mais-de-40-por-que-o-preco-do-ovo-disparou-no-brasil-vai-baixar-depois-da-quaresma\/","url":"https:\/\/latamreports.com\/br\/alta-de-mais-de-40-por-que-o-preco-do-ovo-disparou-no-brasil-vai-baixar-depois-da-quaresma\/","name":"Alta de mais de 40%: por que o pre\u00e7o do ovo disparou no Brasil?","isPartOf":{"@id":"https:\/\/latamreports.com\/br\/#website"},"primaryImageOfPage":{"@id":"https:\/\/latamreports.com\/br\/alta-de-mais-de-40-por-que-o-preco-do-ovo-disparou-no-brasil-vai-baixar-depois-da-quaresma\/#primaryimage"},"image":{"@id":"https:\/\/latamreports.com\/br\/alta-de-mais-de-40-por-que-o-preco-do-ovo-disparou-no-brasil-vai-baixar-depois-da-quaresma\/#primaryimage"},"thumbnailUrl":"https:\/\/latamreports.com\/br\/wp-content\/uploads\/design-48.png","datePublished":"2025-02-20T18:49:32+00:00","dateModified":"2025-02-20T18:49:34+00:00","description":"O pre\u00e7o do ovo disparou no atacado em fevereiro em todas as regi\u00f5es produtoras acompanhadas pelo Centro de Estudos","breadcrumb":{"@id":"https:\/\/latamreports.com\/br\/alta-de-mais-de-40-por-que-o-preco-do-ovo-disparou-no-brasil-vai-baixar-depois-da-quaresma\/#breadcrumb"},"inLanguage":"en-US","potentialAction":[{"@type":"ReadAction","target":["https:\/\/latamreports.com\/br\/alta-de-mais-de-40-por-que-o-preco-do-ovo-disparou-no-brasil-vai-baixar-depois-da-quaresma\/"]}]},{"@type":"ImageObject","inLanguage":"en-US","@id":"https:\/\/latamreports.com\/br\/alta-de-mais-de-40-por-que-o-preco-do-ovo-disparou-no-brasil-vai-baixar-depois-da-quaresma\/#primaryimage","url":"https:\/\/latamreports.com\/br\/wp-content\/uploads\/design-48.png","contentUrl":"https:\/\/latamreports.com\/br\/wp-content\/uploads\/design-48.png","width":1200,"height":630,"caption":"Alta de mais de 40%: por que o pre\u00e7o do ovo disparou no Brasil? vai baixar depois da quaresma?"},{"@type":"BreadcrumbList","@id":"https:\/\/latamreports.com\/br\/alta-de-mais-de-40-por-que-o-preco-do-ovo-disparou-no-brasil-vai-baixar-depois-da-quaresma\/#breadcrumb","itemListElement":[{"@type":"ListItem","position":1,"name":"Home","item":"https:\/\/latamreports.com\/br\/"},{"@type":"ListItem","position":2,"name":"Alta de mais de 40%: por que o pre\u00e7o do ovo disparou no Brasil? vai baixar depois da quaresma?"}]},{"@type":"WebSite","@id":"https:\/\/latamreports.com\/br\/#website","url":"https:\/\/latamreports.com\/br\/","name":"LatAm Reports","description":"Not\u00edcias e opini\u00f5es de todas as Am\u00e9ricas","publisher":{"@id":"https:\/\/latamreports.com\/br\/#organization"},"potentialAction":[{"@type":"SearchAction","target":{"@type":"EntryPoint","urlTemplate":"https:\/\/latamreports.com\/br\/?s={search_term_string}"},"query-input":{"@type":"PropertyValueSpecification","valueRequired":true,"valueName":"search_term_string"}}],"inLanguage":"en-US"},{"@type":"Organization","@id":"https:\/\/latamreports.com\/br\/#organization","name":"LatAm Reports","url":"https:\/\/latamreports.com\/br\/","logo":{"@type":"ImageObject","inLanguage":"en-US","@id":"https:\/\/latamreports.com\/br\/#\/schema\/logo\/image\/","url":"https:\/\/latamreports.com\/br\/wp-content\/uploads\/cropped-PNG2.png","contentUrl":"https:\/\/latamreports.com\/br\/wp-content\/uploads\/cropped-PNG2.png","width":2522,"height":1014,"caption":"LatAm Reports"},"image":{"@id":"https:\/\/latamreports.com\/br\/#\/schema\/logo\/image\/"},"sameAs":["https:\/\/facebook.com\/latamreports","https:\/\/x.com\/latamreports"]},{"@type":"Person","@id":"https:\/\/latamreports.com\/br\/#\/schema\/person\/a561f2de7e5ccabfab38d239b39fdb70","name":"LatAm Reports Redatores da Equipe","image":{"@type":"ImageObject","inLanguage":"en-US","@id":"https:\/\/secure.gravatar.com\/avatar\/dcdcc93cc5edddd2f3ef77245866172c7d7241a11ad58e1959aa824f2fae81f6?s=96&d=mm&r=g","url":"https:\/\/secure.gravatar.com\/avatar\/dcdcc93cc5edddd2f3ef77245866172c7d7241a11ad58e1959aa824f2fae81f6?s=96&d=mm&r=g","contentUrl":"https:\/\/secure.gravatar.com\/avatar\/dcdcc93cc5edddd2f3ef77245866172c7d7241a11ad58e1959aa824f2fae81f6?s=96&d=mm&r=g","caption":"LatAm Reports Redatores da Equipe"}}]}},"jetpack_publicize_connections":[],"_links":{"self":[{"href":"https:\/\/latamreports.com\/br\/wp-json\/wp\/v2\/posts\/10786","targetHints":{"allow":["GET"]}}],"collection":[{"href":"https:\/\/latamreports.com\/br\/wp-json\/wp\/v2\/posts"}],"about":[{"href":"https:\/\/latamreports.com\/br\/wp-json\/wp\/v2\/types\/post"}],"author":[{"embeddable":true,"href":"https:\/\/latamreports.com\/br\/wp-json\/wp\/v2\/users\/7"}],"replies":[{"embeddable":true,"href":"https:\/\/latamreports.com\/br\/wp-json\/wp\/v2\/comments?post=10786"}],"version-history":[{"count":1,"href":"https:\/\/latamreports.com\/br\/wp-json\/wp\/v2\/posts\/10786\/revisions"}],"predecessor-version":[{"id":10788,"href":"https:\/\/latamreports.com\/br\/wp-json\/wp\/v2\/posts\/10786\/revisions\/10788"}],"wp:featuredmedia":[{"embeddable":true,"href":"https:\/\/latamreports.com\/br\/wp-json\/wp\/v2\/media\/10787"}],"wp:attachment":[{"href":"https:\/\/latamreports.com\/br\/wp-json\/wp\/v2\/media?parent=10786"}],"wp:term":[{"taxonomy":"category","embeddable":true,"href":"https:\/\/latamreports.com\/br\/wp-json\/wp\/v2\/categories?post=10786"},{"taxonomy":"post_tag","embeddable":true,"href":"https:\/\/latamreports.com\/br\/wp-json\/wp\/v2\/tags?post=10786"}],"curies":[{"name":"wp","href":"https:\/\/api.w.org\/{rel}","templated":true}]}}