{"id":10532,"date":"2025-02-06T18:05:32","date_gmt":"2025-02-06T18:05:32","guid":{"rendered":"https:\/\/latamreports.com\/br\/?p=10532"},"modified":"2025-02-06T18:05:34","modified_gmt":"2025-02-06T18:05:34","slug":"problemas-estruturais-pedido-de-vistoria-e-vitimas-o-que-se-sabe-sobre-o-desabamento-do-teto-da-igreja-de-ouro-em-salvador","status":"publish","type":"post","link":"https:\/\/latamreports.com\/br\/problemas-estruturais-pedido-de-vistoria-e-vitimas-o-que-se-sabe-sobre-o-desabamento-do-teto-da-igreja-de-ouro-em-salvador\/","title":{"rendered":"Problemas estruturais, pedido de vistoria e v\u00edtimas: o que se sabe sobre o desabamento do teto da &#8216;igreja de ouro&#8217; em Salvador"},"content":{"rendered":"\n<p>O desabamento de parte do teto da Igreja da Ordem Primeira de S\u00e3o Francisco, conhecida como &#8220;<a href=\"https:\/\/latamreports.com\/br\/censura-de-peca-com-drag-queen-em-el-salvador-revela-conflito-cultural-sob-o-governo-bukele\/\">igreja <\/a>de ouro&#8221;, deixou uma turista morta e outras cinco pessoas feridas na tarde de quarta-feira, 5, no Pelourinho, centro hist\u00f3rico de <a href=\"https:\/\/latamreports.com\/br\/pablo-marcal-anuncia-viagem-internacional-e-encontro-com-presidente-de-el-salvador\/\">Salvador<\/a>.<\/p>\n\n\n\n<p>O acidente ocorreu por volta das 14h30, durante uma visita tur\u00edstica ao templo, que permanecia aberto ao p\u00fablico mesmo com problemas estruturais j\u00e1 conhecidos. Testemunhas relataram ter ouvido um forte estrondo antes de o teto ceder, cobrindo o local onde os fi\u00e9is costumam se reunir durante as missas. A madeira que sustentava o forro da nave foi a principal respons\u00e1vel pelos destro\u00e7os.<\/p>\n\n\n\n<p>Giulia Panchoni Righetto, de 26 anos, natural de Ribeir\u00e3o Preto (SP), foi a v\u00edtima fatal. Ela estava em Salvador de f\u00e9rias com amigos e o namorado, que n\u00e3o se feriram por estarem em uma \u00e1rea mais afastada da igreja. O corpo foi retirado do local por volta das 16h50 e encaminhado para o Instituto M\u00e9dico Legal, onde passou por necropsia ainda na noite de quarta-feira.<\/p>\n\n\n\n<p>Dos cinco feridos, uma amiga de Giulia sofreu um corte na testa e foi levada para um hospital particular, recebendo alta na manh\u00e3 desta quinta-feira. Outras quatro pessoas foram atendidas na Unidade de Pronto Atendimento (UPA) dos Barris e tamb\u00e9m j\u00e1 foram liberadas.<\/p>\n\n\n\n<h2 class=\"wp-block-heading\">Investiga\u00e7\u00f5es na igreja<\/h2>\n\n\n\n<p>A per\u00edcia na igreja come\u00e7ou na quarta-feira, 5, e deve ser conclu\u00edda at\u00e9 o fim desta quinta. O laudo oficial tem prazo estimado de 10 dias para ser divulgado, podendo ser prorrogado. A Pol\u00edcia Federal tamb\u00e9m foi acionada para investigar o caso, considerando o valor hist\u00f3rico e cultural do templo.<\/p>\n\n\n\n<p>Dois dias antes do desabamento, o frei Pedro J\u00fanior Freitas da Silva, respons\u00e1vel pela igreja, havia solicitado uma vistoria ao Instituto do Patrim\u00f4nio Hist\u00f3rico e Art\u00edstico Nacional (Iphan), relatando uma \u201cdilata\u00e7\u00e3o\u201d no forro do teto. A inspe\u00e7\u00e3o estava agendada para esta quinta-feira, 6. Segundo o presidente do Iphan, Leandro Grass, o pedido seguiu o protocolo padr\u00e3o, mas, em casos de emerg\u00eancia, o correto seria acionar diretamente a Defesa Civil.<\/p>\n\n\n\n<p>O superintendente do Iphan em Salvador, Hermano Guanaes, afirmou que n\u00e3o havia registros de vistoria recente no local. J\u00e1 o diretor da Defesa Civil de Salvador, S\u00f3sthenes Macedo, informou que havia conhecimento de problemas estruturais, mas sem ind\u00edcios de risco iminente de desabamento, o que justificou a n\u00e3o interdi\u00e7\u00e3o do espa\u00e7o.<\/p>\n\n\n\n<p>O templo \u00e9 administrado pela Ordem Primeira de S\u00e3o Francisco, respons\u00e1vel direta pela manuten\u00e7\u00e3o do edif\u00edcio. O Iphan atua na preserva\u00e7\u00e3o do patrim\u00f4nio com a\u00e7\u00f5es como o restauro dos pain\u00e9is de azulejaria portuguesa, conclu\u00eddo em maio de 2023, e a elabora\u00e7\u00e3o de um projeto de restaura\u00e7\u00e3o do edif\u00edcio, ainda em andamento.<\/p>\n\n\n\n<p>A Igreja da Ordem Primeira de S\u00e3o Francisco \u00e9 considerada uma das mais importantes express\u00f5es do barroco brasileiro, com entalhes dourados, azulejos portugueses e rel\u00edquias religiosas que remontam ao s\u00e9culo 17. O desabamento representa uma perda significativa para o patrim\u00f4nio hist\u00f3rico da cidade.<\/p>\n\n\n\n<p>As autoridades seguem investigando o caso para determinar responsabilidades e garantir a seguran\u00e7a de futuras visitas ao local.<\/p>\n","protected":false},"excerpt":{"rendered":"<p>O desabamento de parte do teto da Igreja da Ordem Primeira de S\u00e3o Francisco, conhecida como &#8220;igreja de ouro&#8221;, deixou uma turista morta e outras &#8230; <a title=\"Problemas estruturais, pedido de vistoria e v\u00edtimas: o que se sabe sobre o desabamento do teto da &#8216;igreja de ouro&#8217; em Salvador\" class=\"read-more\" href=\"https:\/\/latamreports.com\/br\/problemas-estruturais-pedido-de-vistoria-e-vitimas-o-que-se-sabe-sobre-o-desabamento-do-teto-da-igreja-de-ouro-em-salvador\/\" aria-label=\"Read more about Problemas estruturais, pedido de vistoria e v\u00edtimas: o que se sabe sobre o desabamento do teto da &#8216;igreja de ouro&#8217; em Salvador\">Read more<\/a><\/p>\n","protected":false},"author":7,"featured_media":10533,"comment_status":"closed","ping_status":"closed","sticky":false,"template":"","format":"standard","meta":{"footnotes":"","jetpack_publicize_message":"","jetpack_publicize_feature_enabled":true,"jetpack_social_post_already_shared":true,"jetpack_social_options":{"image_generator_settings":{"template":"highway","default_image_id":0,"font":"","enabled":false},"version":2}},"categories":[2],"tags":[31],"class_list":["post-10532","post","type-post","status-publish","format-standard","has-post-thumbnail","hentry","category-negocios","tag-brasil","resize-featured-image"],"yoast_head":"<!-- This site is optimized with the Yoast SEO plugin v27.4 - https:\/\/yoast.com\/product\/yoast-seo-wordpress\/ -->\n<title>O que se sabe sobre o desabamento do teto da &#039;igreja de ouro&#039;?<\/title>\n<meta name=\"description\" content=\"O desabamento de parte do teto da Igreja da Ordem Primeira de S\u00e3o Francisco, conhecida como &quot;igreja de ouro&quot;, deixou...\" \/>\n<meta name=\"robots\" content=\"index, follow, max-snippet:-1, max-image-preview:large, max-video-preview:-1\" \/>\n<link rel=\"canonical\" href=\"https:\/\/latamreports.com\/br\/problemas-estruturais-pedido-de-vistoria-e-vitimas-o-que-se-sabe-sobre-o-desabamento-do-teto-da-igreja-de-ouro-em-salvador\/\" \/>\n<meta property=\"og:locale\" content=\"en_US\" \/>\n<meta property=\"og:type\" content=\"article\" \/>\n<meta property=\"og:title\" content=\"O que se sabe sobre o desabamento do teto da &#039;igreja de ouro&#039;?\" \/>\n<meta property=\"og:description\" content=\"O desabamento de parte do teto da Igreja da Ordem Primeira de S\u00e3o Francisco, conhecida como &quot;igreja de ouro&quot;, deixou...\" \/>\n<meta property=\"og:url\" content=\"https:\/\/latamreports.com\/br\/problemas-estruturais-pedido-de-vistoria-e-vitimas-o-que-se-sabe-sobre-o-desabamento-do-teto-da-igreja-de-ouro-em-salvador\/\" \/>\n<meta property=\"og:site_name\" content=\"LatAm Reports\" \/>\n<meta property=\"article:publisher\" content=\"https:\/\/facebook.com\/latamreports\" \/>\n<meta property=\"article:published_time\" content=\"2025-02-06T18:05:32+00:00\" \/>\n<meta property=\"article:modified_time\" content=\"2025-02-06T18:05:34+00:00\" \/>\n<meta property=\"og:image\" content=\"https:\/\/latamreports.com\/br\/wp-content\/uploads\/desing1-4-1.png\" \/>\n\t<meta property=\"og:image:width\" content=\"1200\" \/>\n\t<meta property=\"og:image:height\" content=\"630\" \/>\n\t<meta property=\"og:image:type\" content=\"image\/png\" \/>\n<meta name=\"author\" content=\"LatAm Reports Redatores da Equipe\" \/>\n<meta name=\"twitter:card\" content=\"summary_large_image\" \/>\n<meta name=\"twitter:creator\" content=\"@latamreports\" \/>\n<meta name=\"twitter:site\" content=\"@latamreports\" \/>\n<meta name=\"twitter:label1\" content=\"Written by\" \/>\n\t<meta name=\"twitter:data1\" content=\"LatAm Reports Redatores da Equipe\" \/>\n\t<meta name=\"twitter:label2\" content=\"Est. reading time\" \/>\n\t<meta name=\"twitter:data2\" content=\"3 minutes\" \/>\n<script type=\"application\/ld+json\" class=\"yoast-schema-graph\">{\"@context\":\"https:\\\/\\\/schema.org\",\"@graph\":[{\"@type\":\"Article\",\"@id\":\"https:\\\/\\\/latamreports.com\\\/br\\\/problemas-estruturais-pedido-de-vistoria-e-vitimas-o-que-se-sabe-sobre-o-desabamento-do-teto-da-igreja-de-ouro-em-salvador\\\/#article\",\"isPartOf\":{\"@id\":\"https:\\\/\\\/latamreports.com\\\/br\\\/problemas-estruturais-pedido-de-vistoria-e-vitimas-o-que-se-sabe-sobre-o-desabamento-do-teto-da-igreja-de-ouro-em-salvador\\\/\"},\"author\":{\"name\":\"LatAm Reports Redatores da Equipe\",\"@id\":\"https:\\\/\\\/latamreports.com\\\/br\\\/#\\\/schema\\\/person\\\/a561f2de7e5ccabfab38d239b39fdb70\"},\"headline\":\"Problemas estruturais, pedido de vistoria e v\u00edtimas: o que se sabe sobre o desabamento do teto da &#8216;igreja de ouro&#8217; em Salvador\",\"datePublished\":\"2025-02-06T18:05:32+00:00\",\"dateModified\":\"2025-02-06T18:05:34+00:00\",\"mainEntityOfPage\":{\"@id\":\"https:\\\/\\\/latamreports.com\\\/br\\\/problemas-estruturais-pedido-de-vistoria-e-vitimas-o-que-se-sabe-sobre-o-desabamento-do-teto-da-igreja-de-ouro-em-salvador\\\/\"},\"wordCount\":562,\"publisher\":{\"@id\":\"https:\\\/\\\/latamreports.com\\\/br\\\/#organization\"},\"image\":{\"@id\":\"https:\\\/\\\/latamreports.com\\\/br\\\/problemas-estruturais-pedido-de-vistoria-e-vitimas-o-que-se-sabe-sobre-o-desabamento-do-teto-da-igreja-de-ouro-em-salvador\\\/#primaryimage\"},\"thumbnailUrl\":\"https:\\\/\\\/latamreports.com\\\/br\\\/wp-content\\\/uploads\\\/desing1-4-1.png\",\"keywords\":[\"Brasil\"],\"articleSection\":[\"Neg\u00f3cios\"],\"inLanguage\":\"en-US\"},{\"@type\":\"WebPage\",\"@id\":\"https:\\\/\\\/latamreports.com\\\/br\\\/problemas-estruturais-pedido-de-vistoria-e-vitimas-o-que-se-sabe-sobre-o-desabamento-do-teto-da-igreja-de-ouro-em-salvador\\\/\",\"url\":\"https:\\\/\\\/latamreports.com\\\/br\\\/problemas-estruturais-pedido-de-vistoria-e-vitimas-o-que-se-sabe-sobre-o-desabamento-do-teto-da-igreja-de-ouro-em-salvador\\\/\",\"name\":\"O que se sabe sobre o desabamento do teto da 'igreja de ouro'?\",\"isPartOf\":{\"@id\":\"https:\\\/\\\/latamreports.com\\\/br\\\/#website\"},\"primaryImageOfPage\":{\"@id\":\"https:\\\/\\\/latamreports.com\\\/br\\\/problemas-estruturais-pedido-de-vistoria-e-vitimas-o-que-se-sabe-sobre-o-desabamento-do-teto-da-igreja-de-ouro-em-salvador\\\/#primaryimage\"},\"image\":{\"@id\":\"https:\\\/\\\/latamreports.com\\\/br\\\/problemas-estruturais-pedido-de-vistoria-e-vitimas-o-que-se-sabe-sobre-o-desabamento-do-teto-da-igreja-de-ouro-em-salvador\\\/#primaryimage\"},\"thumbnailUrl\":\"https:\\\/\\\/latamreports.com\\\/br\\\/wp-content\\\/uploads\\\/desing1-4-1.png\",\"datePublished\":\"2025-02-06T18:05:32+00:00\",\"dateModified\":\"2025-02-06T18:05:34+00:00\",\"description\":\"O desabamento de parte do teto da Igreja da Ordem Primeira de S\u00e3o Francisco, conhecida como \\\"igreja de ouro\\\", deixou...\",\"breadcrumb\":{\"@id\":\"https:\\\/\\\/latamreports.com\\\/br\\\/problemas-estruturais-pedido-de-vistoria-e-vitimas-o-que-se-sabe-sobre-o-desabamento-do-teto-da-igreja-de-ouro-em-salvador\\\/#breadcrumb\"},\"inLanguage\":\"en-US\",\"potentialAction\":[{\"@type\":\"ReadAction\",\"target\":[\"https:\\\/\\\/latamreports.com\\\/br\\\/problemas-estruturais-pedido-de-vistoria-e-vitimas-o-que-se-sabe-sobre-o-desabamento-do-teto-da-igreja-de-ouro-em-salvador\\\/\"]}]},{\"@type\":\"ImageObject\",\"inLanguage\":\"en-US\",\"@id\":\"https:\\\/\\\/latamreports.com\\\/br\\\/problemas-estruturais-pedido-de-vistoria-e-vitimas-o-que-se-sabe-sobre-o-desabamento-do-teto-da-igreja-de-ouro-em-salvador\\\/#primaryimage\",\"url\":\"https:\\\/\\\/latamreports.com\\\/br\\\/wp-content\\\/uploads\\\/desing1-4-1.png\",\"contentUrl\":\"https:\\\/\\\/latamreports.com\\\/br\\\/wp-content\\\/uploads\\\/desing1-4-1.png\",\"width\":1200,\"height\":630,\"caption\":\"Problemas estruturais, pedido de vistoria e v\u00edtimas: o que se sabe sobre o desabamento do teto da 'igreja de ouro' em Salvador\"},{\"@type\":\"BreadcrumbList\",\"@id\":\"https:\\\/\\\/latamreports.com\\\/br\\\/problemas-estruturais-pedido-de-vistoria-e-vitimas-o-que-se-sabe-sobre-o-desabamento-do-teto-da-igreja-de-ouro-em-salvador\\\/#breadcrumb\",\"itemListElement\":[{\"@type\":\"ListItem\",\"position\":1,\"name\":\"Home\",\"item\":\"https:\\\/\\\/latamreports.com\\\/br\\\/\"},{\"@type\":\"ListItem\",\"position\":2,\"name\":\"Problemas estruturais, pedido de vistoria e v\u00edtimas: o que se sabe sobre o desabamento do teto da &#8216;igreja de ouro&#8217; em Salvador\"}]},{\"@type\":\"WebSite\",\"@id\":\"https:\\\/\\\/latamreports.com\\\/br\\\/#website\",\"url\":\"https:\\\/\\\/latamreports.com\\\/br\\\/\",\"name\":\"LatAm Reports\",\"description\":\"Not\u00edcias e opini\u00f5es de todas as Am\u00e9ricas\",\"publisher\":{\"@id\":\"https:\\\/\\\/latamreports.com\\\/br\\\/#organization\"},\"potentialAction\":[{\"@type\":\"SearchAction\",\"target\":{\"@type\":\"EntryPoint\",\"urlTemplate\":\"https:\\\/\\\/latamreports.com\\\/br\\\/?s={search_term_string}\"},\"query-input\":{\"@type\":\"PropertyValueSpecification\",\"valueRequired\":true,\"valueName\":\"search_term_string\"}}],\"inLanguage\":\"en-US\"},{\"@type\":\"Organization\",\"@id\":\"https:\\\/\\\/latamreports.com\\\/br\\\/#organization\",\"name\":\"LatAm Reports\",\"url\":\"https:\\\/\\\/latamreports.com\\\/br\\\/\",\"logo\":{\"@type\":\"ImageObject\",\"inLanguage\":\"en-US\",\"@id\":\"https:\\\/\\\/latamreports.com\\\/br\\\/#\\\/schema\\\/logo\\\/image\\\/\",\"url\":\"https:\\\/\\\/latamreports.com\\\/br\\\/wp-content\\\/uploads\\\/cropped-PNG2.png\",\"contentUrl\":\"https:\\\/\\\/latamreports.com\\\/br\\\/wp-content\\\/uploads\\\/cropped-PNG2.png\",\"width\":2522,\"height\":1014,\"caption\":\"LatAm Reports\"},\"image\":{\"@id\":\"https:\\\/\\\/latamreports.com\\\/br\\\/#\\\/schema\\\/logo\\\/image\\\/\"},\"sameAs\":[\"https:\\\/\\\/facebook.com\\\/latamreports\",\"https:\\\/\\\/x.com\\\/latamreports\"]},{\"@type\":\"Person\",\"@id\":\"https:\\\/\\\/latamreports.com\\\/br\\\/#\\\/schema\\\/person\\\/a561f2de7e5ccabfab38d239b39fdb70\",\"name\":\"LatAm Reports Redatores da Equipe\",\"image\":{\"@type\":\"ImageObject\",\"inLanguage\":\"en-US\",\"@id\":\"https:\\\/\\\/secure.gravatar.com\\\/avatar\\\/dcdcc93cc5edddd2f3ef77245866172c7d7241a11ad58e1959aa824f2fae81f6?s=96&d=mm&r=g\",\"url\":\"https:\\\/\\\/secure.gravatar.com\\\/avatar\\\/dcdcc93cc5edddd2f3ef77245866172c7d7241a11ad58e1959aa824f2fae81f6?s=96&d=mm&r=g\",\"contentUrl\":\"https:\\\/\\\/secure.gravatar.com\\\/avatar\\\/dcdcc93cc5edddd2f3ef77245866172c7d7241a11ad58e1959aa824f2fae81f6?s=96&d=mm&r=g\",\"caption\":\"LatAm Reports Redatores da Equipe\"}}]}<\/script>\n<!-- \/ Yoast SEO plugin. -->","yoast_head_json":{"title":"O que se sabe sobre o desabamento do teto da 'igreja de ouro'?","description":"O desabamento de parte do teto da Igreja da Ordem Primeira de S\u00e3o Francisco, conhecida como \"igreja de ouro\", deixou...","robots":{"index":"index","follow":"follow","max-snippet":"max-snippet:-1","max-image-preview":"max-image-preview:large","max-video-preview":"max-video-preview:-1"},"canonical":"https:\/\/latamreports.com\/br\/problemas-estruturais-pedido-de-vistoria-e-vitimas-o-que-se-sabe-sobre-o-desabamento-do-teto-da-igreja-de-ouro-em-salvador\/","og_locale":"en_US","og_type":"article","og_title":"O que se sabe sobre o desabamento do teto da 'igreja de ouro'?","og_description":"O desabamento de parte do teto da Igreja da Ordem Primeira de S\u00e3o Francisco, conhecida como \"igreja de ouro\", deixou...","og_url":"https:\/\/latamreports.com\/br\/problemas-estruturais-pedido-de-vistoria-e-vitimas-o-que-se-sabe-sobre-o-desabamento-do-teto-da-igreja-de-ouro-em-salvador\/","og_site_name":"LatAm Reports","article_publisher":"https:\/\/facebook.com\/latamreports","article_published_time":"2025-02-06T18:05:32+00:00","article_modified_time":"2025-02-06T18:05:34+00:00","og_image":[{"width":1200,"height":630,"url":"https:\/\/latamreports.com\/br\/wp-content\/uploads\/desing1-4-1.png","type":"image\/png"}],"author":"LatAm Reports Redatores da Equipe","twitter_card":"summary_large_image","twitter_creator":"@latamreports","twitter_site":"@latamreports","twitter_misc":{"Written by":"LatAm Reports Redatores da Equipe","Est. reading time":"3 minutes"},"schema":{"@context":"https:\/\/schema.org","@graph":[{"@type":"Article","@id":"https:\/\/latamreports.com\/br\/problemas-estruturais-pedido-de-vistoria-e-vitimas-o-que-se-sabe-sobre-o-desabamento-do-teto-da-igreja-de-ouro-em-salvador\/#article","isPartOf":{"@id":"https:\/\/latamreports.com\/br\/problemas-estruturais-pedido-de-vistoria-e-vitimas-o-que-se-sabe-sobre-o-desabamento-do-teto-da-igreja-de-ouro-em-salvador\/"},"author":{"name":"LatAm Reports Redatores da Equipe","@id":"https:\/\/latamreports.com\/br\/#\/schema\/person\/a561f2de7e5ccabfab38d239b39fdb70"},"headline":"Problemas estruturais, pedido de vistoria e v\u00edtimas: o que se sabe sobre o desabamento do teto da &#8216;igreja de ouro&#8217; em Salvador","datePublished":"2025-02-06T18:05:32+00:00","dateModified":"2025-02-06T18:05:34+00:00","mainEntityOfPage":{"@id":"https:\/\/latamreports.com\/br\/problemas-estruturais-pedido-de-vistoria-e-vitimas-o-que-se-sabe-sobre-o-desabamento-do-teto-da-igreja-de-ouro-em-salvador\/"},"wordCount":562,"publisher":{"@id":"https:\/\/latamreports.com\/br\/#organization"},"image":{"@id":"https:\/\/latamreports.com\/br\/problemas-estruturais-pedido-de-vistoria-e-vitimas-o-que-se-sabe-sobre-o-desabamento-do-teto-da-igreja-de-ouro-em-salvador\/#primaryimage"},"thumbnailUrl":"https:\/\/latamreports.com\/br\/wp-content\/uploads\/desing1-4-1.png","keywords":["Brasil"],"articleSection":["Neg\u00f3cios"],"inLanguage":"en-US"},{"@type":"WebPage","@id":"https:\/\/latamreports.com\/br\/problemas-estruturais-pedido-de-vistoria-e-vitimas-o-que-se-sabe-sobre-o-desabamento-do-teto-da-igreja-de-ouro-em-salvador\/","url":"https:\/\/latamreports.com\/br\/problemas-estruturais-pedido-de-vistoria-e-vitimas-o-que-se-sabe-sobre-o-desabamento-do-teto-da-igreja-de-ouro-em-salvador\/","name":"O que se sabe sobre o desabamento do teto da 'igreja de ouro'?","isPartOf":{"@id":"https:\/\/latamreports.com\/br\/#website"},"primaryImageOfPage":{"@id":"https:\/\/latamreports.com\/br\/problemas-estruturais-pedido-de-vistoria-e-vitimas-o-que-se-sabe-sobre-o-desabamento-do-teto-da-igreja-de-ouro-em-salvador\/#primaryimage"},"image":{"@id":"https:\/\/latamreports.com\/br\/problemas-estruturais-pedido-de-vistoria-e-vitimas-o-que-se-sabe-sobre-o-desabamento-do-teto-da-igreja-de-ouro-em-salvador\/#primaryimage"},"thumbnailUrl":"https:\/\/latamreports.com\/br\/wp-content\/uploads\/desing1-4-1.png","datePublished":"2025-02-06T18:05:32+00:00","dateModified":"2025-02-06T18:05:34+00:00","description":"O desabamento de parte do teto da Igreja da Ordem Primeira de S\u00e3o Francisco, conhecida como \"igreja de ouro\", deixou...","breadcrumb":{"@id":"https:\/\/latamreports.com\/br\/problemas-estruturais-pedido-de-vistoria-e-vitimas-o-que-se-sabe-sobre-o-desabamento-do-teto-da-igreja-de-ouro-em-salvador\/#breadcrumb"},"inLanguage":"en-US","potentialAction":[{"@type":"ReadAction","target":["https:\/\/latamreports.com\/br\/problemas-estruturais-pedido-de-vistoria-e-vitimas-o-que-se-sabe-sobre-o-desabamento-do-teto-da-igreja-de-ouro-em-salvador\/"]}]},{"@type":"ImageObject","inLanguage":"en-US","@id":"https:\/\/latamreports.com\/br\/problemas-estruturais-pedido-de-vistoria-e-vitimas-o-que-se-sabe-sobre-o-desabamento-do-teto-da-igreja-de-ouro-em-salvador\/#primaryimage","url":"https:\/\/latamreports.com\/br\/wp-content\/uploads\/desing1-4-1.png","contentUrl":"https:\/\/latamreports.com\/br\/wp-content\/uploads\/desing1-4-1.png","width":1200,"height":630,"caption":"Problemas estruturais, pedido de vistoria e v\u00edtimas: o que se sabe sobre o desabamento do teto da 'igreja de ouro' em Salvador"},{"@type":"BreadcrumbList","@id":"https:\/\/latamreports.com\/br\/problemas-estruturais-pedido-de-vistoria-e-vitimas-o-que-se-sabe-sobre-o-desabamento-do-teto-da-igreja-de-ouro-em-salvador\/#breadcrumb","itemListElement":[{"@type":"ListItem","position":1,"name":"Home","item":"https:\/\/latamreports.com\/br\/"},{"@type":"ListItem","position":2,"name":"Problemas estruturais, pedido de vistoria e v\u00edtimas: o que se sabe sobre o desabamento do teto da &#8216;igreja de ouro&#8217; em Salvador"}]},{"@type":"WebSite","@id":"https:\/\/latamreports.com\/br\/#website","url":"https:\/\/latamreports.com\/br\/","name":"LatAm Reports","description":"Not\u00edcias e opini\u00f5es de todas as Am\u00e9ricas","publisher":{"@id":"https:\/\/latamreports.com\/br\/#organization"},"potentialAction":[{"@type":"SearchAction","target":{"@type":"EntryPoint","urlTemplate":"https:\/\/latamreports.com\/br\/?s={search_term_string}"},"query-input":{"@type":"PropertyValueSpecification","valueRequired":true,"valueName":"search_term_string"}}],"inLanguage":"en-US"},{"@type":"Organization","@id":"https:\/\/latamreports.com\/br\/#organization","name":"LatAm Reports","url":"https:\/\/latamreports.com\/br\/","logo":{"@type":"ImageObject","inLanguage":"en-US","@id":"https:\/\/latamreports.com\/br\/#\/schema\/logo\/image\/","url":"https:\/\/latamreports.com\/br\/wp-content\/uploads\/cropped-PNG2.png","contentUrl":"https:\/\/latamreports.com\/br\/wp-content\/uploads\/cropped-PNG2.png","width":2522,"height":1014,"caption":"LatAm Reports"},"image":{"@id":"https:\/\/latamreports.com\/br\/#\/schema\/logo\/image\/"},"sameAs":["https:\/\/facebook.com\/latamreports","https:\/\/x.com\/latamreports"]},{"@type":"Person","@id":"https:\/\/latamreports.com\/br\/#\/schema\/person\/a561f2de7e5ccabfab38d239b39fdb70","name":"LatAm Reports Redatores da Equipe","image":{"@type":"ImageObject","inLanguage":"en-US","@id":"https:\/\/secure.gravatar.com\/avatar\/dcdcc93cc5edddd2f3ef77245866172c7d7241a11ad58e1959aa824f2fae81f6?s=96&d=mm&r=g","url":"https:\/\/secure.gravatar.com\/avatar\/dcdcc93cc5edddd2f3ef77245866172c7d7241a11ad58e1959aa824f2fae81f6?s=96&d=mm&r=g","contentUrl":"https:\/\/secure.gravatar.com\/avatar\/dcdcc93cc5edddd2f3ef77245866172c7d7241a11ad58e1959aa824f2fae81f6?s=96&d=mm&r=g","caption":"LatAm Reports Redatores da Equipe"}}]}},"jetpack_publicize_connections":[],"_links":{"self":[{"href":"https:\/\/latamreports.com\/br\/wp-json\/wp\/v2\/posts\/10532","targetHints":{"allow":["GET"]}}],"collection":[{"href":"https:\/\/latamreports.com\/br\/wp-json\/wp\/v2\/posts"}],"about":[{"href":"https:\/\/latamreports.com\/br\/wp-json\/wp\/v2\/types\/post"}],"author":[{"embeddable":true,"href":"https:\/\/latamreports.com\/br\/wp-json\/wp\/v2\/users\/7"}],"replies":[{"embeddable":true,"href":"https:\/\/latamreports.com\/br\/wp-json\/wp\/v2\/comments?post=10532"}],"version-history":[{"count":2,"href":"https:\/\/latamreports.com\/br\/wp-json\/wp\/v2\/posts\/10532\/revisions"}],"predecessor-version":[{"id":10535,"href":"https:\/\/latamreports.com\/br\/wp-json\/wp\/v2\/posts\/10532\/revisions\/10535"}],"wp:featuredmedia":[{"embeddable":true,"href":"https:\/\/latamreports.com\/br\/wp-json\/wp\/v2\/media\/10533"}],"wp:attachment":[{"href":"https:\/\/latamreports.com\/br\/wp-json\/wp\/v2\/media?parent=10532"}],"wp:term":[{"taxonomy":"category","embeddable":true,"href":"https:\/\/latamreports.com\/br\/wp-json\/wp\/v2\/categories?post=10532"},{"taxonomy":"post_tag","embeddable":true,"href":"https:\/\/latamreports.com\/br\/wp-json\/wp\/v2\/tags?post=10532"}],"curies":[{"name":"wp","href":"https:\/\/api.w.org\/{rel}","templated":true}]}}