{"id":10529,"date":"2025-02-06T17:57:27","date_gmt":"2025-02-06T17:57:27","guid":{"rendered":"https:\/\/latamreports.com\/br\/?p=10529"},"modified":"2025-02-06T17:57:29","modified_gmt":"2025-02-06T17:57:29","slug":"lula-atribui-inflacao-dos-alimentos-a-alta-do-dolar-politica-do-banco-central-e-aumento-das-exportacoes","status":"publish","type":"post","link":"https:\/\/latamreports.com\/br\/lula-atribui-inflacao-dos-alimentos-a-alta-do-dolar-politica-do-banco-central-e-aumento-das-exportacoes\/","title":{"rendered":"Lula atribui infla\u00e7\u00e3o dos alimentos \u00e0 alta do d\u00f3lar, pol\u00edtica do Banco Central e aumento das exporta\u00e7\u00f5es"},"content":{"rendered":"\n<p>Durante entrevista a r\u00e1dios da Bahia nesta quinta-feira,6, o presidente Luiz In\u00e1cio <a href=\"https:\/\/latamreports.com\/br\/lula-critica-plano-de-trump-para-faixa-de-gaza-e-reforca-defesa-do-estado-palestino\/\">Lula <\/a>da Silva apontou tr\u00eas fatores que, segundo ele, contribu\u00edram para a recente alta nos pre\u00e7os dos alimentos: o aumento do d\u00f3lar, a pol\u00edtica monet\u00e1ria conduzida pelo Banco Central e o crescimento das exporta\u00e7\u00f5es de produtos agr\u00edcolas.<\/p>\n\n\n\n<blockquote class=\"wp-block-quote is-layout-flow wp-block-quote-is-layout-flow\">\n<p>\u201cEsse \u00e9 um problema que me persegue desde que eu trabalhava no ch\u00e3o de uma f\u00e1brica. Toda vez que a infla\u00e7\u00e3o cresce, o alimento cresce, e o trabalhador que vive de sal\u00e1rio \u00e9 quem paga o pre\u00e7o alto. Quando aumentamos o sal\u00e1rio m\u00ednimo acima da infla\u00e7\u00e3o, temos que compensar com a redu\u00e7\u00e3o do pre\u00e7o dos alimentos\u201d, afirmou Lula.<\/p>\n<\/blockquote>\n\n\n\n<p>O presidente tamb\u00e9m responsabilizou o Banco Central pela valoriza\u00e7\u00e3o do d\u00f3lar. <\/p>\n\n\n\n<blockquote class=\"wp-block-quote is-layout-flow wp-block-quote-is-layout-flow\">\n<p>\u201cTivemos um aumento do d\u00f3lar porque tivemos um Banco Central totalmente irrespons\u00e1vel, que deixou uma \u2018arapuca\u2019 que a gente n\u00e3o pode desmontar de uma hora para outra\u201d, declarou, referindo-se \u00e0 gest\u00e3o de Roberto Campos Neto.<\/p>\n<\/blockquote>\n\n\n\n<p>Na primeira metade do mandato, Lula conviveu com um presidente do Banco Central indicado pelo governo anterior e com mandato fixo, o que gerou atritos devido \u00e0 eleva\u00e7\u00e3o dos juros b\u00e1sicos da economia. Em janeiro de 2024, o comando da institui\u00e7\u00e3o passou para Gabriel Gal\u00edpolo, indicado por Lula, mas o ciclo de alta dos juros continuou. Segundo o presidente, Gal\u00edpolo n\u00e3o poderia \u201cdar um cavalo de pau\u201d na condu\u00e7\u00e3o da pol\u00edtica monet\u00e1ria, sendo necess\u00e1rio implementar mudan\u00e7as gradualmente.<\/p>\n\n\n\n<p><a href=\"https:\/\/latamreports.com\/br\/e-fake-news-que-trump-declarou-recusa-em-fazer-negocios-com-o-brasil-enquanto-lula-estiver-no-poder\/\">Lula <\/a>mencionou que os minist\u00e9rios da Fazenda, da Agricultura e do Desenvolvimento Agr\u00e1rio est\u00e3o em di\u00e1logo com o setor agropecu\u00e1rio e empres\u00e1rios para conter a alta nos pre\u00e7os dos alimentos, mas n\u00e3o detalhou quais medidas seriam adotadas. <\/p>\n\n\n\n<blockquote class=\"wp-block-quote is-layout-flow wp-block-quote-is-layout-flow\">\n<p>\u201cAbrimos 303 novos mercados para os produtos brasileiros, quase todos de alimentos. O Brasil virou o celeiro do mundo, as pessoas est\u00e3o comprando muito aqui. Precisamos produzir mais e melhorar a qualidade para reduzir os pre\u00e7os. N\u00e3o posso congelar pre\u00e7os nem colocar fiscais para verificar o estoque nas fazendas\u201d, afirmou.<\/p>\n<\/blockquote>\n\n\n\n<p>O presidente tamb\u00e9m comentou o impacto das elei\u00e7\u00f5es nos Estados Unidos sobre o c\u00e2mbio. \u201cAs loucuras que estavam sendo feitas nos EUA, campanhas, discursos, tudo isso contribuiu para a alta do d\u00f3lar. Agora ele come\u00e7a a se ajustar, e com isso acredito que os produtos v\u00e3o permanecer mais aqui no Brasil. Estou convencido de que vamos resolver esse problema em breve\u201d, disse Lula.<\/p>\n\n\n\n<p>O d\u00f3lar, que vinha de 12 quedas consecutivas, fechou em alta na quarta-feira (5), cotado a R$ 5,79. A valoriza\u00e7\u00e3o foi influenciada por declara\u00e7\u00f5es do presidente dos Estados Unidos, Donald Trump, sobre a Faixa de Gaza. Apesar da alta recente, a moeda acumula queda de 0,74% na semana e no m\u00eas, al\u00e9m de um recuo de 6,24% no ano.<\/p>\n","protected":false},"excerpt":{"rendered":"<p>Durante entrevista a r\u00e1dios da Bahia nesta quinta-feira,6, o presidente Luiz In\u00e1cio Lula da Silva apontou tr\u00eas fatores que, segundo ele, contribu\u00edram para a recente &#8230; <a title=\"Lula atribui infla\u00e7\u00e3o dos alimentos \u00e0 alta do d\u00f3lar, pol\u00edtica do Banco Central e aumento das exporta\u00e7\u00f5es\" class=\"read-more\" href=\"https:\/\/latamreports.com\/br\/lula-atribui-inflacao-dos-alimentos-a-alta-do-dolar-politica-do-banco-central-e-aumento-das-exportacoes\/\" aria-label=\"Read more about Lula atribui infla\u00e7\u00e3o dos alimentos \u00e0 alta do d\u00f3lar, pol\u00edtica do Banco Central e aumento das exporta\u00e7\u00f5es\">Read more<\/a><\/p>\n","protected":false},"author":7,"featured_media":10530,"comment_status":"closed","ping_status":"closed","sticky":false,"template":"","format":"standard","meta":{"footnotes":"","jetpack_publicize_message":"","jetpack_publicize_feature_enabled":true,"jetpack_social_post_already_shared":true,"jetpack_social_options":{"image_generator_settings":{"template":"highway","default_image_id":0,"font":"","enabled":false},"version":2}},"categories":[13],"tags":[31],"class_list":["post-10529","post","type-post","status-publish","format-standard","has-post-thumbnail","hentry","category-politica","tag-brasil","resize-featured-image"],"yoast_head":"<!-- This site is optimized with the Yoast SEO plugin v27.4 - https:\/\/yoast.com\/product\/yoast-seo-wordpress\/ -->\n<title>Lula atribui infla\u00e7\u00e3o dos alimentos \u00e0 alta do d\u00f3lar, pol\u00edtica do BC...<\/title>\n<meta name=\"description\" content=\"Durante entrevista a r\u00e1dios da Bahia nesta quinta-feira,6, o presidente Luiz In\u00e1cio Lula da Silva apontou tr\u00eas fatores que, segundo ele...\" \/>\n<meta name=\"robots\" content=\"index, follow, max-snippet:-1, max-image-preview:large, max-video-preview:-1\" \/>\n<link rel=\"canonical\" href=\"https:\/\/latamreports.com\/br\/lula-atribui-inflacao-dos-alimentos-a-alta-do-dolar-politica-do-banco-central-e-aumento-das-exportacoes\/\" \/>\n<meta property=\"og:locale\" content=\"en_US\" \/>\n<meta property=\"og:type\" content=\"article\" \/>\n<meta property=\"og:title\" content=\"Lula atribui infla\u00e7\u00e3o dos alimentos \u00e0 alta do d\u00f3lar, pol\u00edtica do BC...\" \/>\n<meta property=\"og:description\" content=\"Durante entrevista a r\u00e1dios da Bahia nesta quinta-feira,6, o presidente Luiz In\u00e1cio Lula da Silva apontou tr\u00eas fatores que, segundo ele...\" \/>\n<meta property=\"og:url\" content=\"https:\/\/latamreports.com\/br\/lula-atribui-inflacao-dos-alimentos-a-alta-do-dolar-politica-do-banco-central-e-aumento-das-exportacoes\/\" \/>\n<meta property=\"og:site_name\" content=\"LatAm Reports\" \/>\n<meta property=\"article:publisher\" content=\"https:\/\/facebook.com\/latamreports\" \/>\n<meta property=\"article:published_time\" content=\"2025-02-06T17:57:27+00:00\" \/>\n<meta property=\"article:modified_time\" content=\"2025-02-06T17:57:29+00:00\" \/>\n<meta property=\"og:image\" content=\"https:\/\/latamreports.com\/br\/wp-content\/uploads\/desing1-3-1.png\" \/>\n\t<meta property=\"og:image:width\" content=\"1200\" \/>\n\t<meta property=\"og:image:height\" content=\"630\" \/>\n\t<meta property=\"og:image:type\" content=\"image\/png\" \/>\n<meta name=\"author\" content=\"LatAm Reports Redatores da Equipe\" \/>\n<meta name=\"twitter:card\" content=\"summary_large_image\" \/>\n<meta name=\"twitter:creator\" content=\"@latamreports\" \/>\n<meta name=\"twitter:site\" content=\"@latamreports\" \/>\n<meta name=\"twitter:label1\" content=\"Written by\" \/>\n\t<meta name=\"twitter:data1\" content=\"LatAm Reports Redatores da Equipe\" \/>\n\t<meta name=\"twitter:label2\" content=\"Est. reading time\" \/>\n\t<meta name=\"twitter:data2\" content=\"2 minutes\" \/>\n<script type=\"application\/ld+json\" class=\"yoast-schema-graph\">{\"@context\":\"https:\\\/\\\/schema.org\",\"@graph\":[{\"@type\":\"Article\",\"@id\":\"https:\\\/\\\/latamreports.com\\\/br\\\/lula-atribui-inflacao-dos-alimentos-a-alta-do-dolar-politica-do-banco-central-e-aumento-das-exportacoes\\\/#article\",\"isPartOf\":{\"@id\":\"https:\\\/\\\/latamreports.com\\\/br\\\/lula-atribui-inflacao-dos-alimentos-a-alta-do-dolar-politica-do-banco-central-e-aumento-das-exportacoes\\\/\"},\"author\":{\"name\":\"LatAm Reports Redatores da Equipe\",\"@id\":\"https:\\\/\\\/latamreports.com\\\/br\\\/#\\\/schema\\\/person\\\/a561f2de7e5ccabfab38d239b39fdb70\"},\"headline\":\"Lula atribui infla\u00e7\u00e3o dos alimentos \u00e0 alta do d\u00f3lar, pol\u00edtica do Banco Central e aumento das exporta\u00e7\u00f5es\",\"datePublished\":\"2025-02-06T17:57:27+00:00\",\"dateModified\":\"2025-02-06T17:57:29+00:00\",\"mainEntityOfPage\":{\"@id\":\"https:\\\/\\\/latamreports.com\\\/br\\\/lula-atribui-inflacao-dos-alimentos-a-alta-do-dolar-politica-do-banco-central-e-aumento-das-exportacoes\\\/\"},\"wordCount\":509,\"publisher\":{\"@id\":\"https:\\\/\\\/latamreports.com\\\/br\\\/#organization\"},\"image\":{\"@id\":\"https:\\\/\\\/latamreports.com\\\/br\\\/lula-atribui-inflacao-dos-alimentos-a-alta-do-dolar-politica-do-banco-central-e-aumento-das-exportacoes\\\/#primaryimage\"},\"thumbnailUrl\":\"https:\\\/\\\/latamreports.com\\\/br\\\/wp-content\\\/uploads\\\/desing1-3-1.png\",\"keywords\":[\"Brasil\"],\"articleSection\":[\"Pol\u00edtica\"],\"inLanguage\":\"en-US\"},{\"@type\":\"WebPage\",\"@id\":\"https:\\\/\\\/latamreports.com\\\/br\\\/lula-atribui-inflacao-dos-alimentos-a-alta-do-dolar-politica-do-banco-central-e-aumento-das-exportacoes\\\/\",\"url\":\"https:\\\/\\\/latamreports.com\\\/br\\\/lula-atribui-inflacao-dos-alimentos-a-alta-do-dolar-politica-do-banco-central-e-aumento-das-exportacoes\\\/\",\"name\":\"Lula atribui infla\u00e7\u00e3o dos alimentos \u00e0 alta do d\u00f3lar, pol\u00edtica do BC...\",\"isPartOf\":{\"@id\":\"https:\\\/\\\/latamreports.com\\\/br\\\/#website\"},\"primaryImageOfPage\":{\"@id\":\"https:\\\/\\\/latamreports.com\\\/br\\\/lula-atribui-inflacao-dos-alimentos-a-alta-do-dolar-politica-do-banco-central-e-aumento-das-exportacoes\\\/#primaryimage\"},\"image\":{\"@id\":\"https:\\\/\\\/latamreports.com\\\/br\\\/lula-atribui-inflacao-dos-alimentos-a-alta-do-dolar-politica-do-banco-central-e-aumento-das-exportacoes\\\/#primaryimage\"},\"thumbnailUrl\":\"https:\\\/\\\/latamreports.com\\\/br\\\/wp-content\\\/uploads\\\/desing1-3-1.png\",\"datePublished\":\"2025-02-06T17:57:27+00:00\",\"dateModified\":\"2025-02-06T17:57:29+00:00\",\"description\":\"Durante entrevista a r\u00e1dios da Bahia nesta quinta-feira,6, o presidente Luiz In\u00e1cio Lula da Silva apontou tr\u00eas fatores que, segundo ele...\",\"breadcrumb\":{\"@id\":\"https:\\\/\\\/latamreports.com\\\/br\\\/lula-atribui-inflacao-dos-alimentos-a-alta-do-dolar-politica-do-banco-central-e-aumento-das-exportacoes\\\/#breadcrumb\"},\"inLanguage\":\"en-US\",\"potentialAction\":[{\"@type\":\"ReadAction\",\"target\":[\"https:\\\/\\\/latamreports.com\\\/br\\\/lula-atribui-inflacao-dos-alimentos-a-alta-do-dolar-politica-do-banco-central-e-aumento-das-exportacoes\\\/\"]}]},{\"@type\":\"ImageObject\",\"inLanguage\":\"en-US\",\"@id\":\"https:\\\/\\\/latamreports.com\\\/br\\\/lula-atribui-inflacao-dos-alimentos-a-alta-do-dolar-politica-do-banco-central-e-aumento-das-exportacoes\\\/#primaryimage\",\"url\":\"https:\\\/\\\/latamreports.com\\\/br\\\/wp-content\\\/uploads\\\/desing1-3-1.png\",\"contentUrl\":\"https:\\\/\\\/latamreports.com\\\/br\\\/wp-content\\\/uploads\\\/desing1-3-1.png\",\"width\":1200,\"height\":630,\"caption\":\"Lula atribui infla\u00e7\u00e3o dos alimentos \u00e0 alta do d\u00f3lar, pol\u00edtica do Banco Central e aumento das exporta\u00e7\u00f5es\"},{\"@type\":\"BreadcrumbList\",\"@id\":\"https:\\\/\\\/latamreports.com\\\/br\\\/lula-atribui-inflacao-dos-alimentos-a-alta-do-dolar-politica-do-banco-central-e-aumento-das-exportacoes\\\/#breadcrumb\",\"itemListElement\":[{\"@type\":\"ListItem\",\"position\":1,\"name\":\"Home\",\"item\":\"https:\\\/\\\/latamreports.com\\\/br\\\/\"},{\"@type\":\"ListItem\",\"position\":2,\"name\":\"Lula atribui infla\u00e7\u00e3o dos alimentos \u00e0 alta do d\u00f3lar, pol\u00edtica do Banco Central e aumento das exporta\u00e7\u00f5es\"}]},{\"@type\":\"WebSite\",\"@id\":\"https:\\\/\\\/latamreports.com\\\/br\\\/#website\",\"url\":\"https:\\\/\\\/latamreports.com\\\/br\\\/\",\"name\":\"LatAm Reports\",\"description\":\"Not\u00edcias e opini\u00f5es de todas as Am\u00e9ricas\",\"publisher\":{\"@id\":\"https:\\\/\\\/latamreports.com\\\/br\\\/#organization\"},\"potentialAction\":[{\"@type\":\"SearchAction\",\"target\":{\"@type\":\"EntryPoint\",\"urlTemplate\":\"https:\\\/\\\/latamreports.com\\\/br\\\/?s={search_term_string}\"},\"query-input\":{\"@type\":\"PropertyValueSpecification\",\"valueRequired\":true,\"valueName\":\"search_term_string\"}}],\"inLanguage\":\"en-US\"},{\"@type\":\"Organization\",\"@id\":\"https:\\\/\\\/latamreports.com\\\/br\\\/#organization\",\"name\":\"LatAm Reports\",\"url\":\"https:\\\/\\\/latamreports.com\\\/br\\\/\",\"logo\":{\"@type\":\"ImageObject\",\"inLanguage\":\"en-US\",\"@id\":\"https:\\\/\\\/latamreports.com\\\/br\\\/#\\\/schema\\\/logo\\\/image\\\/\",\"url\":\"https:\\\/\\\/latamreports.com\\\/br\\\/wp-content\\\/uploads\\\/cropped-PNG2.png\",\"contentUrl\":\"https:\\\/\\\/latamreports.com\\\/br\\\/wp-content\\\/uploads\\\/cropped-PNG2.png\",\"width\":2522,\"height\":1014,\"caption\":\"LatAm Reports\"},\"image\":{\"@id\":\"https:\\\/\\\/latamreports.com\\\/br\\\/#\\\/schema\\\/logo\\\/image\\\/\"},\"sameAs\":[\"https:\\\/\\\/facebook.com\\\/latamreports\",\"https:\\\/\\\/x.com\\\/latamreports\"]},{\"@type\":\"Person\",\"@id\":\"https:\\\/\\\/latamreports.com\\\/br\\\/#\\\/schema\\\/person\\\/a561f2de7e5ccabfab38d239b39fdb70\",\"name\":\"LatAm Reports Redatores da Equipe\",\"image\":{\"@type\":\"ImageObject\",\"inLanguage\":\"en-US\",\"@id\":\"https:\\\/\\\/secure.gravatar.com\\\/avatar\\\/dcdcc93cc5edddd2f3ef77245866172c7d7241a11ad58e1959aa824f2fae81f6?s=96&d=mm&r=g\",\"url\":\"https:\\\/\\\/secure.gravatar.com\\\/avatar\\\/dcdcc93cc5edddd2f3ef77245866172c7d7241a11ad58e1959aa824f2fae81f6?s=96&d=mm&r=g\",\"contentUrl\":\"https:\\\/\\\/secure.gravatar.com\\\/avatar\\\/dcdcc93cc5edddd2f3ef77245866172c7d7241a11ad58e1959aa824f2fae81f6?s=96&d=mm&r=g\",\"caption\":\"LatAm Reports Redatores da Equipe\"}}]}<\/script>\n<!-- \/ Yoast SEO plugin. -->","yoast_head_json":{"title":"Lula atribui infla\u00e7\u00e3o dos alimentos \u00e0 alta do d\u00f3lar, pol\u00edtica do BC...","description":"Durante entrevista a r\u00e1dios da Bahia nesta quinta-feira,6, o presidente Luiz In\u00e1cio Lula da Silva apontou tr\u00eas fatores que, segundo ele...","robots":{"index":"index","follow":"follow","max-snippet":"max-snippet:-1","max-image-preview":"max-image-preview:large","max-video-preview":"max-video-preview:-1"},"canonical":"https:\/\/latamreports.com\/br\/lula-atribui-inflacao-dos-alimentos-a-alta-do-dolar-politica-do-banco-central-e-aumento-das-exportacoes\/","og_locale":"en_US","og_type":"article","og_title":"Lula atribui infla\u00e7\u00e3o dos alimentos \u00e0 alta do d\u00f3lar, pol\u00edtica do BC...","og_description":"Durante entrevista a r\u00e1dios da Bahia nesta quinta-feira,6, o presidente Luiz In\u00e1cio Lula da Silva apontou tr\u00eas fatores que, segundo ele...","og_url":"https:\/\/latamreports.com\/br\/lula-atribui-inflacao-dos-alimentos-a-alta-do-dolar-politica-do-banco-central-e-aumento-das-exportacoes\/","og_site_name":"LatAm Reports","article_publisher":"https:\/\/facebook.com\/latamreports","article_published_time":"2025-02-06T17:57:27+00:00","article_modified_time":"2025-02-06T17:57:29+00:00","og_image":[{"width":1200,"height":630,"url":"https:\/\/latamreports.com\/br\/wp-content\/uploads\/desing1-3-1.png","type":"image\/png"}],"author":"LatAm Reports Redatores da Equipe","twitter_card":"summary_large_image","twitter_creator":"@latamreports","twitter_site":"@latamreports","twitter_misc":{"Written by":"LatAm Reports Redatores da Equipe","Est. reading time":"2 minutes"},"schema":{"@context":"https:\/\/schema.org","@graph":[{"@type":"Article","@id":"https:\/\/latamreports.com\/br\/lula-atribui-inflacao-dos-alimentos-a-alta-do-dolar-politica-do-banco-central-e-aumento-das-exportacoes\/#article","isPartOf":{"@id":"https:\/\/latamreports.com\/br\/lula-atribui-inflacao-dos-alimentos-a-alta-do-dolar-politica-do-banco-central-e-aumento-das-exportacoes\/"},"author":{"name":"LatAm Reports Redatores da Equipe","@id":"https:\/\/latamreports.com\/br\/#\/schema\/person\/a561f2de7e5ccabfab38d239b39fdb70"},"headline":"Lula atribui infla\u00e7\u00e3o dos alimentos \u00e0 alta do d\u00f3lar, pol\u00edtica do Banco Central e aumento das exporta\u00e7\u00f5es","datePublished":"2025-02-06T17:57:27+00:00","dateModified":"2025-02-06T17:57:29+00:00","mainEntityOfPage":{"@id":"https:\/\/latamreports.com\/br\/lula-atribui-inflacao-dos-alimentos-a-alta-do-dolar-politica-do-banco-central-e-aumento-das-exportacoes\/"},"wordCount":509,"publisher":{"@id":"https:\/\/latamreports.com\/br\/#organization"},"image":{"@id":"https:\/\/latamreports.com\/br\/lula-atribui-inflacao-dos-alimentos-a-alta-do-dolar-politica-do-banco-central-e-aumento-das-exportacoes\/#primaryimage"},"thumbnailUrl":"https:\/\/latamreports.com\/br\/wp-content\/uploads\/desing1-3-1.png","keywords":["Brasil"],"articleSection":["Pol\u00edtica"],"inLanguage":"en-US"},{"@type":"WebPage","@id":"https:\/\/latamreports.com\/br\/lula-atribui-inflacao-dos-alimentos-a-alta-do-dolar-politica-do-banco-central-e-aumento-das-exportacoes\/","url":"https:\/\/latamreports.com\/br\/lula-atribui-inflacao-dos-alimentos-a-alta-do-dolar-politica-do-banco-central-e-aumento-das-exportacoes\/","name":"Lula atribui infla\u00e7\u00e3o dos alimentos \u00e0 alta do d\u00f3lar, pol\u00edtica do BC...","isPartOf":{"@id":"https:\/\/latamreports.com\/br\/#website"},"primaryImageOfPage":{"@id":"https:\/\/latamreports.com\/br\/lula-atribui-inflacao-dos-alimentos-a-alta-do-dolar-politica-do-banco-central-e-aumento-das-exportacoes\/#primaryimage"},"image":{"@id":"https:\/\/latamreports.com\/br\/lula-atribui-inflacao-dos-alimentos-a-alta-do-dolar-politica-do-banco-central-e-aumento-das-exportacoes\/#primaryimage"},"thumbnailUrl":"https:\/\/latamreports.com\/br\/wp-content\/uploads\/desing1-3-1.png","datePublished":"2025-02-06T17:57:27+00:00","dateModified":"2025-02-06T17:57:29+00:00","description":"Durante entrevista a r\u00e1dios da Bahia nesta quinta-feira,6, o presidente Luiz In\u00e1cio Lula da Silva apontou tr\u00eas fatores que, segundo ele...","breadcrumb":{"@id":"https:\/\/latamreports.com\/br\/lula-atribui-inflacao-dos-alimentos-a-alta-do-dolar-politica-do-banco-central-e-aumento-das-exportacoes\/#breadcrumb"},"inLanguage":"en-US","potentialAction":[{"@type":"ReadAction","target":["https:\/\/latamreports.com\/br\/lula-atribui-inflacao-dos-alimentos-a-alta-do-dolar-politica-do-banco-central-e-aumento-das-exportacoes\/"]}]},{"@type":"ImageObject","inLanguage":"en-US","@id":"https:\/\/latamreports.com\/br\/lula-atribui-inflacao-dos-alimentos-a-alta-do-dolar-politica-do-banco-central-e-aumento-das-exportacoes\/#primaryimage","url":"https:\/\/latamreports.com\/br\/wp-content\/uploads\/desing1-3-1.png","contentUrl":"https:\/\/latamreports.com\/br\/wp-content\/uploads\/desing1-3-1.png","width":1200,"height":630,"caption":"Lula atribui infla\u00e7\u00e3o dos alimentos \u00e0 alta do d\u00f3lar, pol\u00edtica do Banco Central e aumento das exporta\u00e7\u00f5es"},{"@type":"BreadcrumbList","@id":"https:\/\/latamreports.com\/br\/lula-atribui-inflacao-dos-alimentos-a-alta-do-dolar-politica-do-banco-central-e-aumento-das-exportacoes\/#breadcrumb","itemListElement":[{"@type":"ListItem","position":1,"name":"Home","item":"https:\/\/latamreports.com\/br\/"},{"@type":"ListItem","position":2,"name":"Lula atribui infla\u00e7\u00e3o dos alimentos \u00e0 alta do d\u00f3lar, pol\u00edtica do Banco Central e aumento das exporta\u00e7\u00f5es"}]},{"@type":"WebSite","@id":"https:\/\/latamreports.com\/br\/#website","url":"https:\/\/latamreports.com\/br\/","name":"LatAm Reports","description":"Not\u00edcias e opini\u00f5es de todas as Am\u00e9ricas","publisher":{"@id":"https:\/\/latamreports.com\/br\/#organization"},"potentialAction":[{"@type":"SearchAction","target":{"@type":"EntryPoint","urlTemplate":"https:\/\/latamreports.com\/br\/?s={search_term_string}"},"query-input":{"@type":"PropertyValueSpecification","valueRequired":true,"valueName":"search_term_string"}}],"inLanguage":"en-US"},{"@type":"Organization","@id":"https:\/\/latamreports.com\/br\/#organization","name":"LatAm Reports","url":"https:\/\/latamreports.com\/br\/","logo":{"@type":"ImageObject","inLanguage":"en-US","@id":"https:\/\/latamreports.com\/br\/#\/schema\/logo\/image\/","url":"https:\/\/latamreports.com\/br\/wp-content\/uploads\/cropped-PNG2.png","contentUrl":"https:\/\/latamreports.com\/br\/wp-content\/uploads\/cropped-PNG2.png","width":2522,"height":1014,"caption":"LatAm Reports"},"image":{"@id":"https:\/\/latamreports.com\/br\/#\/schema\/logo\/image\/"},"sameAs":["https:\/\/facebook.com\/latamreports","https:\/\/x.com\/latamreports"]},{"@type":"Person","@id":"https:\/\/latamreports.com\/br\/#\/schema\/person\/a561f2de7e5ccabfab38d239b39fdb70","name":"LatAm Reports Redatores da Equipe","image":{"@type":"ImageObject","inLanguage":"en-US","@id":"https:\/\/secure.gravatar.com\/avatar\/dcdcc93cc5edddd2f3ef77245866172c7d7241a11ad58e1959aa824f2fae81f6?s=96&d=mm&r=g","url":"https:\/\/secure.gravatar.com\/avatar\/dcdcc93cc5edddd2f3ef77245866172c7d7241a11ad58e1959aa824f2fae81f6?s=96&d=mm&r=g","contentUrl":"https:\/\/secure.gravatar.com\/avatar\/dcdcc93cc5edddd2f3ef77245866172c7d7241a11ad58e1959aa824f2fae81f6?s=96&d=mm&r=g","caption":"LatAm Reports Redatores da Equipe"}}]}},"jetpack_publicize_connections":[],"_links":{"self":[{"href":"https:\/\/latamreports.com\/br\/wp-json\/wp\/v2\/posts\/10529","targetHints":{"allow":["GET"]}}],"collection":[{"href":"https:\/\/latamreports.com\/br\/wp-json\/wp\/v2\/posts"}],"about":[{"href":"https:\/\/latamreports.com\/br\/wp-json\/wp\/v2\/types\/post"}],"author":[{"embeddable":true,"href":"https:\/\/latamreports.com\/br\/wp-json\/wp\/v2\/users\/7"}],"replies":[{"embeddable":true,"href":"https:\/\/latamreports.com\/br\/wp-json\/wp\/v2\/comments?post=10529"}],"version-history":[{"count":1,"href":"https:\/\/latamreports.com\/br\/wp-json\/wp\/v2\/posts\/10529\/revisions"}],"predecessor-version":[{"id":10531,"href":"https:\/\/latamreports.com\/br\/wp-json\/wp\/v2\/posts\/10529\/revisions\/10531"}],"wp:featuredmedia":[{"embeddable":true,"href":"https:\/\/latamreports.com\/br\/wp-json\/wp\/v2\/media\/10530"}],"wp:attachment":[{"href":"https:\/\/latamreports.com\/br\/wp-json\/wp\/v2\/media?parent=10529"}],"wp:term":[{"taxonomy":"category","embeddable":true,"href":"https:\/\/latamreports.com\/br\/wp-json\/wp\/v2\/categories?post=10529"},{"taxonomy":"post_tag","embeddable":true,"href":"https:\/\/latamreports.com\/br\/wp-json\/wp\/v2\/tags?post=10529"}],"curies":[{"name":"wp","href":"https:\/\/api.w.org\/{rel}","templated":true}]}}