{"id":10525,"date":"2025-02-06T17:51:32","date_gmt":"2025-02-06T17:51:32","guid":{"rendered":"https:\/\/latamreports.com\/br\/?p=10525"},"modified":"2025-02-06T17:51:34","modified_gmt":"2025-02-06T17:51:34","slug":"chuvas-no-grande-recife-deixam-seis-mortos-incluindo-mae-e-filha-em-deslizamento","status":"publish","type":"post","link":"https:\/\/latamreports.com\/br\/chuvas-no-grande-recife-deixam-seis-mortos-incluindo-mae-e-filha-em-deslizamento\/","title":{"rendered":"Chuvas no Grande Recife deixam seis mortos, incluindo m\u00e3e e filha em deslizamento"},"content":{"rendered":"\n<p>As <a href=\"https:\/\/latamreports.com\/br\/semana-no-rio-grande-do-sul-deve-ser-marcada-por-fortes-chuvas-e-instabilidades\/\">fortes chuvas<\/a> que atingem o Grande Recife provocaram mais tr\u00eas mortes entre quarta-feira, 5, e quinta-feira, 6, elevando o n\u00famero total de v\u00edtimas para seis. Entre os \u00faltimos casos registrados est\u00e3o o deslizamento de uma barreira no bairro do Passarinho, na Zona Norte do Recife, e a morte de uma mulher eletrocutada em Paulista.<\/p>\n\n\n\n<p>No deslizamento ocorrido no C\u00f3rrego da Bica, morreram Maria da Concei\u00e7\u00e3o Braz de Melo, de 51 anos, e sua filha, Nicole Melo Braz de Souza, de 23 anos. O acidente aconteceu durante a madrugada de quinta-feira. Segundo o prefeito Jo\u00e3o Campos, o Samu foi acionado \u00e0s 2h15, mas, quando chegou, encontrou a casa j\u00e1 destru\u00edda. Vizinhos relataram ter ouvido um forte estrondo e tentaram ajudar no resgate, mas as condi\u00e7\u00f5es do local dificultaram o acesso. Os corpos foram localizados por volta das 6h30.<\/p>\n\n\n\n<p>Em Paulista, na noite de quarta-feira, uma mulher de 24 anos morreu ap\u00f3s sofrer um choque el\u00e9trico em um im\u00f3vel na Avenida Ant\u00f4nio Cabral de Souza, no bairro Loteamento Nossa Senhora da Concei\u00e7\u00e3o. O Samu foi acionado \u00e0s 20h49, mas a v\u00edtima n\u00e3o resistiu apesar das tentativas de reanima\u00e7\u00e3o.<\/p>\n\n\n\n<p>Al\u00e9m desses casos, outras tr\u00eas mortes j\u00e1 haviam sido registradas na quarta-feira. Pela manh\u00e3, Ruan Pablo da Silva Melo, de 21 anos, morreu ap\u00f3s sofrer um choque el\u00e9trico em um alagamento na Rua Dom Bosco, no Centro do Recife. \u00c0 tarde, dois homens foram encontrados mortos: um no bairro da Est\u00e2ncia, na Zona Oeste da cidade, e outro em Camaragibe, na Regi\u00e3o Metropolitana. Ambos teriam sido arrastados pela correnteza.<\/p>\n\n\n\n<h2 class=\"wp-block-heading\">Chuvas em todo estado<\/h2>\n\n\n\n<p>As <a href=\"https:\/\/latamreports.com\/br\/chuvas-extremas-deixam-10-mortos-em-ipatinga-minas-gerais\/\">chuvas<\/a> tamb\u00e9m provocaram deslizamentos de terra em diversos munic\u00edpios. A Defesa Civil do Recife informou que mais de 400 im\u00f3veis est\u00e3o em \u00e1reas de risco na regi\u00e3o do C\u00f3rrego da Bica. O coronel C\u00e1ssio Sinomar destacou a necessidade de reavaliar as condi\u00e7\u00f5es de seguran\u00e7a em outras localidades afetadas.<\/p>\n\n\n\n<p>Com a intensifica\u00e7\u00e3o das chuvas, a Prefeitura do Recife renovou o alerta m\u00e1ximo para ocorr\u00eancias relacionadas ao ac\u00famulo de \u00e1gua. O prefeito Jo\u00e3o Campos explicou que o acumulado de chuva superou 187 mil\u00edmetros em 24 horas, valor acima do esperado para todo o m\u00eas de fevereiro.<\/p>\n\n\n\n<p>Mais de 100 pessoas foram desalojadas devido aos alagamentos. A Prefeitura disponibilizou 500 vagas em sete abrigos tempor\u00e1rios na capital. Em Jaboat\u00e3o dos Guararapes, 17 pessoas deixaram suas casas, enquanto em Paulista, 20 fam\u00edlias ficaram desalojadas.<\/p>\n\n\n\n<p>A Companhia Pernambucana de Saneamento (Compesa) suspendeu o abastecimento de \u00e1gua em \u00e1reas de morro em sete cidades, incluindo Recife, Jaboat\u00e3o dos Guararapes e Olinda. At\u00e9 o momento, ao menos 30 deslizamentos de terra foram registrados, mas sem registro de feridos.<\/p>\n\n\n\n<p>A Defesa Civil do Recife permanece em plant\u00e3o permanente e pode ser acionada pelo telefone 0800.081.3400. Outros munic\u00edpios da Regi\u00e3o Metropolitana tamb\u00e9m disponibilizaram contatos para emerg\u00eancias relacionadas \u00e0s chuvas.<\/p>\n","protected":false},"excerpt":{"rendered":"<p>As fortes chuvas que atingem o Grande Recife provocaram mais tr\u00eas mortes entre quarta-feira, 5, e quinta-feira, 6, elevando o n\u00famero total de v\u00edtimas para &#8230; <a title=\"Chuvas no Grande Recife deixam seis mortos, incluindo m\u00e3e e filha em deslizamento\" class=\"read-more\" href=\"https:\/\/latamreports.com\/br\/chuvas-no-grande-recife-deixam-seis-mortos-incluindo-mae-e-filha-em-deslizamento\/\" aria-label=\"Read more about Chuvas no Grande Recife deixam seis mortos, incluindo m\u00e3e e filha em deslizamento\">Read more<\/a><\/p>\n","protected":false},"author":7,"featured_media":10526,"comment_status":"closed","ping_status":"closed","sticky":false,"template":"","format":"standard","meta":{"footnotes":"","jetpack_publicize_message":"","jetpack_publicize_feature_enabled":true,"jetpack_social_post_already_shared":true,"jetpack_social_options":{"image_generator_settings":{"template":"highway","default_image_id":0,"font":"","enabled":false},"version":2}},"categories":[13],"tags":[31],"class_list":["post-10525","post","type-post","status-publish","format-standard","has-post-thumbnail","hentry","category-politica","tag-brasil","resize-featured-image"],"yoast_head":"<!-- This site is optimized with the Yoast SEO plugin v27.4 - https:\/\/yoast.com\/product\/yoast-seo-wordpress\/ -->\n<title>Chuvas no Grande Recife deixam seis mortos<\/title>\n<meta name=\"description\" content=\"As fortes chuvas que atingem o Grande Recife provocaram mais tr\u00eas mortes entre quarta-feira, 5, e quinta-feira, 6, elevando o n\u00famero...\" \/>\n<meta name=\"robots\" content=\"index, follow, max-snippet:-1, max-image-preview:large, max-video-preview:-1\" \/>\n<link rel=\"canonical\" href=\"https:\/\/latamreports.com\/br\/chuvas-no-grande-recife-deixam-seis-mortos-incluindo-mae-e-filha-em-deslizamento\/\" \/>\n<meta property=\"og:locale\" content=\"en_US\" \/>\n<meta property=\"og:type\" content=\"article\" \/>\n<meta property=\"og:title\" content=\"Chuvas no Grande Recife deixam seis mortos\" \/>\n<meta property=\"og:description\" content=\"As fortes chuvas que atingem o Grande Recife provocaram mais tr\u00eas mortes entre quarta-feira, 5, e quinta-feira, 6, elevando o n\u00famero...\" \/>\n<meta property=\"og:url\" content=\"https:\/\/latamreports.com\/br\/chuvas-no-grande-recife-deixam-seis-mortos-incluindo-mae-e-filha-em-deslizamento\/\" \/>\n<meta property=\"og:site_name\" content=\"LatAm Reports\" \/>\n<meta property=\"article:publisher\" content=\"https:\/\/facebook.com\/latamreports\" \/>\n<meta property=\"article:published_time\" content=\"2025-02-06T17:51:32+00:00\" \/>\n<meta property=\"article:modified_time\" content=\"2025-02-06T17:51:34+00:00\" \/>\n<meta property=\"og:image\" content=\"https:\/\/latamreports.com\/br\/wp-content\/uploads\/desing1-2-1.png\" \/>\n\t<meta property=\"og:image:width\" content=\"1200\" \/>\n\t<meta property=\"og:image:height\" content=\"630\" \/>\n\t<meta property=\"og:image:type\" content=\"image\/png\" \/>\n<meta name=\"author\" content=\"LatAm Reports Redatores da Equipe\" \/>\n<meta name=\"twitter:card\" content=\"summary_large_image\" \/>\n<meta name=\"twitter:creator\" content=\"@latamreports\" \/>\n<meta name=\"twitter:site\" content=\"@latamreports\" \/>\n<meta name=\"twitter:label1\" content=\"Written by\" \/>\n\t<meta name=\"twitter:data1\" content=\"LatAm Reports Redatores da Equipe\" \/>\n\t<meta name=\"twitter:label2\" content=\"Est. reading time\" \/>\n\t<meta name=\"twitter:data2\" content=\"3 minutes\" \/>\n<script type=\"application\/ld+json\" class=\"yoast-schema-graph\">{\"@context\":\"https:\\\/\\\/schema.org\",\"@graph\":[{\"@type\":\"Article\",\"@id\":\"https:\\\/\\\/latamreports.com\\\/br\\\/chuvas-no-grande-recife-deixam-seis-mortos-incluindo-mae-e-filha-em-deslizamento\\\/#article\",\"isPartOf\":{\"@id\":\"https:\\\/\\\/latamreports.com\\\/br\\\/chuvas-no-grande-recife-deixam-seis-mortos-incluindo-mae-e-filha-em-deslizamento\\\/\"},\"author\":{\"name\":\"LatAm Reports Redatores da Equipe\",\"@id\":\"https:\\\/\\\/latamreports.com\\\/br\\\/#\\\/schema\\\/person\\\/a561f2de7e5ccabfab38d239b39fdb70\"},\"headline\":\"Chuvas no Grande Recife deixam seis mortos, incluindo m\u00e3e e filha em deslizamento\",\"datePublished\":\"2025-02-06T17:51:32+00:00\",\"dateModified\":\"2025-02-06T17:51:34+00:00\",\"mainEntityOfPage\":{\"@id\":\"https:\\\/\\\/latamreports.com\\\/br\\\/chuvas-no-grande-recife-deixam-seis-mortos-incluindo-mae-e-filha-em-deslizamento\\\/\"},\"wordCount\":507,\"publisher\":{\"@id\":\"https:\\\/\\\/latamreports.com\\\/br\\\/#organization\"},\"image\":{\"@id\":\"https:\\\/\\\/latamreports.com\\\/br\\\/chuvas-no-grande-recife-deixam-seis-mortos-incluindo-mae-e-filha-em-deslizamento\\\/#primaryimage\"},\"thumbnailUrl\":\"https:\\\/\\\/latamreports.com\\\/br\\\/wp-content\\\/uploads\\\/desing1-2-1.png\",\"keywords\":[\"Brasil\"],\"articleSection\":[\"Pol\u00edtica\"],\"inLanguage\":\"en-US\"},{\"@type\":\"WebPage\",\"@id\":\"https:\\\/\\\/latamreports.com\\\/br\\\/chuvas-no-grande-recife-deixam-seis-mortos-incluindo-mae-e-filha-em-deslizamento\\\/\",\"url\":\"https:\\\/\\\/latamreports.com\\\/br\\\/chuvas-no-grande-recife-deixam-seis-mortos-incluindo-mae-e-filha-em-deslizamento\\\/\",\"name\":\"Chuvas no Grande Recife deixam seis mortos\",\"isPartOf\":{\"@id\":\"https:\\\/\\\/latamreports.com\\\/br\\\/#website\"},\"primaryImageOfPage\":{\"@id\":\"https:\\\/\\\/latamreports.com\\\/br\\\/chuvas-no-grande-recife-deixam-seis-mortos-incluindo-mae-e-filha-em-deslizamento\\\/#primaryimage\"},\"image\":{\"@id\":\"https:\\\/\\\/latamreports.com\\\/br\\\/chuvas-no-grande-recife-deixam-seis-mortos-incluindo-mae-e-filha-em-deslizamento\\\/#primaryimage\"},\"thumbnailUrl\":\"https:\\\/\\\/latamreports.com\\\/br\\\/wp-content\\\/uploads\\\/desing1-2-1.png\",\"datePublished\":\"2025-02-06T17:51:32+00:00\",\"dateModified\":\"2025-02-06T17:51:34+00:00\",\"description\":\"As fortes chuvas que atingem o Grande Recife provocaram mais tr\u00eas mortes entre quarta-feira, 5, e quinta-feira, 6, elevando o n\u00famero...\",\"breadcrumb\":{\"@id\":\"https:\\\/\\\/latamreports.com\\\/br\\\/chuvas-no-grande-recife-deixam-seis-mortos-incluindo-mae-e-filha-em-deslizamento\\\/#breadcrumb\"},\"inLanguage\":\"en-US\",\"potentialAction\":[{\"@type\":\"ReadAction\",\"target\":[\"https:\\\/\\\/latamreports.com\\\/br\\\/chuvas-no-grande-recife-deixam-seis-mortos-incluindo-mae-e-filha-em-deslizamento\\\/\"]}]},{\"@type\":\"ImageObject\",\"inLanguage\":\"en-US\",\"@id\":\"https:\\\/\\\/latamreports.com\\\/br\\\/chuvas-no-grande-recife-deixam-seis-mortos-incluindo-mae-e-filha-em-deslizamento\\\/#primaryimage\",\"url\":\"https:\\\/\\\/latamreports.com\\\/br\\\/wp-content\\\/uploads\\\/desing1-2-1.png\",\"contentUrl\":\"https:\\\/\\\/latamreports.com\\\/br\\\/wp-content\\\/uploads\\\/desing1-2-1.png\",\"width\":1200,\"height\":630,\"caption\":\"Chuvas no Grande Recife deixam seis mortos, incluindo m\u00e3e e filha em deslizamento\"},{\"@type\":\"BreadcrumbList\",\"@id\":\"https:\\\/\\\/latamreports.com\\\/br\\\/chuvas-no-grande-recife-deixam-seis-mortos-incluindo-mae-e-filha-em-deslizamento\\\/#breadcrumb\",\"itemListElement\":[{\"@type\":\"ListItem\",\"position\":1,\"name\":\"Home\",\"item\":\"https:\\\/\\\/latamreports.com\\\/br\\\/\"},{\"@type\":\"ListItem\",\"position\":2,\"name\":\"Chuvas no Grande Recife deixam seis mortos, incluindo m\u00e3e e filha em deslizamento\"}]},{\"@type\":\"WebSite\",\"@id\":\"https:\\\/\\\/latamreports.com\\\/br\\\/#website\",\"url\":\"https:\\\/\\\/latamreports.com\\\/br\\\/\",\"name\":\"LatAm Reports\",\"description\":\"Not\u00edcias e opini\u00f5es de todas as Am\u00e9ricas\",\"publisher\":{\"@id\":\"https:\\\/\\\/latamreports.com\\\/br\\\/#organization\"},\"potentialAction\":[{\"@type\":\"SearchAction\",\"target\":{\"@type\":\"EntryPoint\",\"urlTemplate\":\"https:\\\/\\\/latamreports.com\\\/br\\\/?s={search_term_string}\"},\"query-input\":{\"@type\":\"PropertyValueSpecification\",\"valueRequired\":true,\"valueName\":\"search_term_string\"}}],\"inLanguage\":\"en-US\"},{\"@type\":\"Organization\",\"@id\":\"https:\\\/\\\/latamreports.com\\\/br\\\/#organization\",\"name\":\"LatAm Reports\",\"url\":\"https:\\\/\\\/latamreports.com\\\/br\\\/\",\"logo\":{\"@type\":\"ImageObject\",\"inLanguage\":\"en-US\",\"@id\":\"https:\\\/\\\/latamreports.com\\\/br\\\/#\\\/schema\\\/logo\\\/image\\\/\",\"url\":\"https:\\\/\\\/latamreports.com\\\/br\\\/wp-content\\\/uploads\\\/cropped-PNG2.png\",\"contentUrl\":\"https:\\\/\\\/latamreports.com\\\/br\\\/wp-content\\\/uploads\\\/cropped-PNG2.png\",\"width\":2522,\"height\":1014,\"caption\":\"LatAm Reports\"},\"image\":{\"@id\":\"https:\\\/\\\/latamreports.com\\\/br\\\/#\\\/schema\\\/logo\\\/image\\\/\"},\"sameAs\":[\"https:\\\/\\\/facebook.com\\\/latamreports\",\"https:\\\/\\\/x.com\\\/latamreports\"]},{\"@type\":\"Person\",\"@id\":\"https:\\\/\\\/latamreports.com\\\/br\\\/#\\\/schema\\\/person\\\/a561f2de7e5ccabfab38d239b39fdb70\",\"name\":\"LatAm Reports Redatores da Equipe\",\"image\":{\"@type\":\"ImageObject\",\"inLanguage\":\"en-US\",\"@id\":\"https:\\\/\\\/secure.gravatar.com\\\/avatar\\\/dcdcc93cc5edddd2f3ef77245866172c7d7241a11ad58e1959aa824f2fae81f6?s=96&d=mm&r=g\",\"url\":\"https:\\\/\\\/secure.gravatar.com\\\/avatar\\\/dcdcc93cc5edddd2f3ef77245866172c7d7241a11ad58e1959aa824f2fae81f6?s=96&d=mm&r=g\",\"contentUrl\":\"https:\\\/\\\/secure.gravatar.com\\\/avatar\\\/dcdcc93cc5edddd2f3ef77245866172c7d7241a11ad58e1959aa824f2fae81f6?s=96&d=mm&r=g\",\"caption\":\"LatAm Reports Redatores da Equipe\"}}]}<\/script>\n<!-- \/ Yoast SEO plugin. -->","yoast_head_json":{"title":"Chuvas no Grande Recife deixam seis mortos","description":"As fortes chuvas que atingem o Grande Recife provocaram mais tr\u00eas mortes entre quarta-feira, 5, e quinta-feira, 6, elevando o n\u00famero...","robots":{"index":"index","follow":"follow","max-snippet":"max-snippet:-1","max-image-preview":"max-image-preview:large","max-video-preview":"max-video-preview:-1"},"canonical":"https:\/\/latamreports.com\/br\/chuvas-no-grande-recife-deixam-seis-mortos-incluindo-mae-e-filha-em-deslizamento\/","og_locale":"en_US","og_type":"article","og_title":"Chuvas no Grande Recife deixam seis mortos","og_description":"As fortes chuvas que atingem o Grande Recife provocaram mais tr\u00eas mortes entre quarta-feira, 5, e quinta-feira, 6, elevando o n\u00famero...","og_url":"https:\/\/latamreports.com\/br\/chuvas-no-grande-recife-deixam-seis-mortos-incluindo-mae-e-filha-em-deslizamento\/","og_site_name":"LatAm Reports","article_publisher":"https:\/\/facebook.com\/latamreports","article_published_time":"2025-02-06T17:51:32+00:00","article_modified_time":"2025-02-06T17:51:34+00:00","og_image":[{"width":1200,"height":630,"url":"https:\/\/latamreports.com\/br\/wp-content\/uploads\/desing1-2-1.png","type":"image\/png"}],"author":"LatAm Reports Redatores da Equipe","twitter_card":"summary_large_image","twitter_creator":"@latamreports","twitter_site":"@latamreports","twitter_misc":{"Written by":"LatAm Reports Redatores da Equipe","Est. reading time":"3 minutes"},"schema":{"@context":"https:\/\/schema.org","@graph":[{"@type":"Article","@id":"https:\/\/latamreports.com\/br\/chuvas-no-grande-recife-deixam-seis-mortos-incluindo-mae-e-filha-em-deslizamento\/#article","isPartOf":{"@id":"https:\/\/latamreports.com\/br\/chuvas-no-grande-recife-deixam-seis-mortos-incluindo-mae-e-filha-em-deslizamento\/"},"author":{"name":"LatAm Reports Redatores da Equipe","@id":"https:\/\/latamreports.com\/br\/#\/schema\/person\/a561f2de7e5ccabfab38d239b39fdb70"},"headline":"Chuvas no Grande Recife deixam seis mortos, incluindo m\u00e3e e filha em deslizamento","datePublished":"2025-02-06T17:51:32+00:00","dateModified":"2025-02-06T17:51:34+00:00","mainEntityOfPage":{"@id":"https:\/\/latamreports.com\/br\/chuvas-no-grande-recife-deixam-seis-mortos-incluindo-mae-e-filha-em-deslizamento\/"},"wordCount":507,"publisher":{"@id":"https:\/\/latamreports.com\/br\/#organization"},"image":{"@id":"https:\/\/latamreports.com\/br\/chuvas-no-grande-recife-deixam-seis-mortos-incluindo-mae-e-filha-em-deslizamento\/#primaryimage"},"thumbnailUrl":"https:\/\/latamreports.com\/br\/wp-content\/uploads\/desing1-2-1.png","keywords":["Brasil"],"articleSection":["Pol\u00edtica"],"inLanguage":"en-US"},{"@type":"WebPage","@id":"https:\/\/latamreports.com\/br\/chuvas-no-grande-recife-deixam-seis-mortos-incluindo-mae-e-filha-em-deslizamento\/","url":"https:\/\/latamreports.com\/br\/chuvas-no-grande-recife-deixam-seis-mortos-incluindo-mae-e-filha-em-deslizamento\/","name":"Chuvas no Grande Recife deixam seis mortos","isPartOf":{"@id":"https:\/\/latamreports.com\/br\/#website"},"primaryImageOfPage":{"@id":"https:\/\/latamreports.com\/br\/chuvas-no-grande-recife-deixam-seis-mortos-incluindo-mae-e-filha-em-deslizamento\/#primaryimage"},"image":{"@id":"https:\/\/latamreports.com\/br\/chuvas-no-grande-recife-deixam-seis-mortos-incluindo-mae-e-filha-em-deslizamento\/#primaryimage"},"thumbnailUrl":"https:\/\/latamreports.com\/br\/wp-content\/uploads\/desing1-2-1.png","datePublished":"2025-02-06T17:51:32+00:00","dateModified":"2025-02-06T17:51:34+00:00","description":"As fortes chuvas que atingem o Grande Recife provocaram mais tr\u00eas mortes entre quarta-feira, 5, e quinta-feira, 6, elevando o n\u00famero...","breadcrumb":{"@id":"https:\/\/latamreports.com\/br\/chuvas-no-grande-recife-deixam-seis-mortos-incluindo-mae-e-filha-em-deslizamento\/#breadcrumb"},"inLanguage":"en-US","potentialAction":[{"@type":"ReadAction","target":["https:\/\/latamreports.com\/br\/chuvas-no-grande-recife-deixam-seis-mortos-incluindo-mae-e-filha-em-deslizamento\/"]}]},{"@type":"ImageObject","inLanguage":"en-US","@id":"https:\/\/latamreports.com\/br\/chuvas-no-grande-recife-deixam-seis-mortos-incluindo-mae-e-filha-em-deslizamento\/#primaryimage","url":"https:\/\/latamreports.com\/br\/wp-content\/uploads\/desing1-2-1.png","contentUrl":"https:\/\/latamreports.com\/br\/wp-content\/uploads\/desing1-2-1.png","width":1200,"height":630,"caption":"Chuvas no Grande Recife deixam seis mortos, incluindo m\u00e3e e filha em deslizamento"},{"@type":"BreadcrumbList","@id":"https:\/\/latamreports.com\/br\/chuvas-no-grande-recife-deixam-seis-mortos-incluindo-mae-e-filha-em-deslizamento\/#breadcrumb","itemListElement":[{"@type":"ListItem","position":1,"name":"Home","item":"https:\/\/latamreports.com\/br\/"},{"@type":"ListItem","position":2,"name":"Chuvas no Grande Recife deixam seis mortos, incluindo m\u00e3e e filha em deslizamento"}]},{"@type":"WebSite","@id":"https:\/\/latamreports.com\/br\/#website","url":"https:\/\/latamreports.com\/br\/","name":"LatAm Reports","description":"Not\u00edcias e opini\u00f5es de todas as Am\u00e9ricas","publisher":{"@id":"https:\/\/latamreports.com\/br\/#organization"},"potentialAction":[{"@type":"SearchAction","target":{"@type":"EntryPoint","urlTemplate":"https:\/\/latamreports.com\/br\/?s={search_term_string}"},"query-input":{"@type":"PropertyValueSpecification","valueRequired":true,"valueName":"search_term_string"}}],"inLanguage":"en-US"},{"@type":"Organization","@id":"https:\/\/latamreports.com\/br\/#organization","name":"LatAm Reports","url":"https:\/\/latamreports.com\/br\/","logo":{"@type":"ImageObject","inLanguage":"en-US","@id":"https:\/\/latamreports.com\/br\/#\/schema\/logo\/image\/","url":"https:\/\/latamreports.com\/br\/wp-content\/uploads\/cropped-PNG2.png","contentUrl":"https:\/\/latamreports.com\/br\/wp-content\/uploads\/cropped-PNG2.png","width":2522,"height":1014,"caption":"LatAm Reports"},"image":{"@id":"https:\/\/latamreports.com\/br\/#\/schema\/logo\/image\/"},"sameAs":["https:\/\/facebook.com\/latamreports","https:\/\/x.com\/latamreports"]},{"@type":"Person","@id":"https:\/\/latamreports.com\/br\/#\/schema\/person\/a561f2de7e5ccabfab38d239b39fdb70","name":"LatAm Reports Redatores da Equipe","image":{"@type":"ImageObject","inLanguage":"en-US","@id":"https:\/\/secure.gravatar.com\/avatar\/dcdcc93cc5edddd2f3ef77245866172c7d7241a11ad58e1959aa824f2fae81f6?s=96&d=mm&r=g","url":"https:\/\/secure.gravatar.com\/avatar\/dcdcc93cc5edddd2f3ef77245866172c7d7241a11ad58e1959aa824f2fae81f6?s=96&d=mm&r=g","contentUrl":"https:\/\/secure.gravatar.com\/avatar\/dcdcc93cc5edddd2f3ef77245866172c7d7241a11ad58e1959aa824f2fae81f6?s=96&d=mm&r=g","caption":"LatAm Reports Redatores da Equipe"}}]}},"jetpack_publicize_connections":[],"_links":{"self":[{"href":"https:\/\/latamreports.com\/br\/wp-json\/wp\/v2\/posts\/10525","targetHints":{"allow":["GET"]}}],"collection":[{"href":"https:\/\/latamreports.com\/br\/wp-json\/wp\/v2\/posts"}],"about":[{"href":"https:\/\/latamreports.com\/br\/wp-json\/wp\/v2\/types\/post"}],"author":[{"embeddable":true,"href":"https:\/\/latamreports.com\/br\/wp-json\/wp\/v2\/users\/7"}],"replies":[{"embeddable":true,"href":"https:\/\/latamreports.com\/br\/wp-json\/wp\/v2\/comments?post=10525"}],"version-history":[{"count":2,"href":"https:\/\/latamreports.com\/br\/wp-json\/wp\/v2\/posts\/10525\/revisions"}],"predecessor-version":[{"id":10528,"href":"https:\/\/latamreports.com\/br\/wp-json\/wp\/v2\/posts\/10525\/revisions\/10528"}],"wp:featuredmedia":[{"embeddable":true,"href":"https:\/\/latamreports.com\/br\/wp-json\/wp\/v2\/media\/10526"}],"wp:attachment":[{"href":"https:\/\/latamreports.com\/br\/wp-json\/wp\/v2\/media?parent=10525"}],"wp:term":[{"taxonomy":"category","embeddable":true,"href":"https:\/\/latamreports.com\/br\/wp-json\/wp\/v2\/categories?post=10525"},{"taxonomy":"post_tag","embeddable":true,"href":"https:\/\/latamreports.com\/br\/wp-json\/wp\/v2\/tags?post=10525"}],"curies":[{"name":"wp","href":"https:\/\/api.w.org\/{rel}","templated":true}]}}