{"id":10498,"date":"2025-02-05T17:51:59","date_gmt":"2025-02-05T17:51:59","guid":{"rendered":"https:\/\/latamreports.com\/br\/?p=10498"},"modified":"2025-02-05T17:52:01","modified_gmt":"2025-02-05T17:52:01","slug":"audios-revelam-brutalidade-da-quadrilha-que-domina-bairros-da-zona-oeste-do-rio","status":"publish","type":"post","link":"https:\/\/latamreports.com\/br\/audios-revelam-brutalidade-da-quadrilha-que-domina-bairros-da-zona-oeste-do-rio\/","title":{"rendered":"\u00c1udios revelam brutalidade da quadrilha que domina bairros da Zona Oeste do Rio"},"content":{"rendered":"\n<p>Investiga\u00e7\u00f5es da Delegacia de Homic\u00eddios revelaram o terror imposto pelo Comando Vermelho na Zona Oeste do Rio de Janeiro. \u00c1udios e v\u00eddeos obtidos com exclusividade pelo <em>RJ2<\/em> mostram traficantes debatendo <a href=\"https:\/\/latamreports.com\/br\/policiais-presos-negam-envolvimento-em-assassinato-de-delator-do-pcc\/\">execu\u00e7\u00f5es<\/a> brutais, incluindo a possibilidade de arrancar o cora\u00e7\u00e3o de uma v\u00edtima.<\/p>\n\n\n\n<p>Desde o in\u00edcio da guerra entre traficantes e milicianos pelo controle da regi\u00e3o, em 2023, foram contabilizados quase 684 assassinatos. S\u00f3 no primeiro ano do conflito, o n\u00famero de homic\u00eddios cresceu 140% em rela\u00e7\u00e3o ao ano anterior.<\/p>\n\n\n\n<p>Entre os bairros mais afetados pela disputa est\u00e3o Pra\u00e7a Seca, Taquara, Freguesia, Tanque, Anil e Gard\u00eania Azul, que antes eram controlados por milicianos ou estavam fora do dom\u00ednio do tr\u00e1fico.<\/p>\n\n\n\n<h2 class=\"wp-block-heading\">\u00c1udios revelam <code>execu\u00e7\u00f5es e dom\u00ednio do crime<\/code><\/h2>\n\n\n\n<p>Em conversas gravadas, criminosos discutem a forma como realizariam assassinatos. Um deles, em di\u00e1logo com Juan Breno Malta Rodrigues, conhecido como <em>BMW<\/em>, sugere:<\/p>\n\n\n\n<blockquote class=\"wp-block-quote is-layout-flow wp-block-quote-is-layout-flow\">\n<p>\u201cN\u00f3s n\u00e3o tem tempo pra tirar o cora\u00e7\u00e3o, BMW. Porque n\u00f3s t\u00e1 no meio do mato aqui, os &#8216;cana&#8217; t\u00e1 se movimentando. N\u00f3s vai picotar essa ***** toda, vai enterrar e vida que segue.\u201d<\/p>\n<\/blockquote>\n\n\n\n<p>Outro \u00e1udio revela <em>BMW<\/em> descrevendo uma execu\u00e7\u00e3o:<\/p>\n\n\n\n<blockquote class=\"wp-block-quote is-layout-flow wp-block-quote-is-layout-flow\">\n<p>&#8220;Coloquei cinco, seis [tiros]. Ele j\u00e1 ficou tipo em p\u00e9, tipo c\u00f4co vazando. J\u00e1 fui, j\u00e1 completei e ele j\u00e1 caiu.&#8221;<\/p>\n<\/blockquote>\n\n\n\n<p>A pol\u00edcia identificou que BMW acompanhava os assassinatos em tempo real e recebia confirma\u00e7\u00f5es dos comparsas ap\u00f3s os crimes serem executados.<\/p>\n\n\n\n<h2 class=\"wp-block-heading\">Expans\u00e3o do tr\u00e1fico e aumento da viol\u00eancia<\/h2>\n\n\n\n<p>A disputa pelo territ\u00f3rio come\u00e7ou quando um miliciano de Rio das Pedras se aliou ao Comando Vermelho e ajudou a fac\u00e7\u00e3o a tomar o controle de Gard\u00eania Azul. O confronto se espalhou por outros bairros, resultando em uma escalada da viol\u00eancia e na intensifica\u00e7\u00e3o de crimes como extors\u00e3o a comerciantes e moradores.<\/p>\n\n\n\n<blockquote class=\"wp-block-quote is-layout-flow wp-block-quote-is-layout-flow\">\n<p>&#8220;Traficantes ca\u00e7am milicianos, e milicianos ca\u00e7am traficantes. O n\u00famero de homic\u00eddios dispara junto com outros crimes, como extors\u00e3o, que financia essa guerra&#8221;, explica o delegado adjunto da Delegacia de Homic\u00eddios, Leandro Costa.<\/p>\n<\/blockquote>\n\n\n\n<p>Em um dos \u00e1udios, <em>BMW<\/em> conversa com Carlos da Costa Neves, o <em>Gardenal<\/em>, chefe do Comando Vermelho no Complexo da Penha:<\/p>\n\n\n\n<blockquote class=\"wp-block-quote is-layout-flow wp-block-quote-is-layout-flow\">\n<p>&#8220;Mano, Rio das Pedras t\u00e1 em chama&#8221;, diz <em>BMW<\/em>, rindo.<\/p>\n<\/blockquote>\n\n\n\n<p>Na grava\u00e7\u00e3o, os criminosos planejam novos ataques e falam sobre incendiar vans em territ\u00f3rios rivais.<\/p>\n\n\n\n<p>Enquanto os criminosos celebram seus ataques, a popula\u00e7\u00e3o da Zona Oeste vive sob intenso medo. Relatos de moradores evidenciam a gravidade da situa\u00e7\u00e3o:<\/p>\n\n\n\n<blockquote class=\"wp-block-quote is-layout-flow wp-block-quote-is-layout-flow\">\n<p>&#8220;Eles tomam casa, expulsam fam\u00edlias e n\u00e3o acontece nada. Como \u00e9 que pode?&#8221;, lamenta um residente da Taquara.<\/p>\n<\/blockquote>\n\n\n\n<p>A viol\u00eancia impacta tamb\u00e9m o <a href=\"https:\/\/latamreports.com\/br\/e-fake-news-que-trump-declarou-recusa-em-fazer-negocios-com-o-brasil-enquanto-lula-estiver-no-poder\/\">mercado<\/a> imobili\u00e1rio. &#8220;Im\u00f3veis que valiam R$ 1,5 milh\u00e3o agora est\u00e3o sendo vendidos por R$ 400 mil e ningu\u00e9m compra. As pessoas est\u00e3o largando tudo para tr\u00e1s&#8221;, diz outro morador.<\/p>\n\n\n\n<p>Al\u00e9m do aumento nos roubos e assassinatos, o dom\u00ednio do tr\u00e1fico transformou Jacarepagu\u00e1, onde traficantes circulam fortemente armados e imp\u00f5em um clima de terror.<\/p>\n\n\n\n<blockquote class=\"wp-block-quote is-layout-flow wp-block-quote-is-layout-flow\">\n<p>&#8220;Se voc\u00ea morar em \u00e1rea de outra fac\u00e7\u00e3o, \u00e9 muito dif\u00edcil n\u00e3o ser espancado ou at\u00e9 morto&#8221;, alerta um morador.<\/p>\n<\/blockquote>\n\n\n\n<p>Muitas v\u00edtimas da guerra do crime n\u00e3o t\u00eam envolvimento com fac\u00e7\u00f5es, mas s\u00e3o mortas por suspeita de colabora\u00e7\u00e3o com milicianos. Segundo a pol\u00edcia, informantes indicam nomes de moradores e trabalhadores supostamente ligados \u00e0 mil\u00edcia, e essas pessoas acabam sendo sequestradas, interrogadas e executadas.<\/p>\n\n\n\n<blockquote class=\"wp-block-quote is-layout-flow wp-block-quote-is-layout-flow\">\n<p>&#8220;Os corpos s\u00e3o ocultados, enterrados ou jogados na \u00e1gua. Em muitos casos, nem chegam a virar investiga\u00e7\u00e3o oficial&#8221;, conclui o delegado.<\/p>\n<\/blockquote>\n\n\n\n<p>O dom\u00ednio do crime organizado na Zona Oeste do Rio segue crescendo, deixando moradores \u00e0 merc\u00ea da viol\u00eancia e sem perspectiva de seguran\u00e7a.<\/p>\n","protected":false},"excerpt":{"rendered":"<p>Investiga\u00e7\u00f5es da Delegacia de Homic\u00eddios revelaram o terror imposto pelo Comando Vermelho na Zona Oeste do Rio de Janeiro. \u00c1udios e v\u00eddeos obtidos com exclusividade &#8230; <a title=\"\u00c1udios revelam brutalidade da quadrilha que domina bairros da Zona Oeste do Rio\" class=\"read-more\" href=\"https:\/\/latamreports.com\/br\/audios-revelam-brutalidade-da-quadrilha-que-domina-bairros-da-zona-oeste-do-rio\/\" aria-label=\"Read more about \u00c1udios revelam brutalidade da quadrilha que domina bairros da Zona Oeste do Rio\">Read more<\/a><\/p>\n","protected":false},"author":7,"featured_media":10499,"comment_status":"closed","ping_status":"closed","sticky":false,"template":"","format":"standard","meta":{"footnotes":"","jetpack_publicize_message":"","jetpack_publicize_feature_enabled":true,"jetpack_social_post_already_shared":true,"jetpack_social_options":{"image_generator_settings":{"template":"highway","default_image_id":0,"font":"","enabled":false},"version":2}},"categories":[13],"tags":[31],"class_list":["post-10498","post","type-post","status-publish","format-standard","has-post-thumbnail","hentry","category-politica","tag-brasil","resize-featured-image"],"yoast_head":"<!-- This site is optimized with the Yoast SEO plugin v27.4 - https:\/\/yoast.com\/product\/yoast-seo-wordpress\/ -->\n<title>\u00c1udios revelam brutalidade da quadrilha que domina bairros<\/title>\n<meta name=\"description\" content=\"Investiga\u00e7\u00f5es da Delegacia de Homic\u00eddios revelaram o terror imposto pelo Comando Vermelho na Zona Oeste do Rio de Janeiro. \u00c1udios e v\u00eddeos...\" \/>\n<meta name=\"robots\" content=\"index, follow, max-snippet:-1, max-image-preview:large, max-video-preview:-1\" \/>\n<link rel=\"canonical\" href=\"https:\/\/latamreports.com\/br\/audios-revelam-brutalidade-da-quadrilha-que-domina-bairros-da-zona-oeste-do-rio\/\" \/>\n<meta property=\"og:locale\" content=\"en_US\" \/>\n<meta property=\"og:type\" content=\"article\" \/>\n<meta property=\"og:title\" content=\"\u00c1udios revelam brutalidade da quadrilha que domina bairros\" \/>\n<meta property=\"og:description\" content=\"Investiga\u00e7\u00f5es da Delegacia de Homic\u00eddios revelaram o terror imposto pelo Comando Vermelho na Zona Oeste do Rio de Janeiro. \u00c1udios e v\u00eddeos...\" \/>\n<meta property=\"og:url\" content=\"https:\/\/latamreports.com\/br\/audios-revelam-brutalidade-da-quadrilha-que-domina-bairros-da-zona-oeste-do-rio\/\" \/>\n<meta property=\"og:site_name\" content=\"LatAm Reports\" \/>\n<meta property=\"article:publisher\" content=\"https:\/\/facebook.com\/latamreports\" \/>\n<meta property=\"article:published_time\" content=\"2025-02-05T17:51:59+00:00\" \/>\n<meta property=\"article:modified_time\" content=\"2025-02-05T17:52:01+00:00\" \/>\n<meta property=\"og:image\" content=\"https:\/\/latamreports.com\/br\/wp-content\/uploads\/desing1-20.png\" \/>\n\t<meta property=\"og:image:width\" content=\"1200\" \/>\n\t<meta property=\"og:image:height\" content=\"630\" \/>\n\t<meta property=\"og:image:type\" content=\"image\/png\" \/>\n<meta name=\"author\" content=\"LatAm Reports Redatores da Equipe\" \/>\n<meta name=\"twitter:card\" content=\"summary_large_image\" \/>\n<meta name=\"twitter:creator\" content=\"@latamreports\" \/>\n<meta name=\"twitter:site\" content=\"@latamreports\" \/>\n<meta name=\"twitter:label1\" content=\"Written by\" \/>\n\t<meta name=\"twitter:data1\" content=\"LatAm Reports Redatores da Equipe\" \/>\n\t<meta name=\"twitter:label2\" content=\"Est. reading time\" \/>\n\t<meta name=\"twitter:data2\" content=\"2 minutes\" \/>\n<script type=\"application\/ld+json\" class=\"yoast-schema-graph\">{\"@context\":\"https:\\\/\\\/schema.org\",\"@graph\":[{\"@type\":\"Article\",\"@id\":\"https:\\\/\\\/latamreports.com\\\/br\\\/audios-revelam-brutalidade-da-quadrilha-que-domina-bairros-da-zona-oeste-do-rio\\\/#article\",\"isPartOf\":{\"@id\":\"https:\\\/\\\/latamreports.com\\\/br\\\/audios-revelam-brutalidade-da-quadrilha-que-domina-bairros-da-zona-oeste-do-rio\\\/\"},\"author\":{\"name\":\"LatAm Reports Redatores da Equipe\",\"@id\":\"https:\\\/\\\/latamreports.com\\\/br\\\/#\\\/schema\\\/person\\\/a561f2de7e5ccabfab38d239b39fdb70\"},\"headline\":\"\u00c1udios revelam brutalidade da quadrilha que domina bairros da Zona Oeste do Rio\",\"datePublished\":\"2025-02-05T17:51:59+00:00\",\"dateModified\":\"2025-02-05T17:52:01+00:00\",\"mainEntityOfPage\":{\"@id\":\"https:\\\/\\\/latamreports.com\\\/br\\\/audios-revelam-brutalidade-da-quadrilha-que-domina-bairros-da-zona-oeste-do-rio\\\/\"},\"wordCount\":641,\"publisher\":{\"@id\":\"https:\\\/\\\/latamreports.com\\\/br\\\/#organization\"},\"image\":{\"@id\":\"https:\\\/\\\/latamreports.com\\\/br\\\/audios-revelam-brutalidade-da-quadrilha-que-domina-bairros-da-zona-oeste-do-rio\\\/#primaryimage\"},\"thumbnailUrl\":\"https:\\\/\\\/latamreports.com\\\/br\\\/wp-content\\\/uploads\\\/desing1-20.png\",\"keywords\":[\"Brasil\"],\"articleSection\":[\"Pol\u00edtica\"],\"inLanguage\":\"en-US\"},{\"@type\":\"WebPage\",\"@id\":\"https:\\\/\\\/latamreports.com\\\/br\\\/audios-revelam-brutalidade-da-quadrilha-que-domina-bairros-da-zona-oeste-do-rio\\\/\",\"url\":\"https:\\\/\\\/latamreports.com\\\/br\\\/audios-revelam-brutalidade-da-quadrilha-que-domina-bairros-da-zona-oeste-do-rio\\\/\",\"name\":\"\u00c1udios revelam brutalidade da quadrilha que domina bairros\",\"isPartOf\":{\"@id\":\"https:\\\/\\\/latamreports.com\\\/br\\\/#website\"},\"primaryImageOfPage\":{\"@id\":\"https:\\\/\\\/latamreports.com\\\/br\\\/audios-revelam-brutalidade-da-quadrilha-que-domina-bairros-da-zona-oeste-do-rio\\\/#primaryimage\"},\"image\":{\"@id\":\"https:\\\/\\\/latamreports.com\\\/br\\\/audios-revelam-brutalidade-da-quadrilha-que-domina-bairros-da-zona-oeste-do-rio\\\/#primaryimage\"},\"thumbnailUrl\":\"https:\\\/\\\/latamreports.com\\\/br\\\/wp-content\\\/uploads\\\/desing1-20.png\",\"datePublished\":\"2025-02-05T17:51:59+00:00\",\"dateModified\":\"2025-02-05T17:52:01+00:00\",\"description\":\"Investiga\u00e7\u00f5es da Delegacia de Homic\u00eddios revelaram o terror imposto pelo Comando Vermelho na Zona Oeste do Rio de Janeiro. \u00c1udios e v\u00eddeos...\",\"breadcrumb\":{\"@id\":\"https:\\\/\\\/latamreports.com\\\/br\\\/audios-revelam-brutalidade-da-quadrilha-que-domina-bairros-da-zona-oeste-do-rio\\\/#breadcrumb\"},\"inLanguage\":\"en-US\",\"potentialAction\":[{\"@type\":\"ReadAction\",\"target\":[\"https:\\\/\\\/latamreports.com\\\/br\\\/audios-revelam-brutalidade-da-quadrilha-que-domina-bairros-da-zona-oeste-do-rio\\\/\"]}]},{\"@type\":\"ImageObject\",\"inLanguage\":\"en-US\",\"@id\":\"https:\\\/\\\/latamreports.com\\\/br\\\/audios-revelam-brutalidade-da-quadrilha-que-domina-bairros-da-zona-oeste-do-rio\\\/#primaryimage\",\"url\":\"https:\\\/\\\/latamreports.com\\\/br\\\/wp-content\\\/uploads\\\/desing1-20.png\",\"contentUrl\":\"https:\\\/\\\/latamreports.com\\\/br\\\/wp-content\\\/uploads\\\/desing1-20.png\",\"width\":1200,\"height\":630,\"caption\":\"\u00c1udios revelam brutalidade da quadrilha que domina bairros da Zona Oeste do Rio\"},{\"@type\":\"BreadcrumbList\",\"@id\":\"https:\\\/\\\/latamreports.com\\\/br\\\/audios-revelam-brutalidade-da-quadrilha-que-domina-bairros-da-zona-oeste-do-rio\\\/#breadcrumb\",\"itemListElement\":[{\"@type\":\"ListItem\",\"position\":1,\"name\":\"Home\",\"item\":\"https:\\\/\\\/latamreports.com\\\/br\\\/\"},{\"@type\":\"ListItem\",\"position\":2,\"name\":\"\u00c1udios revelam brutalidade da quadrilha que domina bairros da Zona Oeste do Rio\"}]},{\"@type\":\"WebSite\",\"@id\":\"https:\\\/\\\/latamreports.com\\\/br\\\/#website\",\"url\":\"https:\\\/\\\/latamreports.com\\\/br\\\/\",\"name\":\"LatAm Reports\",\"description\":\"Not\u00edcias e opini\u00f5es de todas as Am\u00e9ricas\",\"publisher\":{\"@id\":\"https:\\\/\\\/latamreports.com\\\/br\\\/#organization\"},\"potentialAction\":[{\"@type\":\"SearchAction\",\"target\":{\"@type\":\"EntryPoint\",\"urlTemplate\":\"https:\\\/\\\/latamreports.com\\\/br\\\/?s={search_term_string}\"},\"query-input\":{\"@type\":\"PropertyValueSpecification\",\"valueRequired\":true,\"valueName\":\"search_term_string\"}}],\"inLanguage\":\"en-US\"},{\"@type\":\"Organization\",\"@id\":\"https:\\\/\\\/latamreports.com\\\/br\\\/#organization\",\"name\":\"LatAm Reports\",\"url\":\"https:\\\/\\\/latamreports.com\\\/br\\\/\",\"logo\":{\"@type\":\"ImageObject\",\"inLanguage\":\"en-US\",\"@id\":\"https:\\\/\\\/latamreports.com\\\/br\\\/#\\\/schema\\\/logo\\\/image\\\/\",\"url\":\"https:\\\/\\\/latamreports.com\\\/br\\\/wp-content\\\/uploads\\\/cropped-PNG2.png\",\"contentUrl\":\"https:\\\/\\\/latamreports.com\\\/br\\\/wp-content\\\/uploads\\\/cropped-PNG2.png\",\"width\":2522,\"height\":1014,\"caption\":\"LatAm Reports\"},\"image\":{\"@id\":\"https:\\\/\\\/latamreports.com\\\/br\\\/#\\\/schema\\\/logo\\\/image\\\/\"},\"sameAs\":[\"https:\\\/\\\/facebook.com\\\/latamreports\",\"https:\\\/\\\/x.com\\\/latamreports\"]},{\"@type\":\"Person\",\"@id\":\"https:\\\/\\\/latamreports.com\\\/br\\\/#\\\/schema\\\/person\\\/a561f2de7e5ccabfab38d239b39fdb70\",\"name\":\"LatAm Reports Redatores da Equipe\",\"image\":{\"@type\":\"ImageObject\",\"inLanguage\":\"en-US\",\"@id\":\"https:\\\/\\\/secure.gravatar.com\\\/avatar\\\/dcdcc93cc5edddd2f3ef77245866172c7d7241a11ad58e1959aa824f2fae81f6?s=96&d=mm&r=g\",\"url\":\"https:\\\/\\\/secure.gravatar.com\\\/avatar\\\/dcdcc93cc5edddd2f3ef77245866172c7d7241a11ad58e1959aa824f2fae81f6?s=96&d=mm&r=g\",\"contentUrl\":\"https:\\\/\\\/secure.gravatar.com\\\/avatar\\\/dcdcc93cc5edddd2f3ef77245866172c7d7241a11ad58e1959aa824f2fae81f6?s=96&d=mm&r=g\",\"caption\":\"LatAm Reports Redatores da Equipe\"}}]}<\/script>\n<!-- \/ Yoast SEO plugin. -->","yoast_head_json":{"title":"\u00c1udios revelam brutalidade da quadrilha que domina bairros","description":"Investiga\u00e7\u00f5es da Delegacia de Homic\u00eddios revelaram o terror imposto pelo Comando Vermelho na Zona Oeste do Rio de Janeiro. \u00c1udios e v\u00eddeos...","robots":{"index":"index","follow":"follow","max-snippet":"max-snippet:-1","max-image-preview":"max-image-preview:large","max-video-preview":"max-video-preview:-1"},"canonical":"https:\/\/latamreports.com\/br\/audios-revelam-brutalidade-da-quadrilha-que-domina-bairros-da-zona-oeste-do-rio\/","og_locale":"en_US","og_type":"article","og_title":"\u00c1udios revelam brutalidade da quadrilha que domina bairros","og_description":"Investiga\u00e7\u00f5es da Delegacia de Homic\u00eddios revelaram o terror imposto pelo Comando Vermelho na Zona Oeste do Rio de Janeiro. \u00c1udios e v\u00eddeos...","og_url":"https:\/\/latamreports.com\/br\/audios-revelam-brutalidade-da-quadrilha-que-domina-bairros-da-zona-oeste-do-rio\/","og_site_name":"LatAm Reports","article_publisher":"https:\/\/facebook.com\/latamreports","article_published_time":"2025-02-05T17:51:59+00:00","article_modified_time":"2025-02-05T17:52:01+00:00","og_image":[{"width":1200,"height":630,"url":"https:\/\/latamreports.com\/br\/wp-content\/uploads\/desing1-20.png","type":"image\/png"}],"author":"LatAm Reports Redatores da Equipe","twitter_card":"summary_large_image","twitter_creator":"@latamreports","twitter_site":"@latamreports","twitter_misc":{"Written by":"LatAm Reports Redatores da Equipe","Est. reading time":"2 minutes"},"schema":{"@context":"https:\/\/schema.org","@graph":[{"@type":"Article","@id":"https:\/\/latamreports.com\/br\/audios-revelam-brutalidade-da-quadrilha-que-domina-bairros-da-zona-oeste-do-rio\/#article","isPartOf":{"@id":"https:\/\/latamreports.com\/br\/audios-revelam-brutalidade-da-quadrilha-que-domina-bairros-da-zona-oeste-do-rio\/"},"author":{"name":"LatAm Reports Redatores da Equipe","@id":"https:\/\/latamreports.com\/br\/#\/schema\/person\/a561f2de7e5ccabfab38d239b39fdb70"},"headline":"\u00c1udios revelam brutalidade da quadrilha que domina bairros da Zona Oeste do Rio","datePublished":"2025-02-05T17:51:59+00:00","dateModified":"2025-02-05T17:52:01+00:00","mainEntityOfPage":{"@id":"https:\/\/latamreports.com\/br\/audios-revelam-brutalidade-da-quadrilha-que-domina-bairros-da-zona-oeste-do-rio\/"},"wordCount":641,"publisher":{"@id":"https:\/\/latamreports.com\/br\/#organization"},"image":{"@id":"https:\/\/latamreports.com\/br\/audios-revelam-brutalidade-da-quadrilha-que-domina-bairros-da-zona-oeste-do-rio\/#primaryimage"},"thumbnailUrl":"https:\/\/latamreports.com\/br\/wp-content\/uploads\/desing1-20.png","keywords":["Brasil"],"articleSection":["Pol\u00edtica"],"inLanguage":"en-US"},{"@type":"WebPage","@id":"https:\/\/latamreports.com\/br\/audios-revelam-brutalidade-da-quadrilha-que-domina-bairros-da-zona-oeste-do-rio\/","url":"https:\/\/latamreports.com\/br\/audios-revelam-brutalidade-da-quadrilha-que-domina-bairros-da-zona-oeste-do-rio\/","name":"\u00c1udios revelam brutalidade da quadrilha que domina bairros","isPartOf":{"@id":"https:\/\/latamreports.com\/br\/#website"},"primaryImageOfPage":{"@id":"https:\/\/latamreports.com\/br\/audios-revelam-brutalidade-da-quadrilha-que-domina-bairros-da-zona-oeste-do-rio\/#primaryimage"},"image":{"@id":"https:\/\/latamreports.com\/br\/audios-revelam-brutalidade-da-quadrilha-que-domina-bairros-da-zona-oeste-do-rio\/#primaryimage"},"thumbnailUrl":"https:\/\/latamreports.com\/br\/wp-content\/uploads\/desing1-20.png","datePublished":"2025-02-05T17:51:59+00:00","dateModified":"2025-02-05T17:52:01+00:00","description":"Investiga\u00e7\u00f5es da Delegacia de Homic\u00eddios revelaram o terror imposto pelo Comando Vermelho na Zona Oeste do Rio de Janeiro. \u00c1udios e v\u00eddeos...","breadcrumb":{"@id":"https:\/\/latamreports.com\/br\/audios-revelam-brutalidade-da-quadrilha-que-domina-bairros-da-zona-oeste-do-rio\/#breadcrumb"},"inLanguage":"en-US","potentialAction":[{"@type":"ReadAction","target":["https:\/\/latamreports.com\/br\/audios-revelam-brutalidade-da-quadrilha-que-domina-bairros-da-zona-oeste-do-rio\/"]}]},{"@type":"ImageObject","inLanguage":"en-US","@id":"https:\/\/latamreports.com\/br\/audios-revelam-brutalidade-da-quadrilha-que-domina-bairros-da-zona-oeste-do-rio\/#primaryimage","url":"https:\/\/latamreports.com\/br\/wp-content\/uploads\/desing1-20.png","contentUrl":"https:\/\/latamreports.com\/br\/wp-content\/uploads\/desing1-20.png","width":1200,"height":630,"caption":"\u00c1udios revelam brutalidade da quadrilha que domina bairros da Zona Oeste do Rio"},{"@type":"BreadcrumbList","@id":"https:\/\/latamreports.com\/br\/audios-revelam-brutalidade-da-quadrilha-que-domina-bairros-da-zona-oeste-do-rio\/#breadcrumb","itemListElement":[{"@type":"ListItem","position":1,"name":"Home","item":"https:\/\/latamreports.com\/br\/"},{"@type":"ListItem","position":2,"name":"\u00c1udios revelam brutalidade da quadrilha que domina bairros da Zona Oeste do Rio"}]},{"@type":"WebSite","@id":"https:\/\/latamreports.com\/br\/#website","url":"https:\/\/latamreports.com\/br\/","name":"LatAm Reports","description":"Not\u00edcias e opini\u00f5es de todas as Am\u00e9ricas","publisher":{"@id":"https:\/\/latamreports.com\/br\/#organization"},"potentialAction":[{"@type":"SearchAction","target":{"@type":"EntryPoint","urlTemplate":"https:\/\/latamreports.com\/br\/?s={search_term_string}"},"query-input":{"@type":"PropertyValueSpecification","valueRequired":true,"valueName":"search_term_string"}}],"inLanguage":"en-US"},{"@type":"Organization","@id":"https:\/\/latamreports.com\/br\/#organization","name":"LatAm Reports","url":"https:\/\/latamreports.com\/br\/","logo":{"@type":"ImageObject","inLanguage":"en-US","@id":"https:\/\/latamreports.com\/br\/#\/schema\/logo\/image\/","url":"https:\/\/latamreports.com\/br\/wp-content\/uploads\/cropped-PNG2.png","contentUrl":"https:\/\/latamreports.com\/br\/wp-content\/uploads\/cropped-PNG2.png","width":2522,"height":1014,"caption":"LatAm Reports"},"image":{"@id":"https:\/\/latamreports.com\/br\/#\/schema\/logo\/image\/"},"sameAs":["https:\/\/facebook.com\/latamreports","https:\/\/x.com\/latamreports"]},{"@type":"Person","@id":"https:\/\/latamreports.com\/br\/#\/schema\/person\/a561f2de7e5ccabfab38d239b39fdb70","name":"LatAm Reports Redatores da Equipe","image":{"@type":"ImageObject","inLanguage":"en-US","@id":"https:\/\/secure.gravatar.com\/avatar\/dcdcc93cc5edddd2f3ef77245866172c7d7241a11ad58e1959aa824f2fae81f6?s=96&d=mm&r=g","url":"https:\/\/secure.gravatar.com\/avatar\/dcdcc93cc5edddd2f3ef77245866172c7d7241a11ad58e1959aa824f2fae81f6?s=96&d=mm&r=g","contentUrl":"https:\/\/secure.gravatar.com\/avatar\/dcdcc93cc5edddd2f3ef77245866172c7d7241a11ad58e1959aa824f2fae81f6?s=96&d=mm&r=g","caption":"LatAm Reports Redatores da Equipe"}}]}},"jetpack_publicize_connections":[],"_links":{"self":[{"href":"https:\/\/latamreports.com\/br\/wp-json\/wp\/v2\/posts\/10498","targetHints":{"allow":["GET"]}}],"collection":[{"href":"https:\/\/latamreports.com\/br\/wp-json\/wp\/v2\/posts"}],"about":[{"href":"https:\/\/latamreports.com\/br\/wp-json\/wp\/v2\/types\/post"}],"author":[{"embeddable":true,"href":"https:\/\/latamreports.com\/br\/wp-json\/wp\/v2\/users\/7"}],"replies":[{"embeddable":true,"href":"https:\/\/latamreports.com\/br\/wp-json\/wp\/v2\/comments?post=10498"}],"version-history":[{"count":2,"href":"https:\/\/latamreports.com\/br\/wp-json\/wp\/v2\/posts\/10498\/revisions"}],"predecessor-version":[{"id":10517,"href":"https:\/\/latamreports.com\/br\/wp-json\/wp\/v2\/posts\/10498\/revisions\/10517"}],"wp:featuredmedia":[{"embeddable":true,"href":"https:\/\/latamreports.com\/br\/wp-json\/wp\/v2\/media\/10499"}],"wp:attachment":[{"href":"https:\/\/latamreports.com\/br\/wp-json\/wp\/v2\/media?parent=10498"}],"wp:term":[{"taxonomy":"category","embeddable":true,"href":"https:\/\/latamreports.com\/br\/wp-json\/wp\/v2\/categories?post=10498"},{"taxonomy":"post_tag","embeddable":true,"href":"https:\/\/latamreports.com\/br\/wp-json\/wp\/v2\/tags?post=10498"}],"curies":[{"name":"wp","href":"https:\/\/api.w.org\/{rel}","templated":true}]}}