{"id":10495,"date":"2025-02-05T17:50:44","date_gmt":"2025-02-05T17:50:44","guid":{"rendered":"https:\/\/latamreports.com\/br\/?p=10495"},"modified":"2025-02-05T17:50:46","modified_gmt":"2025-02-05T17:50:46","slug":"calor-extremo-atingiu-mais-de-6-milhoes-de-brasileiros-em-2024-aponta-estudo","status":"publish","type":"post","link":"https:\/\/latamreports.com\/br\/calor-extremo-atingiu-mais-de-6-milhoes-de-brasileiros-em-2024-aponta-estudo\/","title":{"rendered":"Calor extremo atingiu mais de 6 milh\u00f5es de brasileiros em 2024, aponta estudo"},"content":{"rendered":"\n<p>Um levantamento exclusivo realizado pelo Centro Nacional de Monitoramento de Desastres (Cemaden), revelou que mais de 6 milh\u00f5es de brasileiros enfrentaram pelo menos 150 dias de calor extremo em 2024. O ano foi registrado como o mais quente da hist\u00f3ria da Terra, e os <a href=\"https:\/\/latamreports.com\/br\/precos-surreais-para-a-cop30-na-amazonia-brasileira-deixam-participantes-sem-opcoes-de-hospedagem\/\">impactos<\/a> foram mais severos na regi\u00e3o Norte do pa\u00eds.<\/p>\n\n\n\n<p>No total, 111 cidades tiveram temperaturas m\u00e1ximas acima da m\u00e9dia hist\u00f3rica por mais de cinco meses. Em muitas delas, os term\u00f4metros ultrapassaram os 40\u00b0C. A pesquisa, baseada em dados do Instituto Nacional de Pesquisas Espaciais (Inpe), mostra que todas as cidades brasileiras registraram ao menos um dia de calor extremo ao longo do ano.<\/p>\n\n\n\n<h3 class=\"wp-block-heading\">Impactos do calor no Brasil<\/h3>\n\n\n\n<p>As temperaturas recordes afetaram diversas \u00e1reas do pa\u00eds e deixaram um rastro de consequ\u00eancias ambientais e sociais:<\/p>\n\n\n\n<ul class=\"wp-block-list\">\n<li>A maior seca da hist\u00f3ria: atingiu todo o territ\u00f3rio nacional, mas foi mais severa no Norte, onde rios secaram e comunidades ficaram isoladas.<\/li>\n\n\n\n<li>Recorde de queimadas: mais de 30 milh\u00f5es de hectares queimaram em 2024, o equivalente ao territ\u00f3rio da It\u00e1lia.<\/li>\n\n\n\n<li>Explos\u00e3o de casos de dengu<strong>e<\/strong>: o pa\u00eds registrou mais de 6 milh\u00f5es de casos da doen\u00e7a, favorecida pelo calor extremo.<\/li>\n\n\n\n<li>Novo clima \u00e1rido no Brasil: pela primeira vez, especialistas identificaram uma regi\u00e3o de clima \u00e1rido no centro-norte da Bahia, semelhante a desertos.<\/li>\n<\/ul>\n\n\n\n<p>Os estados mais impactados pelo calor foram Par\u00e1, Cear\u00e1, Tocantins, Minas Gerais, Alagoas, Mato Grosso, Mato Grosso do Sul, S\u00e3o Paulo e Maranh\u00e3o.<\/p>\n\n\n\n<p>O impacto das temperaturas extremas variou conforme as caracter\u00edsticas clim\u00e1ticas e ambientais de cada regi\u00e3o.<\/p>\n\n\n\n<ul class=\"wp-block-list\">\n<li><strong>Norte<\/strong>: enfrentou a pior seca j\u00e1 registrada, com rios da Amaz\u00f4nia secando completamente. O Par\u00e1 foi o estado mais atingido, com 46 cidades registrando mais de 150 dias de calor extremo.<\/li>\n\n\n\n<li><strong>Nordeste<\/strong>: cidades do Cear\u00e1 tiveram temperaturas pr\u00f3ximas dos 40\u00b0C por dias consecutivos. A Bahia registrou a primeira \u00e1rea de clima \u00e1rido do pa\u00eds.<\/li>\n\n\n\n<li><strong>Sudeste<\/strong>: S\u00e3o Paulo registrou recordes de calor e um aumento no n\u00famero de inc\u00eandios florestais.<\/li>\n\n\n\n<li><strong>Centro-Oeste<\/strong>: nove cidades, principalmente no Mato Grosso e Mato Grosso do Sul, sofreram impactos severos, com inc\u00eandios hist\u00f3ricos no Pantanal.<\/li>\n\n\n\n<li><strong>Sul<\/strong>: embora tenha sido menos afetado pelo calor extremo, a regi\u00e3o sofreu com enchentes recordes, enquanto algumas cidades registraram temperaturas acima dos 40\u00b0C.<\/li>\n<\/ul>\n\n\n\n<h2 class=\"wp-block-heading\">O calor e seus impactos na sa\u00fade<\/h2>\n\n\n\n<p>O calor intenso n\u00e3o \u00e9 apenas um desafio ambiental, mas tamb\u00e9m uma amea\u00e7a direta \u00e0 sa\u00fade p\u00fablica. Segundo o Minist\u00e9rio da Sa\u00fade, quase 60 pessoas morreram devido a temperaturas extremas nos \u00faltimos 14 anos \u2013 um n\u00famero que pode ser subnotificado.<\/p>\n\n\n\n<p>Al\u00e9m do risco de exaust\u00e3o t\u00e9rmica e insola\u00e7\u00e3o, especialistas alertam que o calor extremo agrava <a href=\"https:\/\/latamreports.com\/br\/dolar-cai-apos-acordo-entre-eua-e-mexico-e-ibovespa-reage\/\">desigualdades sociais<\/a>. Pessoas em trabalhos bra\u00e7ais, comunidades ind\u00edgenas e moradores de \u00e1reas com infraestrutura prec\u00e1ria est\u00e3o mais vulner\u00e1veis.<\/p>\n\n\n\n<blockquote class=\"wp-block-quote is-layout-flow wp-block-quote-is-layout-flow\">\n<p>\u201cO calor afeta de forma desigual. Um gari ou um trabalhador rural sente os 37\u00b0C de uma forma muito mais intensa do que algu\u00e9m em um escrit\u00f3rio com ar-condicionado\u201d, explica Sandra Hacon, pesquisadora da Fiocruz.<\/p>\n<\/blockquote>\n\n\n\n<p>Os dados mostram que o calor extremo n\u00e3o \u00e9 um evento isolado, mas parte de uma tend\u00eancia de aquecimento global. O Brasil precisa se preparar para enfrentar os impactos das mudan\u00e7as clim\u00e1ticas com pol\u00edticas de mitiga\u00e7\u00e3o e adapta\u00e7\u00e3o.<\/p>\n\n\n\n<p>A crise clim\u00e1tica j\u00e1 est\u00e1 transformando o pa\u00eds, e os eventos de 2024 servem como um alerta para o futuro.<\/p>\n","protected":false},"excerpt":{"rendered":"<p>Um levantamento exclusivo realizado pelo Centro Nacional de Monitoramento de Desastres (Cemaden), revelou que mais de 6 milh\u00f5es de brasileiros enfrentaram pelo menos 150 dias &#8230; <a title=\"Calor extremo atingiu mais de 6 milh\u00f5es de brasileiros em 2024, aponta estudo\" class=\"read-more\" href=\"https:\/\/latamreports.com\/br\/calor-extremo-atingiu-mais-de-6-milhoes-de-brasileiros-em-2024-aponta-estudo\/\" aria-label=\"Read more about Calor extremo atingiu mais de 6 milh\u00f5es de brasileiros em 2024, aponta estudo\">Read more<\/a><\/p>\n","protected":false},"author":7,"featured_media":10496,"comment_status":"closed","ping_status":"closed","sticky":false,"template":"","format":"standard","meta":{"footnotes":"","jetpack_publicize_message":"","jetpack_publicize_feature_enabled":true,"jetpack_social_post_already_shared":true,"jetpack_social_options":{"image_generator_settings":{"template":"highway","default_image_id":0,"font":"","enabled":false},"version":2}},"categories":[2],"tags":[31],"class_list":["post-10495","post","type-post","status-publish","format-standard","has-post-thumbnail","hentry","category-negocios","tag-brasil","resize-featured-image"],"yoast_head":"<!-- This site is optimized with the Yoast SEO plugin v27.4 - https:\/\/yoast.com\/product\/yoast-seo-wordpress\/ -->\n<title>Calor extremo atingiu mais de 6 milh\u00f5es de brasileiros em 2024<\/title>\n<meta name=\"description\" content=\"Um levantamento exclusivo realizado pelo Centro Nacional de Monitoramento de Desastres (Cemaden), revelou que mais de 6 milh\u00f5es de...\" \/>\n<meta name=\"robots\" content=\"index, follow, max-snippet:-1, max-image-preview:large, max-video-preview:-1\" \/>\n<link rel=\"canonical\" href=\"https:\/\/latamreports.com\/br\/calor-extremo-atingiu-mais-de-6-milhoes-de-brasileiros-em-2024-aponta-estudo\/\" \/>\n<meta property=\"og:locale\" content=\"en_US\" \/>\n<meta property=\"og:type\" content=\"article\" \/>\n<meta property=\"og:title\" content=\"Calor extremo atingiu mais de 6 milh\u00f5es de brasileiros em 2024\" \/>\n<meta property=\"og:description\" content=\"Um levantamento exclusivo realizado pelo Centro Nacional de Monitoramento de Desastres (Cemaden), revelou que mais de 6 milh\u00f5es de...\" \/>\n<meta property=\"og:url\" content=\"https:\/\/latamreports.com\/br\/calor-extremo-atingiu-mais-de-6-milhoes-de-brasileiros-em-2024-aponta-estudo\/\" \/>\n<meta property=\"og:site_name\" content=\"LatAm Reports\" \/>\n<meta property=\"article:publisher\" content=\"https:\/\/facebook.com\/latamreports\" \/>\n<meta property=\"article:published_time\" content=\"2025-02-05T17:50:44+00:00\" \/>\n<meta property=\"article:modified_time\" content=\"2025-02-05T17:50:46+00:00\" \/>\n<meta property=\"og:image\" content=\"https:\/\/latamreports.com\/br\/wp-content\/uploads\/desing1-19.png\" \/>\n\t<meta property=\"og:image:width\" content=\"1200\" \/>\n\t<meta property=\"og:image:height\" content=\"630\" \/>\n\t<meta property=\"og:image:type\" content=\"image\/png\" \/>\n<meta name=\"author\" content=\"LatAm Reports Redatores da Equipe\" \/>\n<meta name=\"twitter:card\" content=\"summary_large_image\" \/>\n<meta name=\"twitter:creator\" content=\"@latamreports\" \/>\n<meta name=\"twitter:site\" content=\"@latamreports\" \/>\n<meta name=\"twitter:label1\" content=\"Written by\" \/>\n\t<meta name=\"twitter:data1\" content=\"LatAm Reports Redatores da Equipe\" \/>\n\t<meta name=\"twitter:label2\" content=\"Est. reading time\" \/>\n\t<meta name=\"twitter:data2\" content=\"3 minutes\" \/>\n<script type=\"application\/ld+json\" class=\"yoast-schema-graph\">{\"@context\":\"https:\\\/\\\/schema.org\",\"@graph\":[{\"@type\":\"Article\",\"@id\":\"https:\\\/\\\/latamreports.com\\\/br\\\/calor-extremo-atingiu-mais-de-6-milhoes-de-brasileiros-em-2024-aponta-estudo\\\/#article\",\"isPartOf\":{\"@id\":\"https:\\\/\\\/latamreports.com\\\/br\\\/calor-extremo-atingiu-mais-de-6-milhoes-de-brasileiros-em-2024-aponta-estudo\\\/\"},\"author\":{\"name\":\"LatAm Reports Redatores da Equipe\",\"@id\":\"https:\\\/\\\/latamreports.com\\\/br\\\/#\\\/schema\\\/person\\\/a561f2de7e5ccabfab38d239b39fdb70\"},\"headline\":\"Calor extremo atingiu mais de 6 milh\u00f5es de brasileiros em 2024, aponta estudo\",\"datePublished\":\"2025-02-05T17:50:44+00:00\",\"dateModified\":\"2025-02-05T17:50:46+00:00\",\"mainEntityOfPage\":{\"@id\":\"https:\\\/\\\/latamreports.com\\\/br\\\/calor-extremo-atingiu-mais-de-6-milhoes-de-brasileiros-em-2024-aponta-estudo\\\/\"},\"wordCount\":595,\"publisher\":{\"@id\":\"https:\\\/\\\/latamreports.com\\\/br\\\/#organization\"},\"image\":{\"@id\":\"https:\\\/\\\/latamreports.com\\\/br\\\/calor-extremo-atingiu-mais-de-6-milhoes-de-brasileiros-em-2024-aponta-estudo\\\/#primaryimage\"},\"thumbnailUrl\":\"https:\\\/\\\/latamreports.com\\\/br\\\/wp-content\\\/uploads\\\/desing1-19.png\",\"keywords\":[\"Brasil\"],\"articleSection\":[\"Neg\u00f3cios\"],\"inLanguage\":\"en-US\"},{\"@type\":\"WebPage\",\"@id\":\"https:\\\/\\\/latamreports.com\\\/br\\\/calor-extremo-atingiu-mais-de-6-milhoes-de-brasileiros-em-2024-aponta-estudo\\\/\",\"url\":\"https:\\\/\\\/latamreports.com\\\/br\\\/calor-extremo-atingiu-mais-de-6-milhoes-de-brasileiros-em-2024-aponta-estudo\\\/\",\"name\":\"Calor extremo atingiu mais de 6 milh\u00f5es de brasileiros em 2024\",\"isPartOf\":{\"@id\":\"https:\\\/\\\/latamreports.com\\\/br\\\/#website\"},\"primaryImageOfPage\":{\"@id\":\"https:\\\/\\\/latamreports.com\\\/br\\\/calor-extremo-atingiu-mais-de-6-milhoes-de-brasileiros-em-2024-aponta-estudo\\\/#primaryimage\"},\"image\":{\"@id\":\"https:\\\/\\\/latamreports.com\\\/br\\\/calor-extremo-atingiu-mais-de-6-milhoes-de-brasileiros-em-2024-aponta-estudo\\\/#primaryimage\"},\"thumbnailUrl\":\"https:\\\/\\\/latamreports.com\\\/br\\\/wp-content\\\/uploads\\\/desing1-19.png\",\"datePublished\":\"2025-02-05T17:50:44+00:00\",\"dateModified\":\"2025-02-05T17:50:46+00:00\",\"description\":\"Um levantamento exclusivo realizado pelo Centro Nacional de Monitoramento de Desastres (Cemaden), revelou que mais de 6 milh\u00f5es de...\",\"breadcrumb\":{\"@id\":\"https:\\\/\\\/latamreports.com\\\/br\\\/calor-extremo-atingiu-mais-de-6-milhoes-de-brasileiros-em-2024-aponta-estudo\\\/#breadcrumb\"},\"inLanguage\":\"en-US\",\"potentialAction\":[{\"@type\":\"ReadAction\",\"target\":[\"https:\\\/\\\/latamreports.com\\\/br\\\/calor-extremo-atingiu-mais-de-6-milhoes-de-brasileiros-em-2024-aponta-estudo\\\/\"]}]},{\"@type\":\"ImageObject\",\"inLanguage\":\"en-US\",\"@id\":\"https:\\\/\\\/latamreports.com\\\/br\\\/calor-extremo-atingiu-mais-de-6-milhoes-de-brasileiros-em-2024-aponta-estudo\\\/#primaryimage\",\"url\":\"https:\\\/\\\/latamreports.com\\\/br\\\/wp-content\\\/uploads\\\/desing1-19.png\",\"contentUrl\":\"https:\\\/\\\/latamreports.com\\\/br\\\/wp-content\\\/uploads\\\/desing1-19.png\",\"width\":1200,\"height\":630,\"caption\":\"Calor extremo atingiu mais de 6 milh\u00f5es de brasileiros em 2024, aponta estudo\"},{\"@type\":\"BreadcrumbList\",\"@id\":\"https:\\\/\\\/latamreports.com\\\/br\\\/calor-extremo-atingiu-mais-de-6-milhoes-de-brasileiros-em-2024-aponta-estudo\\\/#breadcrumb\",\"itemListElement\":[{\"@type\":\"ListItem\",\"position\":1,\"name\":\"Home\",\"item\":\"https:\\\/\\\/latamreports.com\\\/br\\\/\"},{\"@type\":\"ListItem\",\"position\":2,\"name\":\"Calor extremo atingiu mais de 6 milh\u00f5es de brasileiros em 2024, aponta estudo\"}]},{\"@type\":\"WebSite\",\"@id\":\"https:\\\/\\\/latamreports.com\\\/br\\\/#website\",\"url\":\"https:\\\/\\\/latamreports.com\\\/br\\\/\",\"name\":\"LatAm Reports\",\"description\":\"Not\u00edcias e opini\u00f5es de todas as Am\u00e9ricas\",\"publisher\":{\"@id\":\"https:\\\/\\\/latamreports.com\\\/br\\\/#organization\"},\"potentialAction\":[{\"@type\":\"SearchAction\",\"target\":{\"@type\":\"EntryPoint\",\"urlTemplate\":\"https:\\\/\\\/latamreports.com\\\/br\\\/?s={search_term_string}\"},\"query-input\":{\"@type\":\"PropertyValueSpecification\",\"valueRequired\":true,\"valueName\":\"search_term_string\"}}],\"inLanguage\":\"en-US\"},{\"@type\":\"Organization\",\"@id\":\"https:\\\/\\\/latamreports.com\\\/br\\\/#organization\",\"name\":\"LatAm Reports\",\"url\":\"https:\\\/\\\/latamreports.com\\\/br\\\/\",\"logo\":{\"@type\":\"ImageObject\",\"inLanguage\":\"en-US\",\"@id\":\"https:\\\/\\\/latamreports.com\\\/br\\\/#\\\/schema\\\/logo\\\/image\\\/\",\"url\":\"https:\\\/\\\/latamreports.com\\\/br\\\/wp-content\\\/uploads\\\/cropped-PNG2.png\",\"contentUrl\":\"https:\\\/\\\/latamreports.com\\\/br\\\/wp-content\\\/uploads\\\/cropped-PNG2.png\",\"width\":2522,\"height\":1014,\"caption\":\"LatAm Reports\"},\"image\":{\"@id\":\"https:\\\/\\\/latamreports.com\\\/br\\\/#\\\/schema\\\/logo\\\/image\\\/\"},\"sameAs\":[\"https:\\\/\\\/facebook.com\\\/latamreports\",\"https:\\\/\\\/x.com\\\/latamreports\"]},{\"@type\":\"Person\",\"@id\":\"https:\\\/\\\/latamreports.com\\\/br\\\/#\\\/schema\\\/person\\\/a561f2de7e5ccabfab38d239b39fdb70\",\"name\":\"LatAm Reports Redatores da Equipe\",\"image\":{\"@type\":\"ImageObject\",\"inLanguage\":\"en-US\",\"@id\":\"https:\\\/\\\/secure.gravatar.com\\\/avatar\\\/dcdcc93cc5edddd2f3ef77245866172c7d7241a11ad58e1959aa824f2fae81f6?s=96&d=mm&r=g\",\"url\":\"https:\\\/\\\/secure.gravatar.com\\\/avatar\\\/dcdcc93cc5edddd2f3ef77245866172c7d7241a11ad58e1959aa824f2fae81f6?s=96&d=mm&r=g\",\"contentUrl\":\"https:\\\/\\\/secure.gravatar.com\\\/avatar\\\/dcdcc93cc5edddd2f3ef77245866172c7d7241a11ad58e1959aa824f2fae81f6?s=96&d=mm&r=g\",\"caption\":\"LatAm Reports Redatores da Equipe\"}}]}<\/script>\n<!-- \/ Yoast SEO plugin. -->","yoast_head_json":{"title":"Calor extremo atingiu mais de 6 milh\u00f5es de brasileiros em 2024","description":"Um levantamento exclusivo realizado pelo Centro Nacional de Monitoramento de Desastres (Cemaden), revelou que mais de 6 milh\u00f5es de...","robots":{"index":"index","follow":"follow","max-snippet":"max-snippet:-1","max-image-preview":"max-image-preview:large","max-video-preview":"max-video-preview:-1"},"canonical":"https:\/\/latamreports.com\/br\/calor-extremo-atingiu-mais-de-6-milhoes-de-brasileiros-em-2024-aponta-estudo\/","og_locale":"en_US","og_type":"article","og_title":"Calor extremo atingiu mais de 6 milh\u00f5es de brasileiros em 2024","og_description":"Um levantamento exclusivo realizado pelo Centro Nacional de Monitoramento de Desastres (Cemaden), revelou que mais de 6 milh\u00f5es de...","og_url":"https:\/\/latamreports.com\/br\/calor-extremo-atingiu-mais-de-6-milhoes-de-brasileiros-em-2024-aponta-estudo\/","og_site_name":"LatAm Reports","article_publisher":"https:\/\/facebook.com\/latamreports","article_published_time":"2025-02-05T17:50:44+00:00","article_modified_time":"2025-02-05T17:50:46+00:00","og_image":[{"width":1200,"height":630,"url":"https:\/\/latamreports.com\/br\/wp-content\/uploads\/desing1-19.png","type":"image\/png"}],"author":"LatAm Reports Redatores da Equipe","twitter_card":"summary_large_image","twitter_creator":"@latamreports","twitter_site":"@latamreports","twitter_misc":{"Written by":"LatAm Reports Redatores da Equipe","Est. reading time":"3 minutes"},"schema":{"@context":"https:\/\/schema.org","@graph":[{"@type":"Article","@id":"https:\/\/latamreports.com\/br\/calor-extremo-atingiu-mais-de-6-milhoes-de-brasileiros-em-2024-aponta-estudo\/#article","isPartOf":{"@id":"https:\/\/latamreports.com\/br\/calor-extremo-atingiu-mais-de-6-milhoes-de-brasileiros-em-2024-aponta-estudo\/"},"author":{"name":"LatAm Reports Redatores da Equipe","@id":"https:\/\/latamreports.com\/br\/#\/schema\/person\/a561f2de7e5ccabfab38d239b39fdb70"},"headline":"Calor extremo atingiu mais de 6 milh\u00f5es de brasileiros em 2024, aponta estudo","datePublished":"2025-02-05T17:50:44+00:00","dateModified":"2025-02-05T17:50:46+00:00","mainEntityOfPage":{"@id":"https:\/\/latamreports.com\/br\/calor-extremo-atingiu-mais-de-6-milhoes-de-brasileiros-em-2024-aponta-estudo\/"},"wordCount":595,"publisher":{"@id":"https:\/\/latamreports.com\/br\/#organization"},"image":{"@id":"https:\/\/latamreports.com\/br\/calor-extremo-atingiu-mais-de-6-milhoes-de-brasileiros-em-2024-aponta-estudo\/#primaryimage"},"thumbnailUrl":"https:\/\/latamreports.com\/br\/wp-content\/uploads\/desing1-19.png","keywords":["Brasil"],"articleSection":["Neg\u00f3cios"],"inLanguage":"en-US"},{"@type":"WebPage","@id":"https:\/\/latamreports.com\/br\/calor-extremo-atingiu-mais-de-6-milhoes-de-brasileiros-em-2024-aponta-estudo\/","url":"https:\/\/latamreports.com\/br\/calor-extremo-atingiu-mais-de-6-milhoes-de-brasileiros-em-2024-aponta-estudo\/","name":"Calor extremo atingiu mais de 6 milh\u00f5es de brasileiros em 2024","isPartOf":{"@id":"https:\/\/latamreports.com\/br\/#website"},"primaryImageOfPage":{"@id":"https:\/\/latamreports.com\/br\/calor-extremo-atingiu-mais-de-6-milhoes-de-brasileiros-em-2024-aponta-estudo\/#primaryimage"},"image":{"@id":"https:\/\/latamreports.com\/br\/calor-extremo-atingiu-mais-de-6-milhoes-de-brasileiros-em-2024-aponta-estudo\/#primaryimage"},"thumbnailUrl":"https:\/\/latamreports.com\/br\/wp-content\/uploads\/desing1-19.png","datePublished":"2025-02-05T17:50:44+00:00","dateModified":"2025-02-05T17:50:46+00:00","description":"Um levantamento exclusivo realizado pelo Centro Nacional de Monitoramento de Desastres (Cemaden), revelou que mais de 6 milh\u00f5es de...","breadcrumb":{"@id":"https:\/\/latamreports.com\/br\/calor-extremo-atingiu-mais-de-6-milhoes-de-brasileiros-em-2024-aponta-estudo\/#breadcrumb"},"inLanguage":"en-US","potentialAction":[{"@type":"ReadAction","target":["https:\/\/latamreports.com\/br\/calor-extremo-atingiu-mais-de-6-milhoes-de-brasileiros-em-2024-aponta-estudo\/"]}]},{"@type":"ImageObject","inLanguage":"en-US","@id":"https:\/\/latamreports.com\/br\/calor-extremo-atingiu-mais-de-6-milhoes-de-brasileiros-em-2024-aponta-estudo\/#primaryimage","url":"https:\/\/latamreports.com\/br\/wp-content\/uploads\/desing1-19.png","contentUrl":"https:\/\/latamreports.com\/br\/wp-content\/uploads\/desing1-19.png","width":1200,"height":630,"caption":"Calor extremo atingiu mais de 6 milh\u00f5es de brasileiros em 2024, aponta estudo"},{"@type":"BreadcrumbList","@id":"https:\/\/latamreports.com\/br\/calor-extremo-atingiu-mais-de-6-milhoes-de-brasileiros-em-2024-aponta-estudo\/#breadcrumb","itemListElement":[{"@type":"ListItem","position":1,"name":"Home","item":"https:\/\/latamreports.com\/br\/"},{"@type":"ListItem","position":2,"name":"Calor extremo atingiu mais de 6 milh\u00f5es de brasileiros em 2024, aponta estudo"}]},{"@type":"WebSite","@id":"https:\/\/latamreports.com\/br\/#website","url":"https:\/\/latamreports.com\/br\/","name":"LatAm Reports","description":"Not\u00edcias e opini\u00f5es de todas as Am\u00e9ricas","publisher":{"@id":"https:\/\/latamreports.com\/br\/#organization"},"potentialAction":[{"@type":"SearchAction","target":{"@type":"EntryPoint","urlTemplate":"https:\/\/latamreports.com\/br\/?s={search_term_string}"},"query-input":{"@type":"PropertyValueSpecification","valueRequired":true,"valueName":"search_term_string"}}],"inLanguage":"en-US"},{"@type":"Organization","@id":"https:\/\/latamreports.com\/br\/#organization","name":"LatAm Reports","url":"https:\/\/latamreports.com\/br\/","logo":{"@type":"ImageObject","inLanguage":"en-US","@id":"https:\/\/latamreports.com\/br\/#\/schema\/logo\/image\/","url":"https:\/\/latamreports.com\/br\/wp-content\/uploads\/cropped-PNG2.png","contentUrl":"https:\/\/latamreports.com\/br\/wp-content\/uploads\/cropped-PNG2.png","width":2522,"height":1014,"caption":"LatAm Reports"},"image":{"@id":"https:\/\/latamreports.com\/br\/#\/schema\/logo\/image\/"},"sameAs":["https:\/\/facebook.com\/latamreports","https:\/\/x.com\/latamreports"]},{"@type":"Person","@id":"https:\/\/latamreports.com\/br\/#\/schema\/person\/a561f2de7e5ccabfab38d239b39fdb70","name":"LatAm Reports Redatores da Equipe","image":{"@type":"ImageObject","inLanguage":"en-US","@id":"https:\/\/secure.gravatar.com\/avatar\/dcdcc93cc5edddd2f3ef77245866172c7d7241a11ad58e1959aa824f2fae81f6?s=96&d=mm&r=g","url":"https:\/\/secure.gravatar.com\/avatar\/dcdcc93cc5edddd2f3ef77245866172c7d7241a11ad58e1959aa824f2fae81f6?s=96&d=mm&r=g","contentUrl":"https:\/\/secure.gravatar.com\/avatar\/dcdcc93cc5edddd2f3ef77245866172c7d7241a11ad58e1959aa824f2fae81f6?s=96&d=mm&r=g","caption":"LatAm Reports Redatores da Equipe"}}]}},"jetpack_publicize_connections":[],"_links":{"self":[{"href":"https:\/\/latamreports.com\/br\/wp-json\/wp\/v2\/posts\/10495","targetHints":{"allow":["GET"]}}],"collection":[{"href":"https:\/\/latamreports.com\/br\/wp-json\/wp\/v2\/posts"}],"about":[{"href":"https:\/\/latamreports.com\/br\/wp-json\/wp\/v2\/types\/post"}],"author":[{"embeddable":true,"href":"https:\/\/latamreports.com\/br\/wp-json\/wp\/v2\/users\/7"}],"replies":[{"embeddable":true,"href":"https:\/\/latamreports.com\/br\/wp-json\/wp\/v2\/comments?post=10495"}],"version-history":[{"count":2,"href":"https:\/\/latamreports.com\/br\/wp-json\/wp\/v2\/posts\/10495\/revisions"}],"predecessor-version":[{"id":10516,"href":"https:\/\/latamreports.com\/br\/wp-json\/wp\/v2\/posts\/10495\/revisions\/10516"}],"wp:featuredmedia":[{"embeddable":true,"href":"https:\/\/latamreports.com\/br\/wp-json\/wp\/v2\/media\/10496"}],"wp:attachment":[{"href":"https:\/\/latamreports.com\/br\/wp-json\/wp\/v2\/media?parent=10495"}],"wp:term":[{"taxonomy":"category","embeddable":true,"href":"https:\/\/latamreports.com\/br\/wp-json\/wp\/v2\/categories?post=10495"},{"taxonomy":"post_tag","embeddable":true,"href":"https:\/\/latamreports.com\/br\/wp-json\/wp\/v2\/tags?post=10495"}],"curies":[{"name":"wp","href":"https:\/\/api.w.org\/{rel}","templated":true}]}}