{"id":10491,"date":"2025-02-05T17:48:58","date_gmt":"2025-02-05T17:48:58","guid":{"rendered":"https:\/\/latamreports.com\/br\/?p=10491"},"modified":"2025-02-05T17:49:00","modified_gmt":"2025-02-05T17:49:00","slug":"lula-critica-plano-de-trump-para-faixa-de-gaza-e-reforca-defesa-do-estado-palestino","status":"publish","type":"post","link":"https:\/\/latamreports.com\/br\/lula-critica-plano-de-trump-para-faixa-de-gaza-e-reforca-defesa-do-estado-palestino\/","title":{"rendered":"Lula critica plano de Trump para Faixa de Gaza e refor\u00e7a defesa do Estado Palestino"},"content":{"rendered":"\n<p>O presidente Luiz In\u00e1cio Lula da Silva criticou nesta quarta-feira, 5, a proposta do presidente dos Estados Unidos, Donald Trump, de assumir o controle da Faixa de Gaza. Em entrevista a r\u00e1dios de Minas Gerais, Lula classificou a ideia como &#8220;praticamente incompreens\u00edvel&#8221; e refor\u00e7ou a defesa da <a href=\"https:\/\/latamreports.com\/br\/bolsonaro-articula-mudanca-na-lei-da-ficha-limpa-para-tentar-reverter-inelegibilidade\/\">cria\u00e7\u00e3o <\/a>de um Estado Palestino.<\/p>\n\n\n\n<blockquote class=\"wp-block-quote is-layout-flow wp-block-quote-is-layout-flow\">\n<p>&#8220;O que aconteceu em Gaza foi um genoc\u00eddio, e eu sinceramente n\u00e3o sei se os Estados Unidos, que fazem parte de tudo isso, seriam o pa\u00eds para tentar cuidar de Gaza. Quem tem que cuidar de Gaza s\u00e3o os palestinos&#8221;, afirmou o presidente.<\/p>\n<\/blockquote>\n\n\n\n<p>Lula questionou a l\u00f3gica da proposta de Trump e criticou a atua\u00e7\u00e3o dos EUA no conflito<em>. &#8220;Os EUA participaram do incentivo a tudo que Israel fez na Faixa de Gaza. Ent\u00e3o, n\u00e3o faz sentido se reunir com o presidente de Israel e dizer: &#8216;n\u00f3s vamos ocupar Gaza, vamos recuperar Gaza, vamos morar em Gaza&#8217;. E os palestinos, v\u00e3o para onde? Qual o pa\u00eds deles?&#8221;,<\/em> indagou.<\/p>\n\n\n\n<h2 class=\"wp-block-heading\">Cr\u00edticas de Lula \u00e0 postura dos EUA<\/h2>\n\n\n\n<p>O presidente brasileiro tamb\u00e9m criticou a pol\u00edtica externa norte-americana e afirmou que os EUA precisam reconsiderar sua postura internacional.<em> &#8220;Eles se autodeterminaram como juiz do planeta, mas agora est\u00e3o mudando do pa\u00eds que vendia a ideia da paz para o pa\u00eds que vende a ideia da provoca\u00e7\u00e3o&#8221;, <\/em>afirmou Lula.<\/p>\n\n\n\n<blockquote class=\"wp-block-quote is-layout-flow wp-block-quote-is-layout-flow\">\n<p>Lula defendeu uma solu\u00e7\u00e3o diplom\u00e1tica para a crise na regi\u00e3o. &#8220;O mundo precisa de paz e tranquilidade, n\u00e3o de frases de efeito e arrog\u00e2ncia. O que defendemos \u00e9 a cria\u00e7\u00e3o do Estado Palestino, com direitos iguais ao Estado de Israel, para garantir uma conviv\u00eancia harm\u00f4nica&#8221;, declarou.<\/p>\n<\/blockquote>\n\n\n\n<p>Ainda na entrevista, Lula abordou a deporta\u00e7\u00e3o de imigrantes brasileiros pelos Estados Unidos. Ele informou que um novo voo de repatria\u00e7\u00e3o deve chegar na sexta-feira, 7, e que o governo est\u00e1 atuando para melhorar a recep\u00e7\u00e3o dos deportados.<\/p>\n\n\n\n<p>O presidente tamb\u00e9m comentou as recentes disputas comerciais de Trump com outros pa\u00edses, incluindo o Brasil. Lula afirmou que, caso os EUA aumentem tarifas sobre produtos brasileiros, o Brasil responder\u00e1 com medidas de reciprocidade.<\/p>\n\n\n\n<blockquote class=\"wp-block-quote is-layout-flow wp-block-quote-is-layout-flow\">\n<p> &#8220;Se ele ou qualquer pa\u00eds aumentar a taxa\u00e7\u00e3o contra o<a href=\"https:\/\/latamreports.com\/br\/prefeitura-de-sao-paulo-avalia-custo-de-r-19-bilhao-para-remocao-de-familias-no-jardim-pantanal\/\"> Brasil,<\/a> n\u00f3s iremos tax\u00e1-los tamb\u00e9m. Isso \u00e9 o m\u00ednimo de dec\u00eancia e \u00e9 muito democr\u00e1tico&#8221;, destacou.<\/p>\n<\/blockquote>\n\n\n\n<p>Lula concluiu sua fala alertando sobre o isolamento dos EUA no cen\u00e1rio internacional. <\/p>\n\n\n\n<blockquote class=\"wp-block-quote is-layout-flow wp-block-quote-is-layout-flow\">\n<p>&#8220;Nenhum pa\u00eds pode brigar com todo mundo o tempo todo. \u00c9 preciso bom senso para manter rela\u00e7\u00f5es comerciais e diplom\u00e1ticas saud\u00e1veis&#8221;, finalizou.<\/p>\n<\/blockquote>\n","protected":false},"excerpt":{"rendered":"<p>O presidente Luiz In\u00e1cio Lula da Silva criticou nesta quarta-feira, 5, a proposta do presidente dos Estados Unidos, Donald Trump, de assumir o controle da &#8230; <a title=\"Lula critica plano de Trump para Faixa de Gaza e refor\u00e7a defesa do Estado Palestino\" class=\"read-more\" href=\"https:\/\/latamreports.com\/br\/lula-critica-plano-de-trump-para-faixa-de-gaza-e-reforca-defesa-do-estado-palestino\/\" aria-label=\"Read more about Lula critica plano de Trump para Faixa de Gaza e refor\u00e7a defesa do Estado Palestino\">Read more<\/a><\/p>\n","protected":false},"author":7,"featured_media":10492,"comment_status":"closed","ping_status":"closed","sticky":false,"template":"","format":"standard","meta":{"footnotes":"","jetpack_publicize_message":"","jetpack_publicize_feature_enabled":true,"jetpack_social_post_already_shared":true,"jetpack_social_options":{"image_generator_settings":{"template":"highway","default_image_id":0,"font":"","enabled":false},"version":2}},"categories":[13],"tags":[31],"class_list":["post-10491","post","type-post","status-publish","format-standard","has-post-thumbnail","hentry","category-politica","tag-brasil","resize-featured-image"],"yoast_head":"<!-- This site is optimized with the Yoast SEO plugin v27.4 - https:\/\/yoast.com\/product\/yoast-seo-wordpress\/ -->\n<title>Lula critica plano de Trump para Faixa de Gaza<\/title>\n<meta name=\"description\" content=\"O presidente Luiz In\u00e1cio Lula da Silva criticou nesta quarta-feira (5) a proposta do presidente dos Estados Unidos, Donald Trump, de assumir..\" \/>\n<meta name=\"robots\" content=\"index, follow, max-snippet:-1, max-image-preview:large, max-video-preview:-1\" \/>\n<link rel=\"canonical\" href=\"https:\/\/latamreports.com\/br\/lula-critica-plano-de-trump-para-faixa-de-gaza-e-reforca-defesa-do-estado-palestino\/\" \/>\n<meta property=\"og:locale\" content=\"en_US\" \/>\n<meta property=\"og:type\" content=\"article\" \/>\n<meta property=\"og:title\" content=\"Lula critica plano de Trump para Faixa de Gaza\" \/>\n<meta property=\"og:description\" content=\"O presidente Luiz In\u00e1cio Lula da Silva criticou nesta quarta-feira (5) a proposta do presidente dos Estados Unidos, Donald Trump, de assumir..\" \/>\n<meta property=\"og:url\" content=\"https:\/\/latamreports.com\/br\/lula-critica-plano-de-trump-para-faixa-de-gaza-e-reforca-defesa-do-estado-palestino\/\" \/>\n<meta property=\"og:site_name\" content=\"LatAm Reports\" \/>\n<meta property=\"article:publisher\" content=\"https:\/\/facebook.com\/latamreports\" \/>\n<meta property=\"article:published_time\" content=\"2025-02-05T17:48:58+00:00\" \/>\n<meta property=\"article:modified_time\" content=\"2025-02-05T17:49:00+00:00\" \/>\n<meta property=\"og:image\" content=\"https:\/\/latamreports.com\/br\/wp-content\/uploads\/desing1-18.png\" \/>\n\t<meta property=\"og:image:width\" content=\"1200\" \/>\n\t<meta property=\"og:image:height\" content=\"630\" \/>\n\t<meta property=\"og:image:type\" content=\"image\/png\" \/>\n<meta name=\"author\" content=\"LatAm Reports Redatores da Equipe\" \/>\n<meta name=\"twitter:card\" content=\"summary_large_image\" \/>\n<meta name=\"twitter:creator\" content=\"@latamreports\" \/>\n<meta name=\"twitter:site\" content=\"@latamreports\" \/>\n<meta name=\"twitter:label1\" content=\"Written by\" \/>\n\t<meta name=\"twitter:data1\" content=\"LatAm Reports Redatores da Equipe\" \/>\n\t<meta name=\"twitter:label2\" content=\"Est. reading time\" \/>\n\t<meta name=\"twitter:data2\" content=\"2 minutes\" \/>\n<script type=\"application\/ld+json\" class=\"yoast-schema-graph\">{\"@context\":\"https:\\\/\\\/schema.org\",\"@graph\":[{\"@type\":\"Article\",\"@id\":\"https:\\\/\\\/latamreports.com\\\/br\\\/lula-critica-plano-de-trump-para-faixa-de-gaza-e-reforca-defesa-do-estado-palestino\\\/#article\",\"isPartOf\":{\"@id\":\"https:\\\/\\\/latamreports.com\\\/br\\\/lula-critica-plano-de-trump-para-faixa-de-gaza-e-reforca-defesa-do-estado-palestino\\\/\"},\"author\":{\"name\":\"LatAm Reports Redatores da Equipe\",\"@id\":\"https:\\\/\\\/latamreports.com\\\/br\\\/#\\\/schema\\\/person\\\/a561f2de7e5ccabfab38d239b39fdb70\"},\"headline\":\"Lula critica plano de Trump para Faixa de Gaza e refor\u00e7a defesa do Estado Palestino\",\"datePublished\":\"2025-02-05T17:48:58+00:00\",\"dateModified\":\"2025-02-05T17:49:00+00:00\",\"mainEntityOfPage\":{\"@id\":\"https:\\\/\\\/latamreports.com\\\/br\\\/lula-critica-plano-de-trump-para-faixa-de-gaza-e-reforca-defesa-do-estado-palestino\\\/\"},\"wordCount\":453,\"publisher\":{\"@id\":\"https:\\\/\\\/latamreports.com\\\/br\\\/#organization\"},\"image\":{\"@id\":\"https:\\\/\\\/latamreports.com\\\/br\\\/lula-critica-plano-de-trump-para-faixa-de-gaza-e-reforca-defesa-do-estado-palestino\\\/#primaryimage\"},\"thumbnailUrl\":\"https:\\\/\\\/latamreports.com\\\/br\\\/wp-content\\\/uploads\\\/desing1-18.png\",\"keywords\":[\"Brasil\"],\"articleSection\":[\"Pol\u00edtica\"],\"inLanguage\":\"en-US\"},{\"@type\":\"WebPage\",\"@id\":\"https:\\\/\\\/latamreports.com\\\/br\\\/lula-critica-plano-de-trump-para-faixa-de-gaza-e-reforca-defesa-do-estado-palestino\\\/\",\"url\":\"https:\\\/\\\/latamreports.com\\\/br\\\/lula-critica-plano-de-trump-para-faixa-de-gaza-e-reforca-defesa-do-estado-palestino\\\/\",\"name\":\"Lula critica plano de Trump para Faixa de Gaza\",\"isPartOf\":{\"@id\":\"https:\\\/\\\/latamreports.com\\\/br\\\/#website\"},\"primaryImageOfPage\":{\"@id\":\"https:\\\/\\\/latamreports.com\\\/br\\\/lula-critica-plano-de-trump-para-faixa-de-gaza-e-reforca-defesa-do-estado-palestino\\\/#primaryimage\"},\"image\":{\"@id\":\"https:\\\/\\\/latamreports.com\\\/br\\\/lula-critica-plano-de-trump-para-faixa-de-gaza-e-reforca-defesa-do-estado-palestino\\\/#primaryimage\"},\"thumbnailUrl\":\"https:\\\/\\\/latamreports.com\\\/br\\\/wp-content\\\/uploads\\\/desing1-18.png\",\"datePublished\":\"2025-02-05T17:48:58+00:00\",\"dateModified\":\"2025-02-05T17:49:00+00:00\",\"description\":\"O presidente Luiz In\u00e1cio Lula da Silva criticou nesta quarta-feira (5) a proposta do presidente dos Estados Unidos, Donald Trump, de assumir..\",\"breadcrumb\":{\"@id\":\"https:\\\/\\\/latamreports.com\\\/br\\\/lula-critica-plano-de-trump-para-faixa-de-gaza-e-reforca-defesa-do-estado-palestino\\\/#breadcrumb\"},\"inLanguage\":\"en-US\",\"potentialAction\":[{\"@type\":\"ReadAction\",\"target\":[\"https:\\\/\\\/latamreports.com\\\/br\\\/lula-critica-plano-de-trump-para-faixa-de-gaza-e-reforca-defesa-do-estado-palestino\\\/\"]}]},{\"@type\":\"ImageObject\",\"inLanguage\":\"en-US\",\"@id\":\"https:\\\/\\\/latamreports.com\\\/br\\\/lula-critica-plano-de-trump-para-faixa-de-gaza-e-reforca-defesa-do-estado-palestino\\\/#primaryimage\",\"url\":\"https:\\\/\\\/latamreports.com\\\/br\\\/wp-content\\\/uploads\\\/desing1-18.png\",\"contentUrl\":\"https:\\\/\\\/latamreports.com\\\/br\\\/wp-content\\\/uploads\\\/desing1-18.png\",\"width\":1200,\"height\":630,\"caption\":\"Lula critica plano de Trump para Faixa de Gaza e refor\u00e7a defesa do Estado Palestino\"},{\"@type\":\"BreadcrumbList\",\"@id\":\"https:\\\/\\\/latamreports.com\\\/br\\\/lula-critica-plano-de-trump-para-faixa-de-gaza-e-reforca-defesa-do-estado-palestino\\\/#breadcrumb\",\"itemListElement\":[{\"@type\":\"ListItem\",\"position\":1,\"name\":\"Home\",\"item\":\"https:\\\/\\\/latamreports.com\\\/br\\\/\"},{\"@type\":\"ListItem\",\"position\":2,\"name\":\"Lula critica plano de Trump para Faixa de Gaza e refor\u00e7a defesa do Estado Palestino\"}]},{\"@type\":\"WebSite\",\"@id\":\"https:\\\/\\\/latamreports.com\\\/br\\\/#website\",\"url\":\"https:\\\/\\\/latamreports.com\\\/br\\\/\",\"name\":\"LatAm Reports\",\"description\":\"Not\u00edcias e opini\u00f5es de todas as Am\u00e9ricas\",\"publisher\":{\"@id\":\"https:\\\/\\\/latamreports.com\\\/br\\\/#organization\"},\"potentialAction\":[{\"@type\":\"SearchAction\",\"target\":{\"@type\":\"EntryPoint\",\"urlTemplate\":\"https:\\\/\\\/latamreports.com\\\/br\\\/?s={search_term_string}\"},\"query-input\":{\"@type\":\"PropertyValueSpecification\",\"valueRequired\":true,\"valueName\":\"search_term_string\"}}],\"inLanguage\":\"en-US\"},{\"@type\":\"Organization\",\"@id\":\"https:\\\/\\\/latamreports.com\\\/br\\\/#organization\",\"name\":\"LatAm Reports\",\"url\":\"https:\\\/\\\/latamreports.com\\\/br\\\/\",\"logo\":{\"@type\":\"ImageObject\",\"inLanguage\":\"en-US\",\"@id\":\"https:\\\/\\\/latamreports.com\\\/br\\\/#\\\/schema\\\/logo\\\/image\\\/\",\"url\":\"https:\\\/\\\/latamreports.com\\\/br\\\/wp-content\\\/uploads\\\/cropped-PNG2.png\",\"contentUrl\":\"https:\\\/\\\/latamreports.com\\\/br\\\/wp-content\\\/uploads\\\/cropped-PNG2.png\",\"width\":2522,\"height\":1014,\"caption\":\"LatAm Reports\"},\"image\":{\"@id\":\"https:\\\/\\\/latamreports.com\\\/br\\\/#\\\/schema\\\/logo\\\/image\\\/\"},\"sameAs\":[\"https:\\\/\\\/facebook.com\\\/latamreports\",\"https:\\\/\\\/x.com\\\/latamreports\"]},{\"@type\":\"Person\",\"@id\":\"https:\\\/\\\/latamreports.com\\\/br\\\/#\\\/schema\\\/person\\\/a561f2de7e5ccabfab38d239b39fdb70\",\"name\":\"LatAm Reports Redatores da Equipe\",\"image\":{\"@type\":\"ImageObject\",\"inLanguage\":\"en-US\",\"@id\":\"https:\\\/\\\/secure.gravatar.com\\\/avatar\\\/dcdcc93cc5edddd2f3ef77245866172c7d7241a11ad58e1959aa824f2fae81f6?s=96&d=mm&r=g\",\"url\":\"https:\\\/\\\/secure.gravatar.com\\\/avatar\\\/dcdcc93cc5edddd2f3ef77245866172c7d7241a11ad58e1959aa824f2fae81f6?s=96&d=mm&r=g\",\"contentUrl\":\"https:\\\/\\\/secure.gravatar.com\\\/avatar\\\/dcdcc93cc5edddd2f3ef77245866172c7d7241a11ad58e1959aa824f2fae81f6?s=96&d=mm&r=g\",\"caption\":\"LatAm Reports Redatores da Equipe\"}}]}<\/script>\n<!-- \/ Yoast SEO plugin. -->","yoast_head_json":{"title":"Lula critica plano de Trump para Faixa de Gaza","description":"O presidente Luiz In\u00e1cio Lula da Silva criticou nesta quarta-feira (5) a proposta do presidente dos Estados Unidos, Donald Trump, de assumir..","robots":{"index":"index","follow":"follow","max-snippet":"max-snippet:-1","max-image-preview":"max-image-preview:large","max-video-preview":"max-video-preview:-1"},"canonical":"https:\/\/latamreports.com\/br\/lula-critica-plano-de-trump-para-faixa-de-gaza-e-reforca-defesa-do-estado-palestino\/","og_locale":"en_US","og_type":"article","og_title":"Lula critica plano de Trump para Faixa de Gaza","og_description":"O presidente Luiz In\u00e1cio Lula da Silva criticou nesta quarta-feira (5) a proposta do presidente dos Estados Unidos, Donald Trump, de assumir..","og_url":"https:\/\/latamreports.com\/br\/lula-critica-plano-de-trump-para-faixa-de-gaza-e-reforca-defesa-do-estado-palestino\/","og_site_name":"LatAm Reports","article_publisher":"https:\/\/facebook.com\/latamreports","article_published_time":"2025-02-05T17:48:58+00:00","article_modified_time":"2025-02-05T17:49:00+00:00","og_image":[{"width":1200,"height":630,"url":"https:\/\/latamreports.com\/br\/wp-content\/uploads\/desing1-18.png","type":"image\/png"}],"author":"LatAm Reports Redatores da Equipe","twitter_card":"summary_large_image","twitter_creator":"@latamreports","twitter_site":"@latamreports","twitter_misc":{"Written by":"LatAm Reports Redatores da Equipe","Est. reading time":"2 minutes"},"schema":{"@context":"https:\/\/schema.org","@graph":[{"@type":"Article","@id":"https:\/\/latamreports.com\/br\/lula-critica-plano-de-trump-para-faixa-de-gaza-e-reforca-defesa-do-estado-palestino\/#article","isPartOf":{"@id":"https:\/\/latamreports.com\/br\/lula-critica-plano-de-trump-para-faixa-de-gaza-e-reforca-defesa-do-estado-palestino\/"},"author":{"name":"LatAm Reports Redatores da Equipe","@id":"https:\/\/latamreports.com\/br\/#\/schema\/person\/a561f2de7e5ccabfab38d239b39fdb70"},"headline":"Lula critica plano de Trump para Faixa de Gaza e refor\u00e7a defesa do Estado Palestino","datePublished":"2025-02-05T17:48:58+00:00","dateModified":"2025-02-05T17:49:00+00:00","mainEntityOfPage":{"@id":"https:\/\/latamreports.com\/br\/lula-critica-plano-de-trump-para-faixa-de-gaza-e-reforca-defesa-do-estado-palestino\/"},"wordCount":453,"publisher":{"@id":"https:\/\/latamreports.com\/br\/#organization"},"image":{"@id":"https:\/\/latamreports.com\/br\/lula-critica-plano-de-trump-para-faixa-de-gaza-e-reforca-defesa-do-estado-palestino\/#primaryimage"},"thumbnailUrl":"https:\/\/latamreports.com\/br\/wp-content\/uploads\/desing1-18.png","keywords":["Brasil"],"articleSection":["Pol\u00edtica"],"inLanguage":"en-US"},{"@type":"WebPage","@id":"https:\/\/latamreports.com\/br\/lula-critica-plano-de-trump-para-faixa-de-gaza-e-reforca-defesa-do-estado-palestino\/","url":"https:\/\/latamreports.com\/br\/lula-critica-plano-de-trump-para-faixa-de-gaza-e-reforca-defesa-do-estado-palestino\/","name":"Lula critica plano de Trump para Faixa de Gaza","isPartOf":{"@id":"https:\/\/latamreports.com\/br\/#website"},"primaryImageOfPage":{"@id":"https:\/\/latamreports.com\/br\/lula-critica-plano-de-trump-para-faixa-de-gaza-e-reforca-defesa-do-estado-palestino\/#primaryimage"},"image":{"@id":"https:\/\/latamreports.com\/br\/lula-critica-plano-de-trump-para-faixa-de-gaza-e-reforca-defesa-do-estado-palestino\/#primaryimage"},"thumbnailUrl":"https:\/\/latamreports.com\/br\/wp-content\/uploads\/desing1-18.png","datePublished":"2025-02-05T17:48:58+00:00","dateModified":"2025-02-05T17:49:00+00:00","description":"O presidente Luiz In\u00e1cio Lula da Silva criticou nesta quarta-feira (5) a proposta do presidente dos Estados Unidos, Donald Trump, de assumir..","breadcrumb":{"@id":"https:\/\/latamreports.com\/br\/lula-critica-plano-de-trump-para-faixa-de-gaza-e-reforca-defesa-do-estado-palestino\/#breadcrumb"},"inLanguage":"en-US","potentialAction":[{"@type":"ReadAction","target":["https:\/\/latamreports.com\/br\/lula-critica-plano-de-trump-para-faixa-de-gaza-e-reforca-defesa-do-estado-palestino\/"]}]},{"@type":"ImageObject","inLanguage":"en-US","@id":"https:\/\/latamreports.com\/br\/lula-critica-plano-de-trump-para-faixa-de-gaza-e-reforca-defesa-do-estado-palestino\/#primaryimage","url":"https:\/\/latamreports.com\/br\/wp-content\/uploads\/desing1-18.png","contentUrl":"https:\/\/latamreports.com\/br\/wp-content\/uploads\/desing1-18.png","width":1200,"height":630,"caption":"Lula critica plano de Trump para Faixa de Gaza e refor\u00e7a defesa do Estado Palestino"},{"@type":"BreadcrumbList","@id":"https:\/\/latamreports.com\/br\/lula-critica-plano-de-trump-para-faixa-de-gaza-e-reforca-defesa-do-estado-palestino\/#breadcrumb","itemListElement":[{"@type":"ListItem","position":1,"name":"Home","item":"https:\/\/latamreports.com\/br\/"},{"@type":"ListItem","position":2,"name":"Lula critica plano de Trump para Faixa de Gaza e refor\u00e7a defesa do Estado Palestino"}]},{"@type":"WebSite","@id":"https:\/\/latamreports.com\/br\/#website","url":"https:\/\/latamreports.com\/br\/","name":"LatAm Reports","description":"Not\u00edcias e opini\u00f5es de todas as Am\u00e9ricas","publisher":{"@id":"https:\/\/latamreports.com\/br\/#organization"},"potentialAction":[{"@type":"SearchAction","target":{"@type":"EntryPoint","urlTemplate":"https:\/\/latamreports.com\/br\/?s={search_term_string}"},"query-input":{"@type":"PropertyValueSpecification","valueRequired":true,"valueName":"search_term_string"}}],"inLanguage":"en-US"},{"@type":"Organization","@id":"https:\/\/latamreports.com\/br\/#organization","name":"LatAm Reports","url":"https:\/\/latamreports.com\/br\/","logo":{"@type":"ImageObject","inLanguage":"en-US","@id":"https:\/\/latamreports.com\/br\/#\/schema\/logo\/image\/","url":"https:\/\/latamreports.com\/br\/wp-content\/uploads\/cropped-PNG2.png","contentUrl":"https:\/\/latamreports.com\/br\/wp-content\/uploads\/cropped-PNG2.png","width":2522,"height":1014,"caption":"LatAm Reports"},"image":{"@id":"https:\/\/latamreports.com\/br\/#\/schema\/logo\/image\/"},"sameAs":["https:\/\/facebook.com\/latamreports","https:\/\/x.com\/latamreports"]},{"@type":"Person","@id":"https:\/\/latamreports.com\/br\/#\/schema\/person\/a561f2de7e5ccabfab38d239b39fdb70","name":"LatAm Reports Redatores da Equipe","image":{"@type":"ImageObject","inLanguage":"en-US","@id":"https:\/\/secure.gravatar.com\/avatar\/dcdcc93cc5edddd2f3ef77245866172c7d7241a11ad58e1959aa824f2fae81f6?s=96&d=mm&r=g","url":"https:\/\/secure.gravatar.com\/avatar\/dcdcc93cc5edddd2f3ef77245866172c7d7241a11ad58e1959aa824f2fae81f6?s=96&d=mm&r=g","contentUrl":"https:\/\/secure.gravatar.com\/avatar\/dcdcc93cc5edddd2f3ef77245866172c7d7241a11ad58e1959aa824f2fae81f6?s=96&d=mm&r=g","caption":"LatAm Reports Redatores da Equipe"}}]}},"jetpack_publicize_connections":[],"_links":{"self":[{"href":"https:\/\/latamreports.com\/br\/wp-json\/wp\/v2\/posts\/10491","targetHints":{"allow":["GET"]}}],"collection":[{"href":"https:\/\/latamreports.com\/br\/wp-json\/wp\/v2\/posts"}],"about":[{"href":"https:\/\/latamreports.com\/br\/wp-json\/wp\/v2\/types\/post"}],"author":[{"embeddable":true,"href":"https:\/\/latamreports.com\/br\/wp-json\/wp\/v2\/users\/7"}],"replies":[{"embeddable":true,"href":"https:\/\/latamreports.com\/br\/wp-json\/wp\/v2\/comments?post=10491"}],"version-history":[{"count":3,"href":"https:\/\/latamreports.com\/br\/wp-json\/wp\/v2\/posts\/10491\/revisions"}],"predecessor-version":[{"id":10515,"href":"https:\/\/latamreports.com\/br\/wp-json\/wp\/v2\/posts\/10491\/revisions\/10515"}],"wp:featuredmedia":[{"embeddable":true,"href":"https:\/\/latamreports.com\/br\/wp-json\/wp\/v2\/media\/10492"}],"wp:attachment":[{"href":"https:\/\/latamreports.com\/br\/wp-json\/wp\/v2\/media?parent=10491"}],"wp:term":[{"taxonomy":"category","embeddable":true,"href":"https:\/\/latamreports.com\/br\/wp-json\/wp\/v2\/categories?post=10491"},{"taxonomy":"post_tag","embeddable":true,"href":"https:\/\/latamreports.com\/br\/wp-json\/wp\/v2\/tags?post=10491"}],"curies":[{"name":"wp","href":"https:\/\/api.w.org\/{rel}","templated":true}]}}