{"id":10464,"date":"2025-02-04T17:38:15","date_gmt":"2025-02-04T17:38:15","guid":{"rendered":"https:\/\/latamreports.com\/br\/?p=10464"},"modified":"2025-02-04T17:38:17","modified_gmt":"2025-02-04T17:38:17","slug":"e-fake-news-que-trump-declarou-recusa-em-fazer-negocios-com-o-brasil-enquanto-lula-estiver-no-poder","status":"publish","type":"post","link":"https:\/\/latamreports.com\/br\/e-fake-news-que-trump-declarou-recusa-em-fazer-negocios-com-o-brasil-enquanto-lula-estiver-no-poder\/","title":{"rendered":"\u00c9 fake news que Trump declarou recusa em fazer neg\u00f3cios com o Brasil enquanto Lula estiver no poder"},"content":{"rendered":"\n<p>V\u00eddeo manipulado atribui declara\u00e7\u00f5es inexistentes ao presidente Trump dos EUA, utilizando dublagem em portugu\u00eas. O discurso original, de 6 de novembro de 2024, n\u00e3o faz qualquer men\u00e7\u00e3o ao Brasil ou a Lula.<\/p>\n\n\n\n<p>Circula nas redes sociais um v\u00eddeo no qual Donald Trump supostamente afirma que n\u00e3o far\u00e1 neg\u00f3cios com o Brasil enquanto Luiz In\u00e1cio<a href=\"https:\/\/latamreports.com\/br\/oim-retoma-atuacao-na-operacao-acolhida-com-apoio-da-unicef-e-setor-privado\/\"> Lula <\/a>da Silva (PT) estiver no poder. No entanto, essa alega\u00e7\u00e3o \u00e9 falsa. V\u00eddeo foi manipulado, incluindo uma dublagem em portugu\u00eas para criar declara\u00e7\u00f5es que nunca foram feitas pelo ex-presidente norte-americano.<\/p>\n\n\n\n<h2 class=\"wp-block-heading\">O conte\u00fado enganoso de Trump<\/h2>\n\n\n\n<p>O v\u00eddeo adulterado, amplamente compartilhado no TikTok e no Instagram, apresenta a seguinte legenda: &#8220;Trump declarou que n\u00e3o far\u00e1 neg\u00f3cios com o Brasil enquanto Lula estiver no poder&#8221;.<\/p>\n\n\n\n<p>Na grava\u00e7\u00e3o falsificada, uma voz dublada em portugu\u00eas atribui ao republicano as seguintes falas<\/p>\n\n\n\n<blockquote class=\"wp-block-quote is-layout-flow wp-block-quote-is-layout-flow\">\n<p>&#8220;Sempre gostei do Brasil, mas com a esquerda no poder, n\u00e3o d\u00e1 para fazer neg\u00f3cios como antes. N\u00e3o sou f\u00e3 do Lula, e ele tamb\u00e9m n\u00e3o \u00e9 f\u00e3 de mim, tanto que declarou apoio \u00e0 Kamala Harris publicamente.&#8221;<\/p>\n\n\n\n<p>&#8220;Todos sabem que Bolsonaro \u00e9 meu amigo, um verdadeiro patriota. Enquanto ele n\u00e3o estiver no Planalto, n\u00e3o d\u00e1 para contar com o Brasil para parcerias econ\u00f4micas.&#8221;<\/p>\n\n\n\n<p>&#8220;Quando o Brasil voltar para o caminho certo, vamos falar de parcerias. At\u00e9 l\u00e1, \u00e9 torcer para que o pa\u00eds recupere sua for\u00e7a.&#8221;<\/p>\n<\/blockquote>\n\n\n\n<p>A grava\u00e7\u00e3o mostra o presidente norte-americano vestindo um terno azul-marinho e gravata vermelha, discursando em um p\u00falpito com as cores da bandeira dos EUA e o slogan &#8220;Trump Will Fix It&#8221; (Trump vai consertar).<\/p>\n\n\n\n<p>O conte\u00fado falso come\u00e7ou a circular poucos dias ap\u00f3s a posse de Trump como 47\u00ba presidente dos Estados Unidos, em 20 de janeiro de 2025.<\/p>\n\n\n\n<h2 class=\"wp-block-heading\">O que diz a verifica\u00e7\u00e3o dos fatos<\/h2>\n\n\n\n<p>A equipe de checagem analisou o v\u00eddeo usando a ferramenta InVid, que fragmenta a grava\u00e7\u00e3o em imagens est\u00e1ticas. Em seguida, foi realizada uma busca reversa no Google Lens, revelando a origem real do conte\u00fado.<\/p>\n\n\n\n<p>Grava\u00e7\u00e3o original foi feita em 6 de novembro de 2024, durante um discurso no qual Trump se declarou vitorioso contra Kamala Harris, antes da confirma\u00e7\u00e3o oficial de sua vit\u00f3ria no col\u00e9gio eleitoral.<\/p>\n\n\n\n<p>Na vers\u00e3o aut\u00eantica do pronunciamento, Trump fala sobre a economia dos EUA e seu desempenho em estados-chave, como Carolina do Norte, Wisconsin e Ge\u00f3rgia. N\u00e3o h\u00e1 qualquer men\u00e7\u00e3o ao<a href=\"https:\/\/latamreports.com\/br\/setor-automotivo-brasileiro-pede-investigacao-contra-dumping-de-montadoras-chinesas\/\"> Brasil<\/a> ou a Lula.<\/p>\n\n\n\n<p>Essa n\u00e3o \u00e9 a primeira vez que conte\u00fados falsos sobre o tema circulam. Em novembro de 2024, outra alega\u00e7\u00e3o enganosa afirmava que o g1 teria publicado uma mat\u00e9ria com o t\u00edtulo: <em>&#8220;Donald Trump vence a elei\u00e7\u00e3o e manda recado para o Brasil: &#8216;Com o Lula eu n\u00e3o negocio'&#8221;<\/em>. No entanto, essa manchete nunca existiu no portal.<\/p>\n\n\n\n<p>O v\u00eddeo viral \u00e9 mais um exemplo de desinforma\u00e7\u00e3o criada para influenciar a opini\u00e3o p\u00fablica.<\/p>\n","protected":false},"excerpt":{"rendered":"<p>V\u00eddeo manipulado atribui declara\u00e7\u00f5es inexistentes ao presidente Trump dos EUA, utilizando dublagem em portugu\u00eas. O discurso original, de 6 de novembro de 2024, n\u00e3o faz &#8230; <a title=\"\u00c9 fake news que Trump declarou recusa em fazer neg\u00f3cios com o Brasil enquanto Lula estiver no poder\" class=\"read-more\" href=\"https:\/\/latamreports.com\/br\/e-fake-news-que-trump-declarou-recusa-em-fazer-negocios-com-o-brasil-enquanto-lula-estiver-no-poder\/\" aria-label=\"Read more about \u00c9 fake news que Trump declarou recusa em fazer neg\u00f3cios com o Brasil enquanto Lula estiver no poder\">Read more<\/a><\/p>\n","protected":false},"author":7,"featured_media":10465,"comment_status":"closed","ping_status":"closed","sticky":false,"template":"","format":"standard","meta":{"footnotes":"","jetpack_publicize_message":"","jetpack_publicize_feature_enabled":true,"jetpack_social_post_already_shared":true,"jetpack_social_options":{"image_generator_settings":{"template":"highway","default_image_id":0,"font":"","enabled":false},"version":2}},"categories":[13],"tags":[31],"class_list":["post-10464","post","type-post","status-publish","format-standard","has-post-thumbnail","hentry","category-politica","tag-brasil","resize-featured-image"],"yoast_head":"<!-- This site is optimized with the Yoast SEO plugin v27.4 - https:\/\/yoast.com\/product\/yoast-seo-wordpress\/ -->\n<title>\u00c9 falso que Trump declarou recusa em fazer neg\u00f3cios com o Brasil<\/title>\n<meta name=\"description\" content=\"V\u00eddeo manipulado atribui declara\u00e7\u00f5es inexistentes ao presidente Trump dos EUA, utilizando dublagem em portugu\u00eas. O discurso original, de 6...\" \/>\n<meta name=\"robots\" content=\"index, follow, max-snippet:-1, max-image-preview:large, max-video-preview:-1\" \/>\n<link rel=\"canonical\" href=\"https:\/\/latamreports.com\/br\/e-fake-news-que-trump-declarou-recusa-em-fazer-negocios-com-o-brasil-enquanto-lula-estiver-no-poder\/\" \/>\n<meta property=\"og:locale\" content=\"en_US\" \/>\n<meta property=\"og:type\" content=\"article\" \/>\n<meta property=\"og:title\" content=\"\u00c9 falso que Trump declarou recusa em fazer neg\u00f3cios com o Brasil\" \/>\n<meta property=\"og:description\" content=\"V\u00eddeo manipulado atribui declara\u00e7\u00f5es inexistentes ao presidente Trump dos EUA, utilizando dublagem em portugu\u00eas. O discurso original, de 6...\" \/>\n<meta property=\"og:url\" content=\"https:\/\/latamreports.com\/br\/e-fake-news-que-trump-declarou-recusa-em-fazer-negocios-com-o-brasil-enquanto-lula-estiver-no-poder\/\" \/>\n<meta property=\"og:site_name\" content=\"LatAm Reports\" \/>\n<meta property=\"article:publisher\" content=\"https:\/\/facebook.com\/latamreports\" \/>\n<meta property=\"article:published_time\" content=\"2025-02-04T17:38:15+00:00\" \/>\n<meta property=\"article:modified_time\" content=\"2025-02-04T17:38:17+00:00\" \/>\n<meta property=\"og:image\" content=\"https:\/\/latamreports.com\/br\/wp-content\/uploads\/desing1-12.png\" \/>\n\t<meta property=\"og:image:width\" content=\"1200\" \/>\n\t<meta property=\"og:image:height\" content=\"630\" \/>\n\t<meta property=\"og:image:type\" content=\"image\/png\" \/>\n<meta name=\"author\" content=\"LatAm Reports Redatores da Equipe\" \/>\n<meta name=\"twitter:card\" content=\"summary_large_image\" \/>\n<meta name=\"twitter:creator\" content=\"@latamreports\" \/>\n<meta name=\"twitter:site\" content=\"@latamreports\" \/>\n<meta name=\"twitter:label1\" content=\"Written by\" \/>\n\t<meta name=\"twitter:data1\" content=\"LatAm Reports Redatores da Equipe\" \/>\n\t<meta name=\"twitter:label2\" content=\"Est. reading time\" \/>\n\t<meta name=\"twitter:data2\" content=\"2 minutes\" \/>\n<script type=\"application\/ld+json\" class=\"yoast-schema-graph\">{\"@context\":\"https:\\\/\\\/schema.org\",\"@graph\":[{\"@type\":\"Article\",\"@id\":\"https:\\\/\\\/latamreports.com\\\/br\\\/e-fake-news-que-trump-declarou-recusa-em-fazer-negocios-com-o-brasil-enquanto-lula-estiver-no-poder\\\/#article\",\"isPartOf\":{\"@id\":\"https:\\\/\\\/latamreports.com\\\/br\\\/e-fake-news-que-trump-declarou-recusa-em-fazer-negocios-com-o-brasil-enquanto-lula-estiver-no-poder\\\/\"},\"author\":{\"name\":\"LatAm Reports Redatores da Equipe\",\"@id\":\"https:\\\/\\\/latamreports.com\\\/br\\\/#\\\/schema\\\/person\\\/a561f2de7e5ccabfab38d239b39fdb70\"},\"headline\":\"\u00c9 fake news que Trump declarou recusa em fazer neg\u00f3cios com o Brasil enquanto Lula estiver no poder\",\"datePublished\":\"2025-02-04T17:38:15+00:00\",\"dateModified\":\"2025-02-04T17:38:17+00:00\",\"mainEntityOfPage\":{\"@id\":\"https:\\\/\\\/latamreports.com\\\/br\\\/e-fake-news-que-trump-declarou-recusa-em-fazer-negocios-com-o-brasil-enquanto-lula-estiver-no-poder\\\/\"},\"wordCount\":517,\"publisher\":{\"@id\":\"https:\\\/\\\/latamreports.com\\\/br\\\/#organization\"},\"image\":{\"@id\":\"https:\\\/\\\/latamreports.com\\\/br\\\/e-fake-news-que-trump-declarou-recusa-em-fazer-negocios-com-o-brasil-enquanto-lula-estiver-no-poder\\\/#primaryimage\"},\"thumbnailUrl\":\"https:\\\/\\\/latamreports.com\\\/br\\\/wp-content\\\/uploads\\\/desing1-12.png\",\"keywords\":[\"Brasil\"],\"articleSection\":[\"Pol\u00edtica\"],\"inLanguage\":\"en-US\"},{\"@type\":\"WebPage\",\"@id\":\"https:\\\/\\\/latamreports.com\\\/br\\\/e-fake-news-que-trump-declarou-recusa-em-fazer-negocios-com-o-brasil-enquanto-lula-estiver-no-poder\\\/\",\"url\":\"https:\\\/\\\/latamreports.com\\\/br\\\/e-fake-news-que-trump-declarou-recusa-em-fazer-negocios-com-o-brasil-enquanto-lula-estiver-no-poder\\\/\",\"name\":\"\u00c9 falso que Trump declarou recusa em fazer neg\u00f3cios com o Brasil\",\"isPartOf\":{\"@id\":\"https:\\\/\\\/latamreports.com\\\/br\\\/#website\"},\"primaryImageOfPage\":{\"@id\":\"https:\\\/\\\/latamreports.com\\\/br\\\/e-fake-news-que-trump-declarou-recusa-em-fazer-negocios-com-o-brasil-enquanto-lula-estiver-no-poder\\\/#primaryimage\"},\"image\":{\"@id\":\"https:\\\/\\\/latamreports.com\\\/br\\\/e-fake-news-que-trump-declarou-recusa-em-fazer-negocios-com-o-brasil-enquanto-lula-estiver-no-poder\\\/#primaryimage\"},\"thumbnailUrl\":\"https:\\\/\\\/latamreports.com\\\/br\\\/wp-content\\\/uploads\\\/desing1-12.png\",\"datePublished\":\"2025-02-04T17:38:15+00:00\",\"dateModified\":\"2025-02-04T17:38:17+00:00\",\"description\":\"V\u00eddeo manipulado atribui declara\u00e7\u00f5es inexistentes ao presidente Trump dos EUA, utilizando dublagem em portugu\u00eas. O discurso original, de 6...\",\"breadcrumb\":{\"@id\":\"https:\\\/\\\/latamreports.com\\\/br\\\/e-fake-news-que-trump-declarou-recusa-em-fazer-negocios-com-o-brasil-enquanto-lula-estiver-no-poder\\\/#breadcrumb\"},\"inLanguage\":\"en-US\",\"potentialAction\":[{\"@type\":\"ReadAction\",\"target\":[\"https:\\\/\\\/latamreports.com\\\/br\\\/e-fake-news-que-trump-declarou-recusa-em-fazer-negocios-com-o-brasil-enquanto-lula-estiver-no-poder\\\/\"]}]},{\"@type\":\"ImageObject\",\"inLanguage\":\"en-US\",\"@id\":\"https:\\\/\\\/latamreports.com\\\/br\\\/e-fake-news-que-trump-declarou-recusa-em-fazer-negocios-com-o-brasil-enquanto-lula-estiver-no-poder\\\/#primaryimage\",\"url\":\"https:\\\/\\\/latamreports.com\\\/br\\\/wp-content\\\/uploads\\\/desing1-12.png\",\"contentUrl\":\"https:\\\/\\\/latamreports.com\\\/br\\\/wp-content\\\/uploads\\\/desing1-12.png\",\"width\":1200,\"height\":630,\"caption\":\"\u00c9 falso que Trump declarou recusa em fazer neg\u00f3cios com o Brasil enquanto Lula estiver no poder\"},{\"@type\":\"BreadcrumbList\",\"@id\":\"https:\\\/\\\/latamreports.com\\\/br\\\/e-fake-news-que-trump-declarou-recusa-em-fazer-negocios-com-o-brasil-enquanto-lula-estiver-no-poder\\\/#breadcrumb\",\"itemListElement\":[{\"@type\":\"ListItem\",\"position\":1,\"name\":\"Home\",\"item\":\"https:\\\/\\\/latamreports.com\\\/br\\\/\"},{\"@type\":\"ListItem\",\"position\":2,\"name\":\"\u00c9 fake news que Trump declarou recusa em fazer neg\u00f3cios com o Brasil enquanto Lula estiver no poder\"}]},{\"@type\":\"WebSite\",\"@id\":\"https:\\\/\\\/latamreports.com\\\/br\\\/#website\",\"url\":\"https:\\\/\\\/latamreports.com\\\/br\\\/\",\"name\":\"LatAm Reports\",\"description\":\"Not\u00edcias e opini\u00f5es de todas as Am\u00e9ricas\",\"publisher\":{\"@id\":\"https:\\\/\\\/latamreports.com\\\/br\\\/#organization\"},\"potentialAction\":[{\"@type\":\"SearchAction\",\"target\":{\"@type\":\"EntryPoint\",\"urlTemplate\":\"https:\\\/\\\/latamreports.com\\\/br\\\/?s={search_term_string}\"},\"query-input\":{\"@type\":\"PropertyValueSpecification\",\"valueRequired\":true,\"valueName\":\"search_term_string\"}}],\"inLanguage\":\"en-US\"},{\"@type\":\"Organization\",\"@id\":\"https:\\\/\\\/latamreports.com\\\/br\\\/#organization\",\"name\":\"LatAm Reports\",\"url\":\"https:\\\/\\\/latamreports.com\\\/br\\\/\",\"logo\":{\"@type\":\"ImageObject\",\"inLanguage\":\"en-US\",\"@id\":\"https:\\\/\\\/latamreports.com\\\/br\\\/#\\\/schema\\\/logo\\\/image\\\/\",\"url\":\"https:\\\/\\\/latamreports.com\\\/br\\\/wp-content\\\/uploads\\\/cropped-PNG2.png\",\"contentUrl\":\"https:\\\/\\\/latamreports.com\\\/br\\\/wp-content\\\/uploads\\\/cropped-PNG2.png\",\"width\":2522,\"height\":1014,\"caption\":\"LatAm Reports\"},\"image\":{\"@id\":\"https:\\\/\\\/latamreports.com\\\/br\\\/#\\\/schema\\\/logo\\\/image\\\/\"},\"sameAs\":[\"https:\\\/\\\/facebook.com\\\/latamreports\",\"https:\\\/\\\/x.com\\\/latamreports\"]},{\"@type\":\"Person\",\"@id\":\"https:\\\/\\\/latamreports.com\\\/br\\\/#\\\/schema\\\/person\\\/a561f2de7e5ccabfab38d239b39fdb70\",\"name\":\"LatAm Reports Redatores da Equipe\",\"image\":{\"@type\":\"ImageObject\",\"inLanguage\":\"en-US\",\"@id\":\"https:\\\/\\\/secure.gravatar.com\\\/avatar\\\/dcdcc93cc5edddd2f3ef77245866172c7d7241a11ad58e1959aa824f2fae81f6?s=96&d=mm&r=g\",\"url\":\"https:\\\/\\\/secure.gravatar.com\\\/avatar\\\/dcdcc93cc5edddd2f3ef77245866172c7d7241a11ad58e1959aa824f2fae81f6?s=96&d=mm&r=g\",\"contentUrl\":\"https:\\\/\\\/secure.gravatar.com\\\/avatar\\\/dcdcc93cc5edddd2f3ef77245866172c7d7241a11ad58e1959aa824f2fae81f6?s=96&d=mm&r=g\",\"caption\":\"LatAm Reports Redatores da Equipe\"}}]}<\/script>\n<!-- \/ Yoast SEO plugin. -->","yoast_head_json":{"title":"\u00c9 falso que Trump declarou recusa em fazer neg\u00f3cios com o Brasil","description":"V\u00eddeo manipulado atribui declara\u00e7\u00f5es inexistentes ao presidente Trump dos EUA, utilizando dublagem em portugu\u00eas. O discurso original, de 6...","robots":{"index":"index","follow":"follow","max-snippet":"max-snippet:-1","max-image-preview":"max-image-preview:large","max-video-preview":"max-video-preview:-1"},"canonical":"https:\/\/latamreports.com\/br\/e-fake-news-que-trump-declarou-recusa-em-fazer-negocios-com-o-brasil-enquanto-lula-estiver-no-poder\/","og_locale":"en_US","og_type":"article","og_title":"\u00c9 falso que Trump declarou recusa em fazer neg\u00f3cios com o Brasil","og_description":"V\u00eddeo manipulado atribui declara\u00e7\u00f5es inexistentes ao presidente Trump dos EUA, utilizando dublagem em portugu\u00eas. O discurso original, de 6...","og_url":"https:\/\/latamreports.com\/br\/e-fake-news-que-trump-declarou-recusa-em-fazer-negocios-com-o-brasil-enquanto-lula-estiver-no-poder\/","og_site_name":"LatAm Reports","article_publisher":"https:\/\/facebook.com\/latamreports","article_published_time":"2025-02-04T17:38:15+00:00","article_modified_time":"2025-02-04T17:38:17+00:00","og_image":[{"width":1200,"height":630,"url":"https:\/\/latamreports.com\/br\/wp-content\/uploads\/desing1-12.png","type":"image\/png"}],"author":"LatAm Reports Redatores da Equipe","twitter_card":"summary_large_image","twitter_creator":"@latamreports","twitter_site":"@latamreports","twitter_misc":{"Written by":"LatAm Reports Redatores da Equipe","Est. reading time":"2 minutes"},"schema":{"@context":"https:\/\/schema.org","@graph":[{"@type":"Article","@id":"https:\/\/latamreports.com\/br\/e-fake-news-que-trump-declarou-recusa-em-fazer-negocios-com-o-brasil-enquanto-lula-estiver-no-poder\/#article","isPartOf":{"@id":"https:\/\/latamreports.com\/br\/e-fake-news-que-trump-declarou-recusa-em-fazer-negocios-com-o-brasil-enquanto-lula-estiver-no-poder\/"},"author":{"name":"LatAm Reports Redatores da Equipe","@id":"https:\/\/latamreports.com\/br\/#\/schema\/person\/a561f2de7e5ccabfab38d239b39fdb70"},"headline":"\u00c9 fake news que Trump declarou recusa em fazer neg\u00f3cios com o Brasil enquanto Lula estiver no poder","datePublished":"2025-02-04T17:38:15+00:00","dateModified":"2025-02-04T17:38:17+00:00","mainEntityOfPage":{"@id":"https:\/\/latamreports.com\/br\/e-fake-news-que-trump-declarou-recusa-em-fazer-negocios-com-o-brasil-enquanto-lula-estiver-no-poder\/"},"wordCount":517,"publisher":{"@id":"https:\/\/latamreports.com\/br\/#organization"},"image":{"@id":"https:\/\/latamreports.com\/br\/e-fake-news-que-trump-declarou-recusa-em-fazer-negocios-com-o-brasil-enquanto-lula-estiver-no-poder\/#primaryimage"},"thumbnailUrl":"https:\/\/latamreports.com\/br\/wp-content\/uploads\/desing1-12.png","keywords":["Brasil"],"articleSection":["Pol\u00edtica"],"inLanguage":"en-US"},{"@type":"WebPage","@id":"https:\/\/latamreports.com\/br\/e-fake-news-que-trump-declarou-recusa-em-fazer-negocios-com-o-brasil-enquanto-lula-estiver-no-poder\/","url":"https:\/\/latamreports.com\/br\/e-fake-news-que-trump-declarou-recusa-em-fazer-negocios-com-o-brasil-enquanto-lula-estiver-no-poder\/","name":"\u00c9 falso que Trump declarou recusa em fazer neg\u00f3cios com o Brasil","isPartOf":{"@id":"https:\/\/latamreports.com\/br\/#website"},"primaryImageOfPage":{"@id":"https:\/\/latamreports.com\/br\/e-fake-news-que-trump-declarou-recusa-em-fazer-negocios-com-o-brasil-enquanto-lula-estiver-no-poder\/#primaryimage"},"image":{"@id":"https:\/\/latamreports.com\/br\/e-fake-news-que-trump-declarou-recusa-em-fazer-negocios-com-o-brasil-enquanto-lula-estiver-no-poder\/#primaryimage"},"thumbnailUrl":"https:\/\/latamreports.com\/br\/wp-content\/uploads\/desing1-12.png","datePublished":"2025-02-04T17:38:15+00:00","dateModified":"2025-02-04T17:38:17+00:00","description":"V\u00eddeo manipulado atribui declara\u00e7\u00f5es inexistentes ao presidente Trump dos EUA, utilizando dublagem em portugu\u00eas. O discurso original, de 6...","breadcrumb":{"@id":"https:\/\/latamreports.com\/br\/e-fake-news-que-trump-declarou-recusa-em-fazer-negocios-com-o-brasil-enquanto-lula-estiver-no-poder\/#breadcrumb"},"inLanguage":"en-US","potentialAction":[{"@type":"ReadAction","target":["https:\/\/latamreports.com\/br\/e-fake-news-que-trump-declarou-recusa-em-fazer-negocios-com-o-brasil-enquanto-lula-estiver-no-poder\/"]}]},{"@type":"ImageObject","inLanguage":"en-US","@id":"https:\/\/latamreports.com\/br\/e-fake-news-que-trump-declarou-recusa-em-fazer-negocios-com-o-brasil-enquanto-lula-estiver-no-poder\/#primaryimage","url":"https:\/\/latamreports.com\/br\/wp-content\/uploads\/desing1-12.png","contentUrl":"https:\/\/latamreports.com\/br\/wp-content\/uploads\/desing1-12.png","width":1200,"height":630,"caption":"\u00c9 falso que Trump declarou recusa em fazer neg\u00f3cios com o Brasil enquanto Lula estiver no poder"},{"@type":"BreadcrumbList","@id":"https:\/\/latamreports.com\/br\/e-fake-news-que-trump-declarou-recusa-em-fazer-negocios-com-o-brasil-enquanto-lula-estiver-no-poder\/#breadcrumb","itemListElement":[{"@type":"ListItem","position":1,"name":"Home","item":"https:\/\/latamreports.com\/br\/"},{"@type":"ListItem","position":2,"name":"\u00c9 fake news que Trump declarou recusa em fazer neg\u00f3cios com o Brasil enquanto Lula estiver no poder"}]},{"@type":"WebSite","@id":"https:\/\/latamreports.com\/br\/#website","url":"https:\/\/latamreports.com\/br\/","name":"LatAm Reports","description":"Not\u00edcias e opini\u00f5es de todas as Am\u00e9ricas","publisher":{"@id":"https:\/\/latamreports.com\/br\/#organization"},"potentialAction":[{"@type":"SearchAction","target":{"@type":"EntryPoint","urlTemplate":"https:\/\/latamreports.com\/br\/?s={search_term_string}"},"query-input":{"@type":"PropertyValueSpecification","valueRequired":true,"valueName":"search_term_string"}}],"inLanguage":"en-US"},{"@type":"Organization","@id":"https:\/\/latamreports.com\/br\/#organization","name":"LatAm Reports","url":"https:\/\/latamreports.com\/br\/","logo":{"@type":"ImageObject","inLanguage":"en-US","@id":"https:\/\/latamreports.com\/br\/#\/schema\/logo\/image\/","url":"https:\/\/latamreports.com\/br\/wp-content\/uploads\/cropped-PNG2.png","contentUrl":"https:\/\/latamreports.com\/br\/wp-content\/uploads\/cropped-PNG2.png","width":2522,"height":1014,"caption":"LatAm Reports"},"image":{"@id":"https:\/\/latamreports.com\/br\/#\/schema\/logo\/image\/"},"sameAs":["https:\/\/facebook.com\/latamreports","https:\/\/x.com\/latamreports"]},{"@type":"Person","@id":"https:\/\/latamreports.com\/br\/#\/schema\/person\/a561f2de7e5ccabfab38d239b39fdb70","name":"LatAm Reports Redatores da Equipe","image":{"@type":"ImageObject","inLanguage":"en-US","@id":"https:\/\/secure.gravatar.com\/avatar\/dcdcc93cc5edddd2f3ef77245866172c7d7241a11ad58e1959aa824f2fae81f6?s=96&d=mm&r=g","url":"https:\/\/secure.gravatar.com\/avatar\/dcdcc93cc5edddd2f3ef77245866172c7d7241a11ad58e1959aa824f2fae81f6?s=96&d=mm&r=g","contentUrl":"https:\/\/secure.gravatar.com\/avatar\/dcdcc93cc5edddd2f3ef77245866172c7d7241a11ad58e1959aa824f2fae81f6?s=96&d=mm&r=g","caption":"LatAm Reports Redatores da Equipe"}}]}},"jetpack_publicize_connections":[],"_links":{"self":[{"href":"https:\/\/latamreports.com\/br\/wp-json\/wp\/v2\/posts\/10464","targetHints":{"allow":["GET"]}}],"collection":[{"href":"https:\/\/latamreports.com\/br\/wp-json\/wp\/v2\/posts"}],"about":[{"href":"https:\/\/latamreports.com\/br\/wp-json\/wp\/v2\/types\/post"}],"author":[{"embeddable":true,"href":"https:\/\/latamreports.com\/br\/wp-json\/wp\/v2\/users\/7"}],"replies":[{"embeddable":true,"href":"https:\/\/latamreports.com\/br\/wp-json\/wp\/v2\/comments?post=10464"}],"version-history":[{"count":2,"href":"https:\/\/latamreports.com\/br\/wp-json\/wp\/v2\/posts\/10464\/revisions"}],"predecessor-version":[{"id":10482,"href":"https:\/\/latamreports.com\/br\/wp-json\/wp\/v2\/posts\/10464\/revisions\/10482"}],"wp:featuredmedia":[{"embeddable":true,"href":"https:\/\/latamreports.com\/br\/wp-json\/wp\/v2\/media\/10465"}],"wp:attachment":[{"href":"https:\/\/latamreports.com\/br\/wp-json\/wp\/v2\/media?parent=10464"}],"wp:term":[{"taxonomy":"category","embeddable":true,"href":"https:\/\/latamreports.com\/br\/wp-json\/wp\/v2\/categories?post=10464"},{"taxonomy":"post_tag","embeddable":true,"href":"https:\/\/latamreports.com\/br\/wp-json\/wp\/v2\/tags?post=10464"}],"curies":[{"name":"wp","href":"https:\/\/api.w.org\/{rel}","templated":true}]}}