{"id":10435,"date":"2025-02-03T17:27:08","date_gmt":"2025-02-03T17:27:08","guid":{"rendered":"https:\/\/latamreports.com\/br\/?p=10435"},"modified":"2025-02-03T17:27:09","modified_gmt":"2025-02-03T17:27:09","slug":"justica-decreta-prisao-de-13-envolvidos-em-briga-de-torcidas-antes-de-classico","status":"publish","type":"post","link":"https:\/\/latamreports.com\/br\/justica-decreta-prisao-de-13-envolvidos-em-briga-de-torcidas-antes-de-classico\/","title":{"rendered":"Justi\u00e7a decreta pris\u00e3o de 13 envolvidos em briga de torcidas antes de cl\u00e1ssico"},"content":{"rendered":"\n<p>A Justi\u00e7a de Pernambuco decretou a pris\u00e3o preventiva de 13 homens envolvidos nas brigas entre <a href=\"https:\/\/latamreports.com\/br\/neymar-chega-ao-brasil-e-assina-contrato-com-o-santos-nesta-sexta-feira\/\">torcidas<\/a> organizadas antes do cl\u00e1ssico entre Santa Cruz e Sport, no s\u00e1bado (1\u00ba). Os confrontos ocorreram em diferentes pontos do Recife e da Regi\u00e3o Metropolitana, deixando ao menos 13 feridos. A Pol\u00edcia Civil informou que os detidos responder\u00e3o por associa\u00e7\u00e3o criminosa, dano ao patrim\u00f4nio e les\u00e3o corporal.<\/p>\n\n\n\n<p>Entre os presos est\u00e3o o presidente de uma organizada do Sport e um integrante envolvido no ataque ao \u00f4nibus do Fortaleza, ocorrido em fevereiro de 2024. Segundo a delegada-geral adjunta da Pol\u00edcia Civil, Beatriz Leite, os confrontos foram planejados, com torcedores confeccionando armas artesanais e marcando locais para os embates. V\u00eddeos divulgados nas redes sociais mostram cenas de viol\u00eancia extrema, incluindo agress\u00f5es a um dos l\u00edderes da torcida do Sport.<\/p>\n\n\n\n<p>A pol\u00edcia j\u00e1 monitorava a movimenta\u00e7\u00e3o das torcidas organizadas antes do jogo e refor\u00e7ou o patrulhamento em terminais de \u00f4nibus e vias movimentadas. Durante as a\u00e7\u00f5es, apreendeu materiais como peda\u00e7os de madeira, barras de ferro e arames farpados. Apesar da antecipa\u00e7\u00e3o, os conflitos n\u00e3o foram evitados.<\/p>\n\n\n\n<h2 class=\"wp-block-heading\">Governo pro\u00edbe torcida em cinco jogos<\/h2>\n\n\n\n<p>Como resposta \u00e0 viol\u00eancia, o governo de Pernambuco determinou que os pr\u00f3ximos cinco jogos de Santa Cruz e Sport sejam realizados sem a presen\u00e7a de torcedores. A medida foi recomendada pelo Minist\u00e9rio P\u00fablico de Pernambuco (MPPE), que apontou a necessidade de pressionar os clubes e a Federa\u00e7\u00e3o Pernambucana de Futebol (FPF) a adotar medidas mais r\u00edgidas contra a viol\u00eancia.<\/p>\n\n\n\n<p>A proibi\u00e7\u00e3o foi criticada pelo Sport, que anunciou que recorrer\u00e1 \u00e0 Justi\u00e7a para tentar reverter a decis\u00e3o. A Federa\u00e7\u00e3o Pernambucana de Futebol tamb\u00e9m se manifestou contr\u00e1ria \u00e0 medida, alegando que penaliza torcedores e trabalhadores do futebol sem atacar diretamente os respons\u00e1veis pelos confrontos.<\/p>\n\n\n\n<p>O promotor Ant\u00f4nio Arroxelas, do MPPE, defendeu a decis\u00e3o, argumentando que h\u00e1 uma aproxima\u00e7\u00e3o entre os clubes e as torcidas organizadas envolvidas em crimes. Segundo ele, apenas tr\u00eas grupos espec\u00edficos \u2014 ligados a Santa Cruz, Sport e N\u00e1utico \u2014 estariam por tr\u00e1s dos principais epis\u00f3dios de viol\u00eancia.<\/p>\n\n\n\n<p>A medida reacendeu o debate sobre o papel das torcidas organizadas e a necessidade de estrat\u00e9gias mais eficazes para garantir a seguran\u00e7a nos eventos<a href=\"https:\/\/latamreports.com\/br\/al-hilal-mira-contratacao-de-rodrygo-e-prepara-proposta-para-tira-lo-do-real-madrid-no-meio-do-ano\/\"> esportivos <\/a>em Pernambuco.<\/p>\n","protected":false},"excerpt":{"rendered":"<p>A Justi\u00e7a de Pernambuco decretou a pris\u00e3o preventiva de 13 homens envolvidos nas brigas entre torcidas organizadas antes do cl\u00e1ssico entre Santa Cruz e Sport, &#8230; <a title=\"Justi\u00e7a decreta pris\u00e3o de 13 envolvidos em briga de torcidas antes de cl\u00e1ssico\" class=\"read-more\" href=\"https:\/\/latamreports.com\/br\/justica-decreta-prisao-de-13-envolvidos-em-briga-de-torcidas-antes-de-classico\/\" aria-label=\"Read more about Justi\u00e7a decreta pris\u00e3o de 13 envolvidos em briga de torcidas antes de cl\u00e1ssico\">Read more<\/a><\/p>\n","protected":false},"author":7,"featured_media":10437,"comment_status":"closed","ping_status":"closed","sticky":false,"template":"","format":"standard","meta":{"footnotes":"","jetpack_publicize_message":"","jetpack_publicize_feature_enabled":true,"jetpack_social_post_already_shared":true,"jetpack_social_options":{"image_generator_settings":{"template":"highway","default_image_id":0,"font":"","enabled":false},"version":2}},"categories":[14],"tags":[31],"class_list":["post-10435","post","type-post","status-publish","format-standard","has-post-thumbnail","hentry","category-esportes","tag-brasil","resize-featured-image"],"yoast_head":"<!-- This site is optimized with the Yoast SEO plugin v27.4 - https:\/\/yoast.com\/product\/yoast-seo-wordpress\/ -->\n<title>Justi\u00e7a decreta pris\u00e3o de 13 envolvidos em briga de torcidas<\/title>\n<meta name=\"description\" content=\"A Justi\u00e7a de Pernambuco decretou a pris\u00e3o preventiva de 13 homens envolvidos nas brigas entre torcidas organizadas antes do cl\u00e1ssico entre...\" \/>\n<meta name=\"robots\" content=\"index, follow, max-snippet:-1, max-image-preview:large, max-video-preview:-1\" \/>\n<link rel=\"canonical\" href=\"https:\/\/latamreports.com\/br\/justica-decreta-prisao-de-13-envolvidos-em-briga-de-torcidas-antes-de-classico\/\" \/>\n<meta property=\"og:locale\" content=\"en_US\" \/>\n<meta property=\"og:type\" content=\"article\" \/>\n<meta property=\"og:title\" content=\"Justi\u00e7a decreta pris\u00e3o de 13 envolvidos em briga de torcidas\" \/>\n<meta property=\"og:description\" content=\"A Justi\u00e7a de Pernambuco decretou a pris\u00e3o preventiva de 13 homens envolvidos nas brigas entre torcidas organizadas antes do cl\u00e1ssico entre...\" \/>\n<meta property=\"og:url\" content=\"https:\/\/latamreports.com\/br\/justica-decreta-prisao-de-13-envolvidos-em-briga-de-torcidas-antes-de-classico\/\" \/>\n<meta property=\"og:site_name\" content=\"LatAm Reports\" \/>\n<meta property=\"article:publisher\" content=\"https:\/\/facebook.com\/latamreports\" \/>\n<meta property=\"article:published_time\" content=\"2025-02-03T17:27:08+00:00\" \/>\n<meta property=\"article:modified_time\" content=\"2025-02-03T17:27:09+00:00\" \/>\n<meta property=\"og:image\" content=\"https:\/\/latamreports.com\/br\/wp-content\/uploads\/desing1-4.png\" \/>\n\t<meta property=\"og:image:width\" content=\"1200\" \/>\n\t<meta property=\"og:image:height\" content=\"630\" \/>\n\t<meta property=\"og:image:type\" content=\"image\/png\" \/>\n<meta name=\"author\" content=\"LatAm Reports Redatores da Equipe\" \/>\n<meta name=\"twitter:card\" content=\"summary_large_image\" \/>\n<meta name=\"twitter:creator\" content=\"@latamreports\" \/>\n<meta name=\"twitter:site\" content=\"@latamreports\" \/>\n<meta name=\"twitter:label1\" content=\"Written by\" \/>\n\t<meta name=\"twitter:data1\" content=\"LatAm Reports Redatores da Equipe\" \/>\n\t<meta name=\"twitter:label2\" content=\"Est. reading time\" \/>\n\t<meta name=\"twitter:data2\" content=\"2 minutes\" \/>\n<script type=\"application\/ld+json\" class=\"yoast-schema-graph\">{\"@context\":\"https:\\\/\\\/schema.org\",\"@graph\":[{\"@type\":\"Article\",\"@id\":\"https:\\\/\\\/latamreports.com\\\/br\\\/justica-decreta-prisao-de-13-envolvidos-em-briga-de-torcidas-antes-de-classico\\\/#article\",\"isPartOf\":{\"@id\":\"https:\\\/\\\/latamreports.com\\\/br\\\/justica-decreta-prisao-de-13-envolvidos-em-briga-de-torcidas-antes-de-classico\\\/\"},\"author\":{\"name\":\"LatAm Reports Redatores da Equipe\",\"@id\":\"https:\\\/\\\/latamreports.com\\\/br\\\/#\\\/schema\\\/person\\\/a561f2de7e5ccabfab38d239b39fdb70\"},\"headline\":\"Justi\u00e7a decreta pris\u00e3o de 13 envolvidos em briga de torcidas antes de cl\u00e1ssico\",\"datePublished\":\"2025-02-03T17:27:08+00:00\",\"dateModified\":\"2025-02-03T17:27:09+00:00\",\"mainEntityOfPage\":{\"@id\":\"https:\\\/\\\/latamreports.com\\\/br\\\/justica-decreta-prisao-de-13-envolvidos-em-briga-de-torcidas-antes-de-classico\\\/\"},\"wordCount\":416,\"publisher\":{\"@id\":\"https:\\\/\\\/latamreports.com\\\/br\\\/#organization\"},\"image\":{\"@id\":\"https:\\\/\\\/latamreports.com\\\/br\\\/justica-decreta-prisao-de-13-envolvidos-em-briga-de-torcidas-antes-de-classico\\\/#primaryimage\"},\"thumbnailUrl\":\"https:\\\/\\\/latamreports.com\\\/br\\\/wp-content\\\/uploads\\\/desing1-4.png\",\"keywords\":[\"Brasil\"],\"articleSection\":[\"Esportes\"],\"inLanguage\":\"en-US\"},{\"@type\":\"WebPage\",\"@id\":\"https:\\\/\\\/latamreports.com\\\/br\\\/justica-decreta-prisao-de-13-envolvidos-em-briga-de-torcidas-antes-de-classico\\\/\",\"url\":\"https:\\\/\\\/latamreports.com\\\/br\\\/justica-decreta-prisao-de-13-envolvidos-em-briga-de-torcidas-antes-de-classico\\\/\",\"name\":\"Justi\u00e7a decreta pris\u00e3o de 13 envolvidos em briga de torcidas\",\"isPartOf\":{\"@id\":\"https:\\\/\\\/latamreports.com\\\/br\\\/#website\"},\"primaryImageOfPage\":{\"@id\":\"https:\\\/\\\/latamreports.com\\\/br\\\/justica-decreta-prisao-de-13-envolvidos-em-briga-de-torcidas-antes-de-classico\\\/#primaryimage\"},\"image\":{\"@id\":\"https:\\\/\\\/latamreports.com\\\/br\\\/justica-decreta-prisao-de-13-envolvidos-em-briga-de-torcidas-antes-de-classico\\\/#primaryimage\"},\"thumbnailUrl\":\"https:\\\/\\\/latamreports.com\\\/br\\\/wp-content\\\/uploads\\\/desing1-4.png\",\"datePublished\":\"2025-02-03T17:27:08+00:00\",\"dateModified\":\"2025-02-03T17:27:09+00:00\",\"description\":\"A Justi\u00e7a de Pernambuco decretou a pris\u00e3o preventiva de 13 homens envolvidos nas brigas entre torcidas organizadas antes do cl\u00e1ssico entre...\",\"breadcrumb\":{\"@id\":\"https:\\\/\\\/latamreports.com\\\/br\\\/justica-decreta-prisao-de-13-envolvidos-em-briga-de-torcidas-antes-de-classico\\\/#breadcrumb\"},\"inLanguage\":\"en-US\",\"potentialAction\":[{\"@type\":\"ReadAction\",\"target\":[\"https:\\\/\\\/latamreports.com\\\/br\\\/justica-decreta-prisao-de-13-envolvidos-em-briga-de-torcidas-antes-de-classico\\\/\"]}]},{\"@type\":\"ImageObject\",\"inLanguage\":\"en-US\",\"@id\":\"https:\\\/\\\/latamreports.com\\\/br\\\/justica-decreta-prisao-de-13-envolvidos-em-briga-de-torcidas-antes-de-classico\\\/#primaryimage\",\"url\":\"https:\\\/\\\/latamreports.com\\\/br\\\/wp-content\\\/uploads\\\/desing1-4.png\",\"contentUrl\":\"https:\\\/\\\/latamreports.com\\\/br\\\/wp-content\\\/uploads\\\/desing1-4.png\",\"width\":1200,\"height\":630,\"caption\":\"Justi\u00e7a decreta pris\u00e3o de 13 envolvidos em briga de torcidas antes de cl\u00e1ssico\"},{\"@type\":\"BreadcrumbList\",\"@id\":\"https:\\\/\\\/latamreports.com\\\/br\\\/justica-decreta-prisao-de-13-envolvidos-em-briga-de-torcidas-antes-de-classico\\\/#breadcrumb\",\"itemListElement\":[{\"@type\":\"ListItem\",\"position\":1,\"name\":\"Home\",\"item\":\"https:\\\/\\\/latamreports.com\\\/br\\\/\"},{\"@type\":\"ListItem\",\"position\":2,\"name\":\"Justi\u00e7a decreta pris\u00e3o de 13 envolvidos em briga de torcidas antes de cl\u00e1ssico\"}]},{\"@type\":\"WebSite\",\"@id\":\"https:\\\/\\\/latamreports.com\\\/br\\\/#website\",\"url\":\"https:\\\/\\\/latamreports.com\\\/br\\\/\",\"name\":\"LatAm Reports\",\"description\":\"Not\u00edcias e opini\u00f5es de todas as Am\u00e9ricas\",\"publisher\":{\"@id\":\"https:\\\/\\\/latamreports.com\\\/br\\\/#organization\"},\"potentialAction\":[{\"@type\":\"SearchAction\",\"target\":{\"@type\":\"EntryPoint\",\"urlTemplate\":\"https:\\\/\\\/latamreports.com\\\/br\\\/?s={search_term_string}\"},\"query-input\":{\"@type\":\"PropertyValueSpecification\",\"valueRequired\":true,\"valueName\":\"search_term_string\"}}],\"inLanguage\":\"en-US\"},{\"@type\":\"Organization\",\"@id\":\"https:\\\/\\\/latamreports.com\\\/br\\\/#organization\",\"name\":\"LatAm Reports\",\"url\":\"https:\\\/\\\/latamreports.com\\\/br\\\/\",\"logo\":{\"@type\":\"ImageObject\",\"inLanguage\":\"en-US\",\"@id\":\"https:\\\/\\\/latamreports.com\\\/br\\\/#\\\/schema\\\/logo\\\/image\\\/\",\"url\":\"https:\\\/\\\/latamreports.com\\\/br\\\/wp-content\\\/uploads\\\/cropped-PNG2.png\",\"contentUrl\":\"https:\\\/\\\/latamreports.com\\\/br\\\/wp-content\\\/uploads\\\/cropped-PNG2.png\",\"width\":2522,\"height\":1014,\"caption\":\"LatAm Reports\"},\"image\":{\"@id\":\"https:\\\/\\\/latamreports.com\\\/br\\\/#\\\/schema\\\/logo\\\/image\\\/\"},\"sameAs\":[\"https:\\\/\\\/facebook.com\\\/latamreports\",\"https:\\\/\\\/x.com\\\/latamreports\"]},{\"@type\":\"Person\",\"@id\":\"https:\\\/\\\/latamreports.com\\\/br\\\/#\\\/schema\\\/person\\\/a561f2de7e5ccabfab38d239b39fdb70\",\"name\":\"LatAm Reports Redatores da Equipe\",\"image\":{\"@type\":\"ImageObject\",\"inLanguage\":\"en-US\",\"@id\":\"https:\\\/\\\/secure.gravatar.com\\\/avatar\\\/dcdcc93cc5edddd2f3ef77245866172c7d7241a11ad58e1959aa824f2fae81f6?s=96&d=mm&r=g\",\"url\":\"https:\\\/\\\/secure.gravatar.com\\\/avatar\\\/dcdcc93cc5edddd2f3ef77245866172c7d7241a11ad58e1959aa824f2fae81f6?s=96&d=mm&r=g\",\"contentUrl\":\"https:\\\/\\\/secure.gravatar.com\\\/avatar\\\/dcdcc93cc5edddd2f3ef77245866172c7d7241a11ad58e1959aa824f2fae81f6?s=96&d=mm&r=g\",\"caption\":\"LatAm Reports Redatores da Equipe\"}}]}<\/script>\n<!-- \/ Yoast SEO plugin. -->","yoast_head_json":{"title":"Justi\u00e7a decreta pris\u00e3o de 13 envolvidos em briga de torcidas","description":"A Justi\u00e7a de Pernambuco decretou a pris\u00e3o preventiva de 13 homens envolvidos nas brigas entre torcidas organizadas antes do cl\u00e1ssico entre...","robots":{"index":"index","follow":"follow","max-snippet":"max-snippet:-1","max-image-preview":"max-image-preview:large","max-video-preview":"max-video-preview:-1"},"canonical":"https:\/\/latamreports.com\/br\/justica-decreta-prisao-de-13-envolvidos-em-briga-de-torcidas-antes-de-classico\/","og_locale":"en_US","og_type":"article","og_title":"Justi\u00e7a decreta pris\u00e3o de 13 envolvidos em briga de torcidas","og_description":"A Justi\u00e7a de Pernambuco decretou a pris\u00e3o preventiva de 13 homens envolvidos nas brigas entre torcidas organizadas antes do cl\u00e1ssico entre...","og_url":"https:\/\/latamreports.com\/br\/justica-decreta-prisao-de-13-envolvidos-em-briga-de-torcidas-antes-de-classico\/","og_site_name":"LatAm Reports","article_publisher":"https:\/\/facebook.com\/latamreports","article_published_time":"2025-02-03T17:27:08+00:00","article_modified_time":"2025-02-03T17:27:09+00:00","og_image":[{"width":1200,"height":630,"url":"https:\/\/latamreports.com\/br\/wp-content\/uploads\/desing1-4.png","type":"image\/png"}],"author":"LatAm Reports Redatores da Equipe","twitter_card":"summary_large_image","twitter_creator":"@latamreports","twitter_site":"@latamreports","twitter_misc":{"Written by":"LatAm Reports Redatores da Equipe","Est. reading time":"2 minutes"},"schema":{"@context":"https:\/\/schema.org","@graph":[{"@type":"Article","@id":"https:\/\/latamreports.com\/br\/justica-decreta-prisao-de-13-envolvidos-em-briga-de-torcidas-antes-de-classico\/#article","isPartOf":{"@id":"https:\/\/latamreports.com\/br\/justica-decreta-prisao-de-13-envolvidos-em-briga-de-torcidas-antes-de-classico\/"},"author":{"name":"LatAm Reports Redatores da Equipe","@id":"https:\/\/latamreports.com\/br\/#\/schema\/person\/a561f2de7e5ccabfab38d239b39fdb70"},"headline":"Justi\u00e7a decreta pris\u00e3o de 13 envolvidos em briga de torcidas antes de cl\u00e1ssico","datePublished":"2025-02-03T17:27:08+00:00","dateModified":"2025-02-03T17:27:09+00:00","mainEntityOfPage":{"@id":"https:\/\/latamreports.com\/br\/justica-decreta-prisao-de-13-envolvidos-em-briga-de-torcidas-antes-de-classico\/"},"wordCount":416,"publisher":{"@id":"https:\/\/latamreports.com\/br\/#organization"},"image":{"@id":"https:\/\/latamreports.com\/br\/justica-decreta-prisao-de-13-envolvidos-em-briga-de-torcidas-antes-de-classico\/#primaryimage"},"thumbnailUrl":"https:\/\/latamreports.com\/br\/wp-content\/uploads\/desing1-4.png","keywords":["Brasil"],"articleSection":["Esportes"],"inLanguage":"en-US"},{"@type":"WebPage","@id":"https:\/\/latamreports.com\/br\/justica-decreta-prisao-de-13-envolvidos-em-briga-de-torcidas-antes-de-classico\/","url":"https:\/\/latamreports.com\/br\/justica-decreta-prisao-de-13-envolvidos-em-briga-de-torcidas-antes-de-classico\/","name":"Justi\u00e7a decreta pris\u00e3o de 13 envolvidos em briga de torcidas","isPartOf":{"@id":"https:\/\/latamreports.com\/br\/#website"},"primaryImageOfPage":{"@id":"https:\/\/latamreports.com\/br\/justica-decreta-prisao-de-13-envolvidos-em-briga-de-torcidas-antes-de-classico\/#primaryimage"},"image":{"@id":"https:\/\/latamreports.com\/br\/justica-decreta-prisao-de-13-envolvidos-em-briga-de-torcidas-antes-de-classico\/#primaryimage"},"thumbnailUrl":"https:\/\/latamreports.com\/br\/wp-content\/uploads\/desing1-4.png","datePublished":"2025-02-03T17:27:08+00:00","dateModified":"2025-02-03T17:27:09+00:00","description":"A Justi\u00e7a de Pernambuco decretou a pris\u00e3o preventiva de 13 homens envolvidos nas brigas entre torcidas organizadas antes do cl\u00e1ssico entre...","breadcrumb":{"@id":"https:\/\/latamreports.com\/br\/justica-decreta-prisao-de-13-envolvidos-em-briga-de-torcidas-antes-de-classico\/#breadcrumb"},"inLanguage":"en-US","potentialAction":[{"@type":"ReadAction","target":["https:\/\/latamreports.com\/br\/justica-decreta-prisao-de-13-envolvidos-em-briga-de-torcidas-antes-de-classico\/"]}]},{"@type":"ImageObject","inLanguage":"en-US","@id":"https:\/\/latamreports.com\/br\/justica-decreta-prisao-de-13-envolvidos-em-briga-de-torcidas-antes-de-classico\/#primaryimage","url":"https:\/\/latamreports.com\/br\/wp-content\/uploads\/desing1-4.png","contentUrl":"https:\/\/latamreports.com\/br\/wp-content\/uploads\/desing1-4.png","width":1200,"height":630,"caption":"Justi\u00e7a decreta pris\u00e3o de 13 envolvidos em briga de torcidas antes de cl\u00e1ssico"},{"@type":"BreadcrumbList","@id":"https:\/\/latamreports.com\/br\/justica-decreta-prisao-de-13-envolvidos-em-briga-de-torcidas-antes-de-classico\/#breadcrumb","itemListElement":[{"@type":"ListItem","position":1,"name":"Home","item":"https:\/\/latamreports.com\/br\/"},{"@type":"ListItem","position":2,"name":"Justi\u00e7a decreta pris\u00e3o de 13 envolvidos em briga de torcidas antes de cl\u00e1ssico"}]},{"@type":"WebSite","@id":"https:\/\/latamreports.com\/br\/#website","url":"https:\/\/latamreports.com\/br\/","name":"LatAm Reports","description":"Not\u00edcias e opini\u00f5es de todas as Am\u00e9ricas","publisher":{"@id":"https:\/\/latamreports.com\/br\/#organization"},"potentialAction":[{"@type":"SearchAction","target":{"@type":"EntryPoint","urlTemplate":"https:\/\/latamreports.com\/br\/?s={search_term_string}"},"query-input":{"@type":"PropertyValueSpecification","valueRequired":true,"valueName":"search_term_string"}}],"inLanguage":"en-US"},{"@type":"Organization","@id":"https:\/\/latamreports.com\/br\/#organization","name":"LatAm Reports","url":"https:\/\/latamreports.com\/br\/","logo":{"@type":"ImageObject","inLanguage":"en-US","@id":"https:\/\/latamreports.com\/br\/#\/schema\/logo\/image\/","url":"https:\/\/latamreports.com\/br\/wp-content\/uploads\/cropped-PNG2.png","contentUrl":"https:\/\/latamreports.com\/br\/wp-content\/uploads\/cropped-PNG2.png","width":2522,"height":1014,"caption":"LatAm Reports"},"image":{"@id":"https:\/\/latamreports.com\/br\/#\/schema\/logo\/image\/"},"sameAs":["https:\/\/facebook.com\/latamreports","https:\/\/x.com\/latamreports"]},{"@type":"Person","@id":"https:\/\/latamreports.com\/br\/#\/schema\/person\/a561f2de7e5ccabfab38d239b39fdb70","name":"LatAm Reports Redatores da Equipe","image":{"@type":"ImageObject","inLanguage":"en-US","@id":"https:\/\/secure.gravatar.com\/avatar\/dcdcc93cc5edddd2f3ef77245866172c7d7241a11ad58e1959aa824f2fae81f6?s=96&d=mm&r=g","url":"https:\/\/secure.gravatar.com\/avatar\/dcdcc93cc5edddd2f3ef77245866172c7d7241a11ad58e1959aa824f2fae81f6?s=96&d=mm&r=g","contentUrl":"https:\/\/secure.gravatar.com\/avatar\/dcdcc93cc5edddd2f3ef77245866172c7d7241a11ad58e1959aa824f2fae81f6?s=96&d=mm&r=g","caption":"LatAm Reports Redatores da Equipe"}}]}},"jetpack_publicize_connections":[],"_links":{"self":[{"href":"https:\/\/latamreports.com\/br\/wp-json\/wp\/v2\/posts\/10435","targetHints":{"allow":["GET"]}}],"collection":[{"href":"https:\/\/latamreports.com\/br\/wp-json\/wp\/v2\/posts"}],"about":[{"href":"https:\/\/latamreports.com\/br\/wp-json\/wp\/v2\/types\/post"}],"author":[{"embeddable":true,"href":"https:\/\/latamreports.com\/br\/wp-json\/wp\/v2\/users\/7"}],"replies":[{"embeddable":true,"href":"https:\/\/latamreports.com\/br\/wp-json\/wp\/v2\/comments?post=10435"}],"version-history":[{"count":1,"href":"https:\/\/latamreports.com\/br\/wp-json\/wp\/v2\/posts\/10435\/revisions"}],"predecessor-version":[{"id":10438,"href":"https:\/\/latamreports.com\/br\/wp-json\/wp\/v2\/posts\/10435\/revisions\/10438"}],"wp:featuredmedia":[{"embeddable":true,"href":"https:\/\/latamreports.com\/br\/wp-json\/wp\/v2\/media\/10437"}],"wp:attachment":[{"href":"https:\/\/latamreports.com\/br\/wp-json\/wp\/v2\/media?parent=10435"}],"wp:term":[{"taxonomy":"category","embeddable":true,"href":"https:\/\/latamreports.com\/br\/wp-json\/wp\/v2\/categories?post=10435"},{"taxonomy":"post_tag","embeddable":true,"href":"https:\/\/latamreports.com\/br\/wp-json\/wp\/v2\/tags?post=10435"}],"curies":[{"name":"wp","href":"https:\/\/api.w.org\/{rel}","templated":true}]}}