{"id":10418,"date":"2025-02-03T16:58:10","date_gmt":"2025-02-03T16:58:10","guid":{"rendered":"https:\/\/latamreports.com\/br\/?p=10418"},"modified":"2025-02-03T17:07:27","modified_gmt":"2025-02-03T17:07:27","slug":"dolar-cai-apos-acordo-entre-eua-e-mexico-e-ibovespa-reage","status":"publish","type":"post","link":"https:\/\/latamreports.com\/br\/dolar-cai-apos-acordo-entre-eua-e-mexico-e-ibovespa-reage\/","title":{"rendered":"D\u00f3lar cai ap\u00f3s acordo entre EUA e M\u00e9xico, e Ibovespa reage"},"content":{"rendered":"\n<p>O d\u00f3lar iniciou a segunda-feira, 3, em queda ap\u00f3s Estados Unidos e M\u00e9xico chegarem a um acordo para suspender temporariamente as tarifas impostas pelo governo americano. A decis\u00e3o trouxe al\u00edvio aos mercados, que temiam uma escalada nas tens\u00f5es comerciais.<\/p>\n\n\n\n<p>Na \u00faltima sexta-feira, 31, o d\u00f3lar registrou <a href=\"https:\/\/latamreports.com\/br\/desemprego-atinge-menor-taxa-da-historia-em-2024-aponta-ibge\/\">queda<\/a> de 0,25%, sendo cotado a R$ 5,8372. J\u00e1 o Ibovespa, principal \u00edndice acion\u00e1rio da bolsa brasileira, recuou 0,61%, fechando em 126.135 pontos.<\/p>\n\n\n\n<p>O presidente dos Estados Unidos, Donald Trump, havia anunciado no fim de semana a imposi\u00e7\u00e3o de tarifas de 10% sobre produtos da China e de 25% sobre importa\u00e7\u00f5es do M\u00e9xico e do Canad\u00e1. As medidas, previstas para entrar em vigor nesta ter\u00e7a-feira, 4, geraram rea\u00e7\u00f5es imediatas.<\/p>\n\n\n\n<p>O Canad\u00e1 respondeu anunciando tarifas de 25% sobre produtos americanos, elevando os temores de uma guerra comercial. No entanto, o governo mexicano, liderado por Claudia Sheinbaum, negociou um acordo com os EUA para suspender as tarifas por um m\u00eas. Como parte do compromisso, o M\u00e9xico intensificar\u00e1 o controle na fronteira e os EUA refor\u00e7ar\u00e3o a\u00e7\u00f5es contra o tr\u00e1fico de armas para o pa\u00eds.<\/p>\n\n\n\n<h2 class=\"wp-block-heading\">Impacto nos mercados<\/h2>\n\n\n\n<p>A incerteza inicial levou os mercados a operarem com cautela, mas a sinaliza\u00e7\u00e3o de tr\u00e9gua nas tarifas trouxe al\u00edvio. No Brasil, o Ibovespa iniciou o dia em queda, seguindo a tend\u00eancia global, mas pode reagir positivamente \u00e0 medida que o cen\u00e1rio se estabiliza.<\/p>\n\n\n\n<p>\u00c0s 12h10, o d\u00f3lar registrava alta de 0,94%, sendo cotado a R$ 5,8918, com m\u00e1xima de R$ 5,9048. O Ibovespa operava em queda de 0,27%, a 125.799 pontos.<\/p>\n\n\n\n<p>No acumulado da semana, o d\u00f3lar registra baixa de 1,37% e recuo de 5,54% no m\u00eas e no ano. O Ibovespa, por outro lado, soma alta de 3,01% na semana e ganho de 4,86% no m\u00eas e no ano.<\/p>\n\n\n\n<h2 class=\"wp-block-heading\">Perspectivas e riscos<\/h2>\n\n\n\n<p>Especialistas alertam que a taxa\u00e7\u00e3o sobre produtos <a href=\"https:\/\/latamreports.com\/br\/trabalhadores-chineses-em-fabrica-da-byd-no-brasil-assinaram-contratos-com-clausulas-abusivas-dizem-investigadores\/\">importados <\/a>pode impulsionar a infla\u00e7\u00e3o nos EUA, uma vez que o aumento nos custos de mat\u00e9rias-primas e bens impacta os pre\u00e7os finais. Se a infla\u00e7\u00e3o subir al\u00e9m do esperado, o Federal Reserve (Fed) pode ser for\u00e7ado a manter juros elevados por mais tempo, o que fortalece o d\u00f3lar globalmente.<\/p>\n\n\n\n<p>A valoriza\u00e7\u00e3o da moeda americana pode pressionar economias emergentes, como o Brasil, encarecendo importa\u00e7\u00f5es e impactando a infla\u00e7\u00e3o. Al\u00e9m disso, a possibilidade de novas tarifas sobre produtos europeus mant\u00e9m os mercados em alerta.<\/p>\n\n\n\n<p>No cen\u00e1rio global, os mercados asi\u00e1ticos fecharam em forte queda, refletindo as incertezas comerciais. O \u00edndice Nikkei, do Jap\u00e3o, caiu 2,66%, enquanto o Hang Seng, de Hong Kong, recuou 0,04%. As principais bolsas da Europa operam no vermelho.<\/p>\n\n\n\n<p>No Brasil, a agenda econ\u00f4mica do dia tem como destaque o Boletim Focus, que mostrou leve aumento nas proje\u00e7\u00f5es de infla\u00e7\u00e3o para 2025 e 2026. O relat\u00f3rio do Banco Central elevou a expectativa para 2025 de 5,50% para 5,51%, e para 2026 de 4,22% para 4,28%. Foi a sexta alta consecutiva no indicador.<\/p>\n\n\n\n<p>Com os investidores atentos aos pr\u00f3ximos desdobramentos da pol\u00edtica comercial dos EUA e \u00e0s decis\u00f5es do Fed, o mercado segue vol\u00e1til, aguardando novos sinais sobre os rumos da economia global.<\/p>\n\n\n\n<p><\/p>\n","protected":false},"excerpt":{"rendered":"<p>O d\u00f3lar iniciou a segunda-feira, 3, em queda ap\u00f3s Estados Unidos e M\u00e9xico chegarem a um acordo para suspender temporariamente as tarifas impostas pelo governo &#8230; <a title=\"D\u00f3lar cai ap\u00f3s acordo entre EUA e M\u00e9xico, e Ibovespa reage\" class=\"read-more\" href=\"https:\/\/latamreports.com\/br\/dolar-cai-apos-acordo-entre-eua-e-mexico-e-ibovespa-reage\/\" aria-label=\"Read more about D\u00f3lar cai ap\u00f3s acordo entre EUA e M\u00e9xico, e Ibovespa reage\">Read more<\/a><\/p>\n","protected":false},"author":7,"featured_media":10419,"comment_status":"closed","ping_status":"closed","sticky":false,"template":"","format":"standard","meta":{"footnotes":"","jetpack_publicize_message":"","jetpack_publicize_feature_enabled":true,"jetpack_social_post_already_shared":true,"jetpack_social_options":{"image_generator_settings":{"template":"highway","default_image_id":0,"font":"","enabled":false},"version":2}},"categories":[2],"tags":[31],"class_list":["post-10418","post","type-post","status-publish","format-standard","has-post-thumbnail","hentry","category-negocios","tag-brasil","resize-featured-image"],"yoast_head":"<!-- This site is optimized with the Yoast SEO plugin v27.4 - https:\/\/yoast.com\/product\/yoast-seo-wordpress\/ -->\n<title>D\u00f3lar cai ap\u00f3s acordo entre EUA e M\u00e9xico, e Ibovespa reage<\/title>\n<meta name=\"description\" content=\"O d\u00f3lar iniciou a segunda-feira (3) em queda ap\u00f3s Estados Unidos e M\u00e9xico chegarem a um acordo para suspender temporariamente as tarifas...\" \/>\n<meta name=\"robots\" content=\"index, follow, max-snippet:-1, max-image-preview:large, max-video-preview:-1\" \/>\n<link rel=\"canonical\" href=\"https:\/\/latamreports.com\/br\/dolar-cai-apos-acordo-entre-eua-e-mexico-e-ibovespa-reage\/\" \/>\n<meta property=\"og:locale\" content=\"en_US\" \/>\n<meta property=\"og:type\" content=\"article\" \/>\n<meta property=\"og:title\" content=\"D\u00f3lar cai ap\u00f3s acordo entre EUA e M\u00e9xico, e Ibovespa reage\" \/>\n<meta property=\"og:description\" content=\"O d\u00f3lar iniciou a segunda-feira (3) em queda ap\u00f3s Estados Unidos e M\u00e9xico chegarem a um acordo para suspender temporariamente as tarifas...\" \/>\n<meta property=\"og:url\" content=\"https:\/\/latamreports.com\/br\/dolar-cai-apos-acordo-entre-eua-e-mexico-e-ibovespa-reage\/\" \/>\n<meta property=\"og:site_name\" content=\"LatAm Reports\" \/>\n<meta property=\"article:publisher\" content=\"https:\/\/facebook.com\/latamreports\" \/>\n<meta property=\"article:published_time\" content=\"2025-02-03T16:58:10+00:00\" \/>\n<meta property=\"article:modified_time\" content=\"2025-02-03T17:07:27+00:00\" \/>\n<meta property=\"og:image\" content=\"https:\/\/latamreports.com\/br\/wp-content\/uploads\/desing1.png\" \/>\n\t<meta property=\"og:image:width\" content=\"1200\" \/>\n\t<meta property=\"og:image:height\" content=\"630\" \/>\n\t<meta property=\"og:image:type\" content=\"image\/png\" \/>\n<meta name=\"author\" content=\"LatAm Reports Redatores da Equipe\" \/>\n<meta name=\"twitter:card\" content=\"summary_large_image\" \/>\n<meta name=\"twitter:creator\" content=\"@latamreports\" \/>\n<meta name=\"twitter:site\" content=\"@latamreports\" \/>\n<meta name=\"twitter:label1\" content=\"Written by\" \/>\n\t<meta name=\"twitter:data1\" content=\"LatAm Reports Redatores da Equipe\" \/>\n\t<meta name=\"twitter:label2\" content=\"Est. reading time\" \/>\n\t<meta name=\"twitter:data2\" content=\"3 minutes\" \/>\n<script type=\"application\/ld+json\" class=\"yoast-schema-graph\">{\"@context\":\"https:\\\/\\\/schema.org\",\"@graph\":[{\"@type\":\"Article\",\"@id\":\"https:\\\/\\\/latamreports.com\\\/br\\\/dolar-cai-apos-acordo-entre-eua-e-mexico-e-ibovespa-reage\\\/#article\",\"isPartOf\":{\"@id\":\"https:\\\/\\\/latamreports.com\\\/br\\\/dolar-cai-apos-acordo-entre-eua-e-mexico-e-ibovespa-reage\\\/\"},\"author\":{\"name\":\"LatAm Reports Redatores da Equipe\",\"@id\":\"https:\\\/\\\/latamreports.com\\\/br\\\/#\\\/schema\\\/person\\\/a561f2de7e5ccabfab38d239b39fdb70\"},\"headline\":\"D\u00f3lar cai ap\u00f3s acordo entre EUA e M\u00e9xico, e Ibovespa reage\",\"datePublished\":\"2025-02-03T16:58:10+00:00\",\"dateModified\":\"2025-02-03T17:07:27+00:00\",\"mainEntityOfPage\":{\"@id\":\"https:\\\/\\\/latamreports.com\\\/br\\\/dolar-cai-apos-acordo-entre-eua-e-mexico-e-ibovespa-reage\\\/\"},\"wordCount\":542,\"publisher\":{\"@id\":\"https:\\\/\\\/latamreports.com\\\/br\\\/#organization\"},\"image\":{\"@id\":\"https:\\\/\\\/latamreports.com\\\/br\\\/dolar-cai-apos-acordo-entre-eua-e-mexico-e-ibovespa-reage\\\/#primaryimage\"},\"thumbnailUrl\":\"https:\\\/\\\/latamreports.com\\\/br\\\/wp-content\\\/uploads\\\/desing1.png\",\"keywords\":[\"Brasil\"],\"articleSection\":[\"Neg\u00f3cios\"],\"inLanguage\":\"en-US\"},{\"@type\":\"WebPage\",\"@id\":\"https:\\\/\\\/latamreports.com\\\/br\\\/dolar-cai-apos-acordo-entre-eua-e-mexico-e-ibovespa-reage\\\/\",\"url\":\"https:\\\/\\\/latamreports.com\\\/br\\\/dolar-cai-apos-acordo-entre-eua-e-mexico-e-ibovespa-reage\\\/\",\"name\":\"D\u00f3lar cai ap\u00f3s acordo entre EUA e M\u00e9xico, e Ibovespa reage\",\"isPartOf\":{\"@id\":\"https:\\\/\\\/latamreports.com\\\/br\\\/#website\"},\"primaryImageOfPage\":{\"@id\":\"https:\\\/\\\/latamreports.com\\\/br\\\/dolar-cai-apos-acordo-entre-eua-e-mexico-e-ibovespa-reage\\\/#primaryimage\"},\"image\":{\"@id\":\"https:\\\/\\\/latamreports.com\\\/br\\\/dolar-cai-apos-acordo-entre-eua-e-mexico-e-ibovespa-reage\\\/#primaryimage\"},\"thumbnailUrl\":\"https:\\\/\\\/latamreports.com\\\/br\\\/wp-content\\\/uploads\\\/desing1.png\",\"datePublished\":\"2025-02-03T16:58:10+00:00\",\"dateModified\":\"2025-02-03T17:07:27+00:00\",\"description\":\"O d\u00f3lar iniciou a segunda-feira (3) em queda ap\u00f3s Estados Unidos e M\u00e9xico chegarem a um acordo para suspender temporariamente as tarifas...\",\"breadcrumb\":{\"@id\":\"https:\\\/\\\/latamreports.com\\\/br\\\/dolar-cai-apos-acordo-entre-eua-e-mexico-e-ibovespa-reage\\\/#breadcrumb\"},\"inLanguage\":\"en-US\",\"potentialAction\":[{\"@type\":\"ReadAction\",\"target\":[\"https:\\\/\\\/latamreports.com\\\/br\\\/dolar-cai-apos-acordo-entre-eua-e-mexico-e-ibovespa-reage\\\/\"]}]},{\"@type\":\"ImageObject\",\"inLanguage\":\"en-US\",\"@id\":\"https:\\\/\\\/latamreports.com\\\/br\\\/dolar-cai-apos-acordo-entre-eua-e-mexico-e-ibovespa-reage\\\/#primaryimage\",\"url\":\"https:\\\/\\\/latamreports.com\\\/br\\\/wp-content\\\/uploads\\\/desing1.png\",\"contentUrl\":\"https:\\\/\\\/latamreports.com\\\/br\\\/wp-content\\\/uploads\\\/desing1.png\",\"width\":1200,\"height\":630,\"caption\":\"D\u00f3lar cai ap\u00f3s acordo entre EUA e M\u00e9xico, e Ibovespa reage\"},{\"@type\":\"BreadcrumbList\",\"@id\":\"https:\\\/\\\/latamreports.com\\\/br\\\/dolar-cai-apos-acordo-entre-eua-e-mexico-e-ibovespa-reage\\\/#breadcrumb\",\"itemListElement\":[{\"@type\":\"ListItem\",\"position\":1,\"name\":\"Home\",\"item\":\"https:\\\/\\\/latamreports.com\\\/br\\\/\"},{\"@type\":\"ListItem\",\"position\":2,\"name\":\"D\u00f3lar cai ap\u00f3s acordo entre EUA e M\u00e9xico, e Ibovespa reage\"}]},{\"@type\":\"WebSite\",\"@id\":\"https:\\\/\\\/latamreports.com\\\/br\\\/#website\",\"url\":\"https:\\\/\\\/latamreports.com\\\/br\\\/\",\"name\":\"LatAm Reports\",\"description\":\"Not\u00edcias e opini\u00f5es de todas as Am\u00e9ricas\",\"publisher\":{\"@id\":\"https:\\\/\\\/latamreports.com\\\/br\\\/#organization\"},\"potentialAction\":[{\"@type\":\"SearchAction\",\"target\":{\"@type\":\"EntryPoint\",\"urlTemplate\":\"https:\\\/\\\/latamreports.com\\\/br\\\/?s={search_term_string}\"},\"query-input\":{\"@type\":\"PropertyValueSpecification\",\"valueRequired\":true,\"valueName\":\"search_term_string\"}}],\"inLanguage\":\"en-US\"},{\"@type\":\"Organization\",\"@id\":\"https:\\\/\\\/latamreports.com\\\/br\\\/#organization\",\"name\":\"LatAm Reports\",\"url\":\"https:\\\/\\\/latamreports.com\\\/br\\\/\",\"logo\":{\"@type\":\"ImageObject\",\"inLanguage\":\"en-US\",\"@id\":\"https:\\\/\\\/latamreports.com\\\/br\\\/#\\\/schema\\\/logo\\\/image\\\/\",\"url\":\"https:\\\/\\\/latamreports.com\\\/br\\\/wp-content\\\/uploads\\\/cropped-PNG2.png\",\"contentUrl\":\"https:\\\/\\\/latamreports.com\\\/br\\\/wp-content\\\/uploads\\\/cropped-PNG2.png\",\"width\":2522,\"height\":1014,\"caption\":\"LatAm Reports\"},\"image\":{\"@id\":\"https:\\\/\\\/latamreports.com\\\/br\\\/#\\\/schema\\\/logo\\\/image\\\/\"},\"sameAs\":[\"https:\\\/\\\/facebook.com\\\/latamreports\",\"https:\\\/\\\/x.com\\\/latamreports\"]},{\"@type\":\"Person\",\"@id\":\"https:\\\/\\\/latamreports.com\\\/br\\\/#\\\/schema\\\/person\\\/a561f2de7e5ccabfab38d239b39fdb70\",\"name\":\"LatAm Reports Redatores da Equipe\",\"image\":{\"@type\":\"ImageObject\",\"inLanguage\":\"en-US\",\"@id\":\"https:\\\/\\\/secure.gravatar.com\\\/avatar\\\/dcdcc93cc5edddd2f3ef77245866172c7d7241a11ad58e1959aa824f2fae81f6?s=96&d=mm&r=g\",\"url\":\"https:\\\/\\\/secure.gravatar.com\\\/avatar\\\/dcdcc93cc5edddd2f3ef77245866172c7d7241a11ad58e1959aa824f2fae81f6?s=96&d=mm&r=g\",\"contentUrl\":\"https:\\\/\\\/secure.gravatar.com\\\/avatar\\\/dcdcc93cc5edddd2f3ef77245866172c7d7241a11ad58e1959aa824f2fae81f6?s=96&d=mm&r=g\",\"caption\":\"LatAm Reports Redatores da Equipe\"}}]}<\/script>\n<!-- \/ Yoast SEO plugin. -->","yoast_head_json":{"title":"D\u00f3lar cai ap\u00f3s acordo entre EUA e M\u00e9xico, e Ibovespa reage","description":"O d\u00f3lar iniciou a segunda-feira (3) em queda ap\u00f3s Estados Unidos e M\u00e9xico chegarem a um acordo para suspender temporariamente as tarifas...","robots":{"index":"index","follow":"follow","max-snippet":"max-snippet:-1","max-image-preview":"max-image-preview:large","max-video-preview":"max-video-preview:-1"},"canonical":"https:\/\/latamreports.com\/br\/dolar-cai-apos-acordo-entre-eua-e-mexico-e-ibovespa-reage\/","og_locale":"en_US","og_type":"article","og_title":"D\u00f3lar cai ap\u00f3s acordo entre EUA e M\u00e9xico, e Ibovespa reage","og_description":"O d\u00f3lar iniciou a segunda-feira (3) em queda ap\u00f3s Estados Unidos e M\u00e9xico chegarem a um acordo para suspender temporariamente as tarifas...","og_url":"https:\/\/latamreports.com\/br\/dolar-cai-apos-acordo-entre-eua-e-mexico-e-ibovespa-reage\/","og_site_name":"LatAm Reports","article_publisher":"https:\/\/facebook.com\/latamreports","article_published_time":"2025-02-03T16:58:10+00:00","article_modified_time":"2025-02-03T17:07:27+00:00","og_image":[{"width":1200,"height":630,"url":"https:\/\/latamreports.com\/br\/wp-content\/uploads\/desing1.png","type":"image\/png"}],"author":"LatAm Reports Redatores da Equipe","twitter_card":"summary_large_image","twitter_creator":"@latamreports","twitter_site":"@latamreports","twitter_misc":{"Written by":"LatAm Reports Redatores da Equipe","Est. reading time":"3 minutes"},"schema":{"@context":"https:\/\/schema.org","@graph":[{"@type":"Article","@id":"https:\/\/latamreports.com\/br\/dolar-cai-apos-acordo-entre-eua-e-mexico-e-ibovespa-reage\/#article","isPartOf":{"@id":"https:\/\/latamreports.com\/br\/dolar-cai-apos-acordo-entre-eua-e-mexico-e-ibovespa-reage\/"},"author":{"name":"LatAm Reports Redatores da Equipe","@id":"https:\/\/latamreports.com\/br\/#\/schema\/person\/a561f2de7e5ccabfab38d239b39fdb70"},"headline":"D\u00f3lar cai ap\u00f3s acordo entre EUA e M\u00e9xico, e Ibovespa reage","datePublished":"2025-02-03T16:58:10+00:00","dateModified":"2025-02-03T17:07:27+00:00","mainEntityOfPage":{"@id":"https:\/\/latamreports.com\/br\/dolar-cai-apos-acordo-entre-eua-e-mexico-e-ibovespa-reage\/"},"wordCount":542,"publisher":{"@id":"https:\/\/latamreports.com\/br\/#organization"},"image":{"@id":"https:\/\/latamreports.com\/br\/dolar-cai-apos-acordo-entre-eua-e-mexico-e-ibovespa-reage\/#primaryimage"},"thumbnailUrl":"https:\/\/latamreports.com\/br\/wp-content\/uploads\/desing1.png","keywords":["Brasil"],"articleSection":["Neg\u00f3cios"],"inLanguage":"en-US"},{"@type":"WebPage","@id":"https:\/\/latamreports.com\/br\/dolar-cai-apos-acordo-entre-eua-e-mexico-e-ibovespa-reage\/","url":"https:\/\/latamreports.com\/br\/dolar-cai-apos-acordo-entre-eua-e-mexico-e-ibovespa-reage\/","name":"D\u00f3lar cai ap\u00f3s acordo entre EUA e M\u00e9xico, e Ibovespa reage","isPartOf":{"@id":"https:\/\/latamreports.com\/br\/#website"},"primaryImageOfPage":{"@id":"https:\/\/latamreports.com\/br\/dolar-cai-apos-acordo-entre-eua-e-mexico-e-ibovespa-reage\/#primaryimage"},"image":{"@id":"https:\/\/latamreports.com\/br\/dolar-cai-apos-acordo-entre-eua-e-mexico-e-ibovespa-reage\/#primaryimage"},"thumbnailUrl":"https:\/\/latamreports.com\/br\/wp-content\/uploads\/desing1.png","datePublished":"2025-02-03T16:58:10+00:00","dateModified":"2025-02-03T17:07:27+00:00","description":"O d\u00f3lar iniciou a segunda-feira (3) em queda ap\u00f3s Estados Unidos e M\u00e9xico chegarem a um acordo para suspender temporariamente as tarifas...","breadcrumb":{"@id":"https:\/\/latamreports.com\/br\/dolar-cai-apos-acordo-entre-eua-e-mexico-e-ibovespa-reage\/#breadcrumb"},"inLanguage":"en-US","potentialAction":[{"@type":"ReadAction","target":["https:\/\/latamreports.com\/br\/dolar-cai-apos-acordo-entre-eua-e-mexico-e-ibovespa-reage\/"]}]},{"@type":"ImageObject","inLanguage":"en-US","@id":"https:\/\/latamreports.com\/br\/dolar-cai-apos-acordo-entre-eua-e-mexico-e-ibovespa-reage\/#primaryimage","url":"https:\/\/latamreports.com\/br\/wp-content\/uploads\/desing1.png","contentUrl":"https:\/\/latamreports.com\/br\/wp-content\/uploads\/desing1.png","width":1200,"height":630,"caption":"D\u00f3lar cai ap\u00f3s acordo entre EUA e M\u00e9xico, e Ibovespa reage"},{"@type":"BreadcrumbList","@id":"https:\/\/latamreports.com\/br\/dolar-cai-apos-acordo-entre-eua-e-mexico-e-ibovespa-reage\/#breadcrumb","itemListElement":[{"@type":"ListItem","position":1,"name":"Home","item":"https:\/\/latamreports.com\/br\/"},{"@type":"ListItem","position":2,"name":"D\u00f3lar cai ap\u00f3s acordo entre EUA e M\u00e9xico, e Ibovespa reage"}]},{"@type":"WebSite","@id":"https:\/\/latamreports.com\/br\/#website","url":"https:\/\/latamreports.com\/br\/","name":"LatAm Reports","description":"Not\u00edcias e opini\u00f5es de todas as Am\u00e9ricas","publisher":{"@id":"https:\/\/latamreports.com\/br\/#organization"},"potentialAction":[{"@type":"SearchAction","target":{"@type":"EntryPoint","urlTemplate":"https:\/\/latamreports.com\/br\/?s={search_term_string}"},"query-input":{"@type":"PropertyValueSpecification","valueRequired":true,"valueName":"search_term_string"}}],"inLanguage":"en-US"},{"@type":"Organization","@id":"https:\/\/latamreports.com\/br\/#organization","name":"LatAm Reports","url":"https:\/\/latamreports.com\/br\/","logo":{"@type":"ImageObject","inLanguage":"en-US","@id":"https:\/\/latamreports.com\/br\/#\/schema\/logo\/image\/","url":"https:\/\/latamreports.com\/br\/wp-content\/uploads\/cropped-PNG2.png","contentUrl":"https:\/\/latamreports.com\/br\/wp-content\/uploads\/cropped-PNG2.png","width":2522,"height":1014,"caption":"LatAm Reports"},"image":{"@id":"https:\/\/latamreports.com\/br\/#\/schema\/logo\/image\/"},"sameAs":["https:\/\/facebook.com\/latamreports","https:\/\/x.com\/latamreports"]},{"@type":"Person","@id":"https:\/\/latamreports.com\/br\/#\/schema\/person\/a561f2de7e5ccabfab38d239b39fdb70","name":"LatAm Reports Redatores da Equipe","image":{"@type":"ImageObject","inLanguage":"en-US","@id":"https:\/\/secure.gravatar.com\/avatar\/dcdcc93cc5edddd2f3ef77245866172c7d7241a11ad58e1959aa824f2fae81f6?s=96&d=mm&r=g","url":"https:\/\/secure.gravatar.com\/avatar\/dcdcc93cc5edddd2f3ef77245866172c7d7241a11ad58e1959aa824f2fae81f6?s=96&d=mm&r=g","contentUrl":"https:\/\/secure.gravatar.com\/avatar\/dcdcc93cc5edddd2f3ef77245866172c7d7241a11ad58e1959aa824f2fae81f6?s=96&d=mm&r=g","caption":"LatAm Reports Redatores da Equipe"}}]}},"jetpack_publicize_connections":[],"_links":{"self":[{"href":"https:\/\/latamreports.com\/br\/wp-json\/wp\/v2\/posts\/10418","targetHints":{"allow":["GET"]}}],"collection":[{"href":"https:\/\/latamreports.com\/br\/wp-json\/wp\/v2\/posts"}],"about":[{"href":"https:\/\/latamreports.com\/br\/wp-json\/wp\/v2\/types\/post"}],"author":[{"embeddable":true,"href":"https:\/\/latamreports.com\/br\/wp-json\/wp\/v2\/users\/7"}],"replies":[{"embeddable":true,"href":"https:\/\/latamreports.com\/br\/wp-json\/wp\/v2\/comments?post=10418"}],"version-history":[{"count":4,"href":"https:\/\/latamreports.com\/br\/wp-json\/wp\/v2\/posts\/10418\/revisions"}],"predecessor-version":[{"id":10432,"href":"https:\/\/latamreports.com\/br\/wp-json\/wp\/v2\/posts\/10418\/revisions\/10432"}],"wp:featuredmedia":[{"embeddable":true,"href":"https:\/\/latamreports.com\/br\/wp-json\/wp\/v2\/media\/10419"}],"wp:attachment":[{"href":"https:\/\/latamreports.com\/br\/wp-json\/wp\/v2\/media?parent=10418"}],"wp:term":[{"taxonomy":"category","embeddable":true,"href":"https:\/\/latamreports.com\/br\/wp-json\/wp\/v2\/categories?post=10418"},{"taxonomy":"post_tag","embeddable":true,"href":"https:\/\/latamreports.com\/br\/wp-json\/wp\/v2\/tags?post=10418"}],"curies":[{"name":"wp","href":"https:\/\/api.w.org\/{rel}","templated":true}]}}