{"id":10414,"date":"2025-01-31T19:45:23","date_gmt":"2025-01-31T19:45:23","guid":{"rendered":"https:\/\/latamreports.com\/br\/?p=10414"},"modified":"2025-01-31T19:45:25","modified_gmt":"2025-01-31T19:45:25","slug":"muito-calor-no-palco-patti-smith-pede-desculpas-por-cancelar-show-apos-desmaiar-no-brasil","status":"publish","type":"post","link":"https:\/\/latamreports.com\/br\/muito-calor-no-palco-patti-smith-pede-desculpas-por-cancelar-show-apos-desmaiar-no-brasil\/","title":{"rendered":"Muito calor no palco? Patti Smith pede desculpas por cancelar show ap\u00f3s desmaiar no Brasil"},"content":{"rendered":"\n<p>A veterana cantora e poetisa Patti Smith tranquilizou seus f\u00e3s ao afirmar que est\u00e1 &#8220;bem&#8221; ap\u00f3s desmaiar durante uma apresenta\u00e7\u00e3o no <a href=\"https:\/\/latamreports.com\/br\/animais-do-zoologico-do-rio-recebem-picoles-de-gelo-para-enfrentar-calor-intenso\/\">Brasil<\/a>. Mais tarde, ela retornou ao palco para se desculpar com o p\u00fablico pelo cancelamento antecipado do show.<\/p>\n\n\n\n<p>Um v\u00eddeo publicado nas <a href=\"https:\/\/latamreports.com\/br\/fernanda-torres-pode-superar-demi-moore-no-oscar-historico-do-globo-de-ouro-indica-vantagem\/\">redes sociais <\/a>mostrou a artista de 78 anos ca\u00edda no palco do Theatro Cultura Art\u00edstica, em S\u00e3o Paulo, na noite de quarta-feira.<\/p>\n\n\n\n<blockquote class=\"wp-block-quote is-layout-flow wp-block-quote-is-layout-flow\">\n<p>&#8220;Estou bem. Voc\u00eas podem ouvir que estou bem&#8221;, disse Smith \u00e0 Associated Press na manh\u00e3 de quinta-feira, por telefone. &#8220;Tudo isso foi amplamente exagerado.&#8221;<\/p>\n<\/blockquote>\n\n\n\n<p>Ela acrescentou que o comunicado publicado em seu Instagram, no qual afirmou ter sofrido tontura p\u00f3s-enxaqueca, &#8220;fala por si s\u00f3&#8221;.<\/p>\n\n\n\n<blockquote class=\"wp-block-quote is-layout-flow wp-block-quote-is-layout-flow\">\n<p>&#8220;Fui examinada por um excelente m\u00e9dico e estou absolutamente bem. Por favor, n\u00e3o aceitem nenhuma outra vers\u00e3o dos fatos. Com todos os problemas no mundo, esse incidente, que tem uma explica\u00e7\u00e3o, n\u00e3o merece tanta aten\u00e7\u00e3o&#8221;, escreveu Smith em sua publica\u00e7\u00e3o.<\/p>\n<\/blockquote>\n\n\n\n<p>O Theatro Cultura Art\u00edstica informou que cancelou a apresenta\u00e7\u00e3o marcada para quinta-feira \u00e0 noite, ap\u00f3s inicialmente anunciar que o evento ocorreria normalmente.<\/p>\n\n\n\n<p>Smith estava em S\u00e3o Paulo para duas apresenta\u00e7\u00f5es do projeto &#8220;Correspondences&#8221;, ao lado do grupo berlinense Soundwalk Collective. Durante a performance, ela recitou alguns de seus textos acompanhada por m\u00fasicos.<\/p>\n\n\n\n<h3 class=\"wp-block-heading\">Epis\u00f3dio aconteceu durante leitura sobre mudan\u00e7as clim\u00e1ticas<\/h3>\n\n\n\n<p>Segundo a imprensa local, Smith desmaiou cerca de 30 minutos ap\u00f3s o in\u00edcio do evento, enquanto lia um texto sobre mudan\u00e7as clim\u00e1ticas. Ela caiu no palco e permaneceu im\u00f3vel por alguns minutos antes de receber assist\u00eancia.<\/p>\n\n\n\n<p>O Soundwalk Collective afirmou que a cantora havia sofrido uma enxaqueca intensa nos dias anteriores, mas &#8220;ainda queria estar presente para todos n\u00f3s e se apresentar&#8221;. O grupo divulgou um comunicado conjunto com Smith nos stories do Instagram.<\/p>\n\n\n\n<blockquote class=\"wp-block-quote is-layout-flow wp-block-quote-is-layout-flow\">\n<p>Uma segunda nota, publicada na tarde de quinta-feira, informou o cancelamento da segunda apresenta\u00e7\u00e3o. &#8220;Patti est\u00e1 se recuperando bem, mas nossos m\u00e9dicos recomendam que ela descanse um pouco mais para estar no seu melhor estado&#8221;, disseram os artistas.<\/p>\n<\/blockquote>\n\n\n\n<p>Micheline Alves, jornalista que estava sentada nas primeiras fileiras do teatro, descreveu a cena como &#8220;bizarra&#8221;. &#8220;Ela claramente se sentiu tonta. Come\u00e7ou a se movimentar para tr\u00e1s e caiu. Acho que tentou se apoiar no microfone ou na estante de partituras, e tudo caiu sobre ela&#8221;, disse em entrevista por telefone.<\/p>\n\n\n\n<p>Ainda segundo Alves, um m\u00e9dico que estava na plateia subiu ao palco para avaliar a cantora. &#8220;Depois de alguns minutos, vimos que ela n\u00e3o estava inconsciente. Ela se levantou sozinha&#8221;, relatou.<\/p>\n\n\n\n<p>Smith foi ent\u00e3o colocada em uma cadeira de rodas e levada para os bastidores. Pouco depois, voltou ao palco e pediu desculpas ao p\u00fablico, conforme registrado por v\u00eddeos divulgados na m\u00eddia local.<\/p>\n\n\n\n<p>&#8220;Infelizmente, eu passei mal e o m\u00e9dico disse que n\u00e3o posso continuar. Ent\u00e3o, vamos precisar encontrar uma solu\u00e7\u00e3o. Me sinto muito mal&#8221;, disse Smith.<\/p>\n\n\n\n<p>O p\u00fablico respondeu em ingl\u00eas: &#8220;N\u00e3o se sinta! N\u00f3s te amamos!&#8221;. Em seguida, a artista cantou &#8220;Wing&#8221; e &#8220;Because the Night&#8221; a capella.<\/p>\n\n\n\n<blockquote class=\"wp-block-quote is-layout-flow wp-block-quote-is-layout-flow\">\n<p>&#8220;Foi um momento muito bonito, porque ela estava visivelmente triste e vulner\u00e1vel por n\u00e3o conseguir terminar o show&#8221;, disse Alves.<\/p>\n<\/blockquote>\n","protected":false},"excerpt":{"rendered":"<p>A veterana cantora e poetisa Patti Smith tranquilizou seus f\u00e3s ao afirmar que est\u00e1 &#8220;bem&#8221; ap\u00f3s desmaiar durante uma apresenta\u00e7\u00e3o no Brasil. Mais tarde, ela &#8230; <a title=\"Muito calor no palco? Patti Smith pede desculpas por cancelar show ap\u00f3s desmaiar no Brasil\" class=\"read-more\" href=\"https:\/\/latamreports.com\/br\/muito-calor-no-palco-patti-smith-pede-desculpas-por-cancelar-show-apos-desmaiar-no-brasil\/\" aria-label=\"Read more about Muito calor no palco? Patti Smith pede desculpas por cancelar show ap\u00f3s desmaiar no Brasil\">Read more<\/a><\/p>\n","protected":false},"author":7,"featured_media":10415,"comment_status":"closed","ping_status":"closed","sticky":false,"template":"","format":"standard","meta":{"footnotes":"","jetpack_publicize_message":"","jetpack_publicize_feature_enabled":true,"jetpack_social_post_already_shared":true,"jetpack_social_options":{"image_generator_settings":{"template":"highway","default_image_id":0,"font":"","enabled":false},"version":2}},"categories":[5],"tags":[31],"class_list":["post-10414","post","type-post","status-publish","format-standard","has-post-thumbnail","hentry","category-entretenimento","tag-brasil","resize-featured-image"],"yoast_head":"<!-- This site is optimized with the Yoast SEO plugin v27.4 - https:\/\/yoast.com\/product\/yoast-seo-wordpress\/ -->\n<title>Patti Smith pede desculpas por cancelar show ap\u00f3s desmaiar<\/title>\n<meta name=\"description\" content=\"A veterana cantora e poetisa Patti Smith tranquilizou seus f\u00e3s ao afirmar que est\u00e1 &quot;bem&quot; ap\u00f3s desmaiar durante uma apresenta\u00e7\u00e3o\" \/>\n<meta name=\"robots\" content=\"index, follow, max-snippet:-1, max-image-preview:large, max-video-preview:-1\" \/>\n<link rel=\"canonical\" href=\"https:\/\/latamreports.com\/br\/muito-calor-no-palco-patti-smith-pede-desculpas-por-cancelar-show-apos-desmaiar-no-brasil\/\" \/>\n<meta property=\"og:locale\" content=\"en_US\" \/>\n<meta property=\"og:type\" content=\"article\" \/>\n<meta property=\"og:title\" content=\"Patti Smith pede desculpas por cancelar show ap\u00f3s desmaiar\" \/>\n<meta property=\"og:description\" content=\"A veterana cantora e poetisa Patti Smith tranquilizou seus f\u00e3s ao afirmar que est\u00e1 &quot;bem&quot; ap\u00f3s desmaiar durante uma apresenta\u00e7\u00e3o\" \/>\n<meta property=\"og:url\" content=\"https:\/\/latamreports.com\/br\/muito-calor-no-palco-patti-smith-pede-desculpas-por-cancelar-show-apos-desmaiar-no-brasil\/\" \/>\n<meta property=\"og:site_name\" content=\"LatAm Reports\" \/>\n<meta property=\"article:publisher\" content=\"https:\/\/facebook.com\/latamreports\" \/>\n<meta property=\"article:published_time\" content=\"2025-01-31T19:45:23+00:00\" \/>\n<meta property=\"article:modified_time\" content=\"2025-01-31T19:45:25+00:00\" \/>\n<meta property=\"og:image\" content=\"https:\/\/latamreports.com\/br\/wp-content\/uploads\/Design-sem-nome-2025-01-31T154001.421.png\" \/>\n\t<meta property=\"og:image:width\" content=\"1200\" \/>\n\t<meta property=\"og:image:height\" content=\"630\" \/>\n\t<meta property=\"og:image:type\" content=\"image\/png\" \/>\n<meta name=\"author\" content=\"LatAm Reports Redatores da Equipe\" \/>\n<meta name=\"twitter:card\" content=\"summary_large_image\" \/>\n<meta name=\"twitter:creator\" content=\"@latamreports\" \/>\n<meta name=\"twitter:site\" content=\"@latamreports\" \/>\n<meta name=\"twitter:label1\" content=\"Written by\" \/>\n\t<meta name=\"twitter:data1\" content=\"LatAm Reports Redatores da Equipe\" \/>\n\t<meta name=\"twitter:label2\" content=\"Est. reading time\" \/>\n\t<meta name=\"twitter:data2\" content=\"2 minutes\" \/>\n<script type=\"application\/ld+json\" class=\"yoast-schema-graph\">{\"@context\":\"https:\\\/\\\/schema.org\",\"@graph\":[{\"@type\":\"Article\",\"@id\":\"https:\\\/\\\/latamreports.com\\\/br\\\/muito-calor-no-palco-patti-smith-pede-desculpas-por-cancelar-show-apos-desmaiar-no-brasil\\\/#article\",\"isPartOf\":{\"@id\":\"https:\\\/\\\/latamreports.com\\\/br\\\/muito-calor-no-palco-patti-smith-pede-desculpas-por-cancelar-show-apos-desmaiar-no-brasil\\\/\"},\"author\":{\"name\":\"LatAm Reports Redatores da Equipe\",\"@id\":\"https:\\\/\\\/latamreports.com\\\/br\\\/#\\\/schema\\\/person\\\/a561f2de7e5ccabfab38d239b39fdb70\"},\"headline\":\"Muito calor no palco? Patti Smith pede desculpas por cancelar show ap\u00f3s desmaiar no Brasil\",\"datePublished\":\"2025-01-31T19:45:23+00:00\",\"dateModified\":\"2025-01-31T19:45:25+00:00\",\"mainEntityOfPage\":{\"@id\":\"https:\\\/\\\/latamreports.com\\\/br\\\/muito-calor-no-palco-patti-smith-pede-desculpas-por-cancelar-show-apos-desmaiar-no-brasil\\\/\"},\"wordCount\":566,\"publisher\":{\"@id\":\"https:\\\/\\\/latamreports.com\\\/br\\\/#organization\"},\"image\":{\"@id\":\"https:\\\/\\\/latamreports.com\\\/br\\\/muito-calor-no-palco-patti-smith-pede-desculpas-por-cancelar-show-apos-desmaiar-no-brasil\\\/#primaryimage\"},\"thumbnailUrl\":\"https:\\\/\\\/latamreports.com\\\/br\\\/wp-content\\\/uploads\\\/Design-sem-nome-2025-01-31T154001.421.png\",\"keywords\":[\"Brasil\"],\"articleSection\":[\"Entretenimento\"],\"inLanguage\":\"en-US\"},{\"@type\":\"WebPage\",\"@id\":\"https:\\\/\\\/latamreports.com\\\/br\\\/muito-calor-no-palco-patti-smith-pede-desculpas-por-cancelar-show-apos-desmaiar-no-brasil\\\/\",\"url\":\"https:\\\/\\\/latamreports.com\\\/br\\\/muito-calor-no-palco-patti-smith-pede-desculpas-por-cancelar-show-apos-desmaiar-no-brasil\\\/\",\"name\":\"Patti Smith pede desculpas por cancelar show ap\u00f3s desmaiar\",\"isPartOf\":{\"@id\":\"https:\\\/\\\/latamreports.com\\\/br\\\/#website\"},\"primaryImageOfPage\":{\"@id\":\"https:\\\/\\\/latamreports.com\\\/br\\\/muito-calor-no-palco-patti-smith-pede-desculpas-por-cancelar-show-apos-desmaiar-no-brasil\\\/#primaryimage\"},\"image\":{\"@id\":\"https:\\\/\\\/latamreports.com\\\/br\\\/muito-calor-no-palco-patti-smith-pede-desculpas-por-cancelar-show-apos-desmaiar-no-brasil\\\/#primaryimage\"},\"thumbnailUrl\":\"https:\\\/\\\/latamreports.com\\\/br\\\/wp-content\\\/uploads\\\/Design-sem-nome-2025-01-31T154001.421.png\",\"datePublished\":\"2025-01-31T19:45:23+00:00\",\"dateModified\":\"2025-01-31T19:45:25+00:00\",\"description\":\"A veterana cantora e poetisa Patti Smith tranquilizou seus f\u00e3s ao afirmar que est\u00e1 \\\"bem\\\" ap\u00f3s desmaiar durante uma apresenta\u00e7\u00e3o\",\"breadcrumb\":{\"@id\":\"https:\\\/\\\/latamreports.com\\\/br\\\/muito-calor-no-palco-patti-smith-pede-desculpas-por-cancelar-show-apos-desmaiar-no-brasil\\\/#breadcrumb\"},\"inLanguage\":\"en-US\",\"potentialAction\":[{\"@type\":\"ReadAction\",\"target\":[\"https:\\\/\\\/latamreports.com\\\/br\\\/muito-calor-no-palco-patti-smith-pede-desculpas-por-cancelar-show-apos-desmaiar-no-brasil\\\/\"]}]},{\"@type\":\"ImageObject\",\"inLanguage\":\"en-US\",\"@id\":\"https:\\\/\\\/latamreports.com\\\/br\\\/muito-calor-no-palco-patti-smith-pede-desculpas-por-cancelar-show-apos-desmaiar-no-brasil\\\/#primaryimage\",\"url\":\"https:\\\/\\\/latamreports.com\\\/br\\\/wp-content\\\/uploads\\\/Design-sem-nome-2025-01-31T154001.421.png\",\"contentUrl\":\"https:\\\/\\\/latamreports.com\\\/br\\\/wp-content\\\/uploads\\\/Design-sem-nome-2025-01-31T154001.421.png\",\"width\":1200,\"height\":630,\"caption\":\"Muito calor no palco? Patti Smith pede desculpas por cancelar show ap\u00f3s desmaiar no Brasil\"},{\"@type\":\"BreadcrumbList\",\"@id\":\"https:\\\/\\\/latamreports.com\\\/br\\\/muito-calor-no-palco-patti-smith-pede-desculpas-por-cancelar-show-apos-desmaiar-no-brasil\\\/#breadcrumb\",\"itemListElement\":[{\"@type\":\"ListItem\",\"position\":1,\"name\":\"Home\",\"item\":\"https:\\\/\\\/latamreports.com\\\/br\\\/\"},{\"@type\":\"ListItem\",\"position\":2,\"name\":\"Muito calor no palco? Patti Smith pede desculpas por cancelar show ap\u00f3s desmaiar no Brasil\"}]},{\"@type\":\"WebSite\",\"@id\":\"https:\\\/\\\/latamreports.com\\\/br\\\/#website\",\"url\":\"https:\\\/\\\/latamreports.com\\\/br\\\/\",\"name\":\"LatAm Reports\",\"description\":\"Not\u00edcias e opini\u00f5es de todas as Am\u00e9ricas\",\"publisher\":{\"@id\":\"https:\\\/\\\/latamreports.com\\\/br\\\/#organization\"},\"potentialAction\":[{\"@type\":\"SearchAction\",\"target\":{\"@type\":\"EntryPoint\",\"urlTemplate\":\"https:\\\/\\\/latamreports.com\\\/br\\\/?s={search_term_string}\"},\"query-input\":{\"@type\":\"PropertyValueSpecification\",\"valueRequired\":true,\"valueName\":\"search_term_string\"}}],\"inLanguage\":\"en-US\"},{\"@type\":\"Organization\",\"@id\":\"https:\\\/\\\/latamreports.com\\\/br\\\/#organization\",\"name\":\"LatAm Reports\",\"url\":\"https:\\\/\\\/latamreports.com\\\/br\\\/\",\"logo\":{\"@type\":\"ImageObject\",\"inLanguage\":\"en-US\",\"@id\":\"https:\\\/\\\/latamreports.com\\\/br\\\/#\\\/schema\\\/logo\\\/image\\\/\",\"url\":\"https:\\\/\\\/latamreports.com\\\/br\\\/wp-content\\\/uploads\\\/cropped-PNG2.png\",\"contentUrl\":\"https:\\\/\\\/latamreports.com\\\/br\\\/wp-content\\\/uploads\\\/cropped-PNG2.png\",\"width\":2522,\"height\":1014,\"caption\":\"LatAm Reports\"},\"image\":{\"@id\":\"https:\\\/\\\/latamreports.com\\\/br\\\/#\\\/schema\\\/logo\\\/image\\\/\"},\"sameAs\":[\"https:\\\/\\\/facebook.com\\\/latamreports\",\"https:\\\/\\\/x.com\\\/latamreports\"]},{\"@type\":\"Person\",\"@id\":\"https:\\\/\\\/latamreports.com\\\/br\\\/#\\\/schema\\\/person\\\/a561f2de7e5ccabfab38d239b39fdb70\",\"name\":\"LatAm Reports Redatores da Equipe\",\"image\":{\"@type\":\"ImageObject\",\"inLanguage\":\"en-US\",\"@id\":\"https:\\\/\\\/secure.gravatar.com\\\/avatar\\\/dcdcc93cc5edddd2f3ef77245866172c7d7241a11ad58e1959aa824f2fae81f6?s=96&d=mm&r=g\",\"url\":\"https:\\\/\\\/secure.gravatar.com\\\/avatar\\\/dcdcc93cc5edddd2f3ef77245866172c7d7241a11ad58e1959aa824f2fae81f6?s=96&d=mm&r=g\",\"contentUrl\":\"https:\\\/\\\/secure.gravatar.com\\\/avatar\\\/dcdcc93cc5edddd2f3ef77245866172c7d7241a11ad58e1959aa824f2fae81f6?s=96&d=mm&r=g\",\"caption\":\"LatAm Reports Redatores da Equipe\"}}]}<\/script>\n<!-- \/ Yoast SEO plugin. -->","yoast_head_json":{"title":"Patti Smith pede desculpas por cancelar show ap\u00f3s desmaiar","description":"A veterana cantora e poetisa Patti Smith tranquilizou seus f\u00e3s ao afirmar que est\u00e1 \"bem\" ap\u00f3s desmaiar durante uma apresenta\u00e7\u00e3o","robots":{"index":"index","follow":"follow","max-snippet":"max-snippet:-1","max-image-preview":"max-image-preview:large","max-video-preview":"max-video-preview:-1"},"canonical":"https:\/\/latamreports.com\/br\/muito-calor-no-palco-patti-smith-pede-desculpas-por-cancelar-show-apos-desmaiar-no-brasil\/","og_locale":"en_US","og_type":"article","og_title":"Patti Smith pede desculpas por cancelar show ap\u00f3s desmaiar","og_description":"A veterana cantora e poetisa Patti Smith tranquilizou seus f\u00e3s ao afirmar que est\u00e1 \"bem\" ap\u00f3s desmaiar durante uma apresenta\u00e7\u00e3o","og_url":"https:\/\/latamreports.com\/br\/muito-calor-no-palco-patti-smith-pede-desculpas-por-cancelar-show-apos-desmaiar-no-brasil\/","og_site_name":"LatAm Reports","article_publisher":"https:\/\/facebook.com\/latamreports","article_published_time":"2025-01-31T19:45:23+00:00","article_modified_time":"2025-01-31T19:45:25+00:00","og_image":[{"width":1200,"height":630,"url":"https:\/\/latamreports.com\/br\/wp-content\/uploads\/Design-sem-nome-2025-01-31T154001.421.png","type":"image\/png"}],"author":"LatAm Reports Redatores da Equipe","twitter_card":"summary_large_image","twitter_creator":"@latamreports","twitter_site":"@latamreports","twitter_misc":{"Written by":"LatAm Reports Redatores da Equipe","Est. reading time":"2 minutes"},"schema":{"@context":"https:\/\/schema.org","@graph":[{"@type":"Article","@id":"https:\/\/latamreports.com\/br\/muito-calor-no-palco-patti-smith-pede-desculpas-por-cancelar-show-apos-desmaiar-no-brasil\/#article","isPartOf":{"@id":"https:\/\/latamreports.com\/br\/muito-calor-no-palco-patti-smith-pede-desculpas-por-cancelar-show-apos-desmaiar-no-brasil\/"},"author":{"name":"LatAm Reports Redatores da Equipe","@id":"https:\/\/latamreports.com\/br\/#\/schema\/person\/a561f2de7e5ccabfab38d239b39fdb70"},"headline":"Muito calor no palco? Patti Smith pede desculpas por cancelar show ap\u00f3s desmaiar no Brasil","datePublished":"2025-01-31T19:45:23+00:00","dateModified":"2025-01-31T19:45:25+00:00","mainEntityOfPage":{"@id":"https:\/\/latamreports.com\/br\/muito-calor-no-palco-patti-smith-pede-desculpas-por-cancelar-show-apos-desmaiar-no-brasil\/"},"wordCount":566,"publisher":{"@id":"https:\/\/latamreports.com\/br\/#organization"},"image":{"@id":"https:\/\/latamreports.com\/br\/muito-calor-no-palco-patti-smith-pede-desculpas-por-cancelar-show-apos-desmaiar-no-brasil\/#primaryimage"},"thumbnailUrl":"https:\/\/latamreports.com\/br\/wp-content\/uploads\/Design-sem-nome-2025-01-31T154001.421.png","keywords":["Brasil"],"articleSection":["Entretenimento"],"inLanguage":"en-US"},{"@type":"WebPage","@id":"https:\/\/latamreports.com\/br\/muito-calor-no-palco-patti-smith-pede-desculpas-por-cancelar-show-apos-desmaiar-no-brasil\/","url":"https:\/\/latamreports.com\/br\/muito-calor-no-palco-patti-smith-pede-desculpas-por-cancelar-show-apos-desmaiar-no-brasil\/","name":"Patti Smith pede desculpas por cancelar show ap\u00f3s desmaiar","isPartOf":{"@id":"https:\/\/latamreports.com\/br\/#website"},"primaryImageOfPage":{"@id":"https:\/\/latamreports.com\/br\/muito-calor-no-palco-patti-smith-pede-desculpas-por-cancelar-show-apos-desmaiar-no-brasil\/#primaryimage"},"image":{"@id":"https:\/\/latamreports.com\/br\/muito-calor-no-palco-patti-smith-pede-desculpas-por-cancelar-show-apos-desmaiar-no-brasil\/#primaryimage"},"thumbnailUrl":"https:\/\/latamreports.com\/br\/wp-content\/uploads\/Design-sem-nome-2025-01-31T154001.421.png","datePublished":"2025-01-31T19:45:23+00:00","dateModified":"2025-01-31T19:45:25+00:00","description":"A veterana cantora e poetisa Patti Smith tranquilizou seus f\u00e3s ao afirmar que est\u00e1 \"bem\" ap\u00f3s desmaiar durante uma apresenta\u00e7\u00e3o","breadcrumb":{"@id":"https:\/\/latamreports.com\/br\/muito-calor-no-palco-patti-smith-pede-desculpas-por-cancelar-show-apos-desmaiar-no-brasil\/#breadcrumb"},"inLanguage":"en-US","potentialAction":[{"@type":"ReadAction","target":["https:\/\/latamreports.com\/br\/muito-calor-no-palco-patti-smith-pede-desculpas-por-cancelar-show-apos-desmaiar-no-brasil\/"]}]},{"@type":"ImageObject","inLanguage":"en-US","@id":"https:\/\/latamreports.com\/br\/muito-calor-no-palco-patti-smith-pede-desculpas-por-cancelar-show-apos-desmaiar-no-brasil\/#primaryimage","url":"https:\/\/latamreports.com\/br\/wp-content\/uploads\/Design-sem-nome-2025-01-31T154001.421.png","contentUrl":"https:\/\/latamreports.com\/br\/wp-content\/uploads\/Design-sem-nome-2025-01-31T154001.421.png","width":1200,"height":630,"caption":"Muito calor no palco? Patti Smith pede desculpas por cancelar show ap\u00f3s desmaiar no Brasil"},{"@type":"BreadcrumbList","@id":"https:\/\/latamreports.com\/br\/muito-calor-no-palco-patti-smith-pede-desculpas-por-cancelar-show-apos-desmaiar-no-brasil\/#breadcrumb","itemListElement":[{"@type":"ListItem","position":1,"name":"Home","item":"https:\/\/latamreports.com\/br\/"},{"@type":"ListItem","position":2,"name":"Muito calor no palco? Patti Smith pede desculpas por cancelar show ap\u00f3s desmaiar no Brasil"}]},{"@type":"WebSite","@id":"https:\/\/latamreports.com\/br\/#website","url":"https:\/\/latamreports.com\/br\/","name":"LatAm Reports","description":"Not\u00edcias e opini\u00f5es de todas as Am\u00e9ricas","publisher":{"@id":"https:\/\/latamreports.com\/br\/#organization"},"potentialAction":[{"@type":"SearchAction","target":{"@type":"EntryPoint","urlTemplate":"https:\/\/latamreports.com\/br\/?s={search_term_string}"},"query-input":{"@type":"PropertyValueSpecification","valueRequired":true,"valueName":"search_term_string"}}],"inLanguage":"en-US"},{"@type":"Organization","@id":"https:\/\/latamreports.com\/br\/#organization","name":"LatAm Reports","url":"https:\/\/latamreports.com\/br\/","logo":{"@type":"ImageObject","inLanguage":"en-US","@id":"https:\/\/latamreports.com\/br\/#\/schema\/logo\/image\/","url":"https:\/\/latamreports.com\/br\/wp-content\/uploads\/cropped-PNG2.png","contentUrl":"https:\/\/latamreports.com\/br\/wp-content\/uploads\/cropped-PNG2.png","width":2522,"height":1014,"caption":"LatAm Reports"},"image":{"@id":"https:\/\/latamreports.com\/br\/#\/schema\/logo\/image\/"},"sameAs":["https:\/\/facebook.com\/latamreports","https:\/\/x.com\/latamreports"]},{"@type":"Person","@id":"https:\/\/latamreports.com\/br\/#\/schema\/person\/a561f2de7e5ccabfab38d239b39fdb70","name":"LatAm Reports Redatores da Equipe","image":{"@type":"ImageObject","inLanguage":"en-US","@id":"https:\/\/secure.gravatar.com\/avatar\/dcdcc93cc5edddd2f3ef77245866172c7d7241a11ad58e1959aa824f2fae81f6?s=96&d=mm&r=g","url":"https:\/\/secure.gravatar.com\/avatar\/dcdcc93cc5edddd2f3ef77245866172c7d7241a11ad58e1959aa824f2fae81f6?s=96&d=mm&r=g","contentUrl":"https:\/\/secure.gravatar.com\/avatar\/dcdcc93cc5edddd2f3ef77245866172c7d7241a11ad58e1959aa824f2fae81f6?s=96&d=mm&r=g","caption":"LatAm Reports Redatores da Equipe"}}]}},"jetpack_publicize_connections":[],"_links":{"self":[{"href":"https:\/\/latamreports.com\/br\/wp-json\/wp\/v2\/posts\/10414","targetHints":{"allow":["GET"]}}],"collection":[{"href":"https:\/\/latamreports.com\/br\/wp-json\/wp\/v2\/posts"}],"about":[{"href":"https:\/\/latamreports.com\/br\/wp-json\/wp\/v2\/types\/post"}],"author":[{"embeddable":true,"href":"https:\/\/latamreports.com\/br\/wp-json\/wp\/v2\/users\/7"}],"replies":[{"embeddable":true,"href":"https:\/\/latamreports.com\/br\/wp-json\/wp\/v2\/comments?post=10414"}],"version-history":[{"count":1,"href":"https:\/\/latamreports.com\/br\/wp-json\/wp\/v2\/posts\/10414\/revisions"}],"predecessor-version":[{"id":10416,"href":"https:\/\/latamreports.com\/br\/wp-json\/wp\/v2\/posts\/10414\/revisions\/10416"}],"wp:featuredmedia":[{"embeddable":true,"href":"https:\/\/latamreports.com\/br\/wp-json\/wp\/v2\/media\/10415"}],"wp:attachment":[{"href":"https:\/\/latamreports.com\/br\/wp-json\/wp\/v2\/media?parent=10414"}],"wp:term":[{"taxonomy":"category","embeddable":true,"href":"https:\/\/latamreports.com\/br\/wp-json\/wp\/v2\/categories?post=10414"},{"taxonomy":"post_tag","embeddable":true,"href":"https:\/\/latamreports.com\/br\/wp-json\/wp\/v2\/tags?post=10414"}],"curies":[{"name":"wp","href":"https:\/\/api.w.org\/{rel}","templated":true}]}}