{"id":10401,"date":"2025-01-31T17:35:50","date_gmt":"2025-01-31T17:35:50","guid":{"rendered":"https:\/\/latamreports.com\/br\/?p=10401"},"modified":"2025-01-31T17:35:52","modified_gmt":"2025-01-31T17:35:52","slug":"neymar-chega-ao-brasil-e-assina-contrato-com-o-santos-nesta-sexta-feira","status":"publish","type":"post","link":"https:\/\/latamreports.com\/br\/neymar-chega-ao-brasil-e-assina-contrato-com-o-santos-nesta-sexta-feira\/","title":{"rendered":"Neymar chega ao Brasil e assina contrato com o Santos nesta sexta-feira"},"content":{"rendered":"\n<p>O avi\u00e3o com Neymar pousou na manh\u00e3 desta sexta-feira, 31 de janeiro, no Aeroporto Catarina, em S\u00e3o Roque, no interior de S\u00e3o Paulo. O jogador retorna ao Brasil para assinar contrato com o Santos, clube onde iniciou sua carreira profissional e que defendeu at\u00e9 2013.<\/p>\n\n\n\n<p>A viagem come\u00e7ou em Riad, na Ar\u00e1bia Saudita, onde Neymar atuava pelo Al Hilal. O voo fretado durou 16 horas e fez uma parada para abastecimento na Nig\u00e9ria. Ap\u00f3s o pouso, o jogador embarcou em um helic\u00f3ptero, mas seu destino exato n\u00e3o foi divulgado. Ele pode seguir para S\u00e3o Paulo antes de ir \u00e0 Baixada Santista ou ir diretamente para Santos.<\/p>\n\n\n\n<h2 class=\"wp-block-heading\">Contrato de Neymar<\/h2>\n\n\n\n<p>O <a href=\"https:\/\/latamreports.com\/br\/presidente-do-santos-confirma-a-volta-de-neymar-ao-time\/\">contrato <\/a>de Neymar com o Santos tem dura\u00e7\u00e3o de cinco meses. Ele deve ser recepcionado pela diretoria santista no CT Rei Pel\u00e9 ainda nesta sexta-feira para formalizar o acordo. Em seguida, ser\u00e1 apresentado oficialmente na Vila Belmiro, onde est\u00e1 programado um evento especial com shows a partir das 16h.<\/p>\n\n\n\n<p>A estreia do jogador pelo Santos ainda n\u00e3o tem data definida, mas existe a possibilidade de que ele compare\u00e7a ao est\u00e1dio no s\u00e1bado \u00e0 noite para assistir ao cl\u00e1ssico contra o S\u00e3o Paulo pelo Campeonato Paulista.<\/p>\n\n\n\n<p>Durante a viagem de volta ao Brasil, Neymar publicou um v\u00eddeo em suas redes sociais reclamando da longa dura\u00e7\u00e3o do voo. \u201cChega nunca\u201d, brincou o jogador enquanto aguardava o pouso.<\/p>\n\n\n\n<p>[Neymar retorna ao Santos ap\u00f3s 12 anos de trajet\u00f3ria no futebol europeu e no Oriente M\u00e9dio. Em 2013, ele deixou o clube paulista para se juntar ao Barcelona, onde conquistou t\u00edtulos importantes, incluindo a Liga dos Campe\u00f5es. Depois, transferiu-se para o Paris Saint-Germain, tornando-se a contrata\u00e7\u00e3o mais cara da hist\u00f3ria do futebol. Em 2023, assinou com o <a href=\"https:\/\/latamreports.com\/br\/al-hilal-mira-contratacao-de-rodrygo-e-prepara-proposta-para-tira-lo-do-real-madrid-no-meio-do-ano\/\">Al Hilal<\/a>, da Ar\u00e1bia Saudita, mas teve uma passagem marcada por les\u00f5es.<\/p>\n\n\n\n<p>A volta do jogador ao Brasil reacende o entusiasmo dos torcedores santistas, que aguardam ansiosamente sua reestreia. A expectativa \u00e9 que sua presen\u00e7a fortale\u00e7a o time na temporada e impulsione a visibilidade do Campeonato Brasileiro.<\/p>\n\n\n\n<p>Com um dos retornos mais aguardados do futebol nacional, Neymar chega ao Santos para um per\u00edodo curto, mas com grandes expectativas, tanto dentro quanto fora de campo.<\/p>\n","protected":false},"excerpt":{"rendered":"<p>O avi\u00e3o com Neymar pousou na manh\u00e3 desta sexta-feira, 31 de janeiro, no Aeroporto Catarina, em S\u00e3o Roque, no interior de S\u00e3o Paulo. O jogador &#8230; <a title=\"Neymar chega ao Brasil e assina contrato com o Santos nesta sexta-feira\" class=\"read-more\" href=\"https:\/\/latamreports.com\/br\/neymar-chega-ao-brasil-e-assina-contrato-com-o-santos-nesta-sexta-feira\/\" aria-label=\"Read more about Neymar chega ao Brasil e assina contrato com o Santos nesta sexta-feira\">Read more<\/a><\/p>\n","protected":false},"author":7,"featured_media":10402,"comment_status":"closed","ping_status":"closed","sticky":false,"template":"","format":"standard","meta":{"footnotes":"","jetpack_publicize_message":"","jetpack_publicize_feature_enabled":true,"jetpack_social_post_already_shared":true,"jetpack_social_options":{"image_generator_settings":{"template":"highway","default_image_id":0,"font":"","enabled":false},"version":2}},"categories":[14],"tags":[31],"class_list":["post-10401","post","type-post","status-publish","format-standard","has-post-thumbnail","hentry","category-esportes","tag-brasil","resize-featured-image"],"yoast_head":"<!-- This site is optimized with the Yoast SEO plugin v27.4 - https:\/\/yoast.com\/product\/yoast-seo-wordpress\/ -->\n<title>Neymar chega ao Brasil e assina contrato com o Santos<\/title>\n<meta name=\"description\" content=\"O avi\u00e3o com Neymar pousou na manh\u00e3 desta sexta-feira, 31 de janeiro, no Aeroporto Catarina, em S\u00e3o Roque, no interior de S\u00e3o Paulo. O...\" \/>\n<meta name=\"robots\" content=\"index, follow, max-snippet:-1, max-image-preview:large, max-video-preview:-1\" \/>\n<link rel=\"canonical\" href=\"https:\/\/latamreports.com\/br\/neymar-chega-ao-brasil-e-assina-contrato-com-o-santos-nesta-sexta-feira\/\" \/>\n<meta property=\"og:locale\" content=\"en_US\" \/>\n<meta property=\"og:type\" content=\"article\" \/>\n<meta property=\"og:title\" content=\"Neymar chega ao Brasil e assina contrato com o Santos\" \/>\n<meta property=\"og:description\" content=\"O avi\u00e3o com Neymar pousou na manh\u00e3 desta sexta-feira, 31 de janeiro, no Aeroporto Catarina, em S\u00e3o Roque, no interior de S\u00e3o Paulo. O...\" \/>\n<meta property=\"og:url\" content=\"https:\/\/latamreports.com\/br\/neymar-chega-ao-brasil-e-assina-contrato-com-o-santos-nesta-sexta-feira\/\" \/>\n<meta property=\"og:site_name\" content=\"LatAm Reports\" \/>\n<meta property=\"article:publisher\" content=\"https:\/\/facebook.com\/latamreports\" \/>\n<meta property=\"article:published_time\" content=\"2025-01-31T17:35:50+00:00\" \/>\n<meta property=\"article:modified_time\" content=\"2025-01-31T17:35:52+00:00\" \/>\n<meta property=\"og:image\" content=\"https:\/\/latamreports.com\/br\/wp-content\/uploads\/Design-sem-nome-2025-01-31T132307.986.png\" \/>\n\t<meta property=\"og:image:width\" content=\"1200\" \/>\n\t<meta property=\"og:image:height\" content=\"630\" \/>\n\t<meta property=\"og:image:type\" content=\"image\/png\" \/>\n<meta name=\"author\" content=\"LatAm Reports Redatores da Equipe\" \/>\n<meta name=\"twitter:card\" content=\"summary_large_image\" \/>\n<meta name=\"twitter:creator\" content=\"@latamreports\" \/>\n<meta name=\"twitter:site\" content=\"@latamreports\" \/>\n<meta name=\"twitter:label1\" content=\"Written by\" \/>\n\t<meta name=\"twitter:data1\" content=\"LatAm Reports Redatores da Equipe\" \/>\n\t<meta name=\"twitter:label2\" content=\"Est. reading time\" \/>\n\t<meta name=\"twitter:data2\" content=\"2 minutes\" \/>\n<script type=\"application\/ld+json\" class=\"yoast-schema-graph\">{\"@context\":\"https:\\\/\\\/schema.org\",\"@graph\":[{\"@type\":\"Article\",\"@id\":\"https:\\\/\\\/latamreports.com\\\/br\\\/neymar-chega-ao-brasil-e-assina-contrato-com-o-santos-nesta-sexta-feira\\\/#article\",\"isPartOf\":{\"@id\":\"https:\\\/\\\/latamreports.com\\\/br\\\/neymar-chega-ao-brasil-e-assina-contrato-com-o-santos-nesta-sexta-feira\\\/\"},\"author\":{\"name\":\"LatAm Reports Redatores da Equipe\",\"@id\":\"https:\\\/\\\/latamreports.com\\\/br\\\/#\\\/schema\\\/person\\\/a561f2de7e5ccabfab38d239b39fdb70\"},\"headline\":\"Neymar chega ao Brasil e assina contrato com o Santos nesta sexta-feira\",\"datePublished\":\"2025-01-31T17:35:50+00:00\",\"dateModified\":\"2025-01-31T17:35:52+00:00\",\"mainEntityOfPage\":{\"@id\":\"https:\\\/\\\/latamreports.com\\\/br\\\/neymar-chega-ao-brasil-e-assina-contrato-com-o-santos-nesta-sexta-feira\\\/\"},\"wordCount\":390,\"publisher\":{\"@id\":\"https:\\\/\\\/latamreports.com\\\/br\\\/#organization\"},\"image\":{\"@id\":\"https:\\\/\\\/latamreports.com\\\/br\\\/neymar-chega-ao-brasil-e-assina-contrato-com-o-santos-nesta-sexta-feira\\\/#primaryimage\"},\"thumbnailUrl\":\"https:\\\/\\\/latamreports.com\\\/br\\\/wp-content\\\/uploads\\\/Design-sem-nome-2025-01-31T132307.986.png\",\"keywords\":[\"Brasil\"],\"articleSection\":[\"Esportes\"],\"inLanguage\":\"en-US\"},{\"@type\":\"WebPage\",\"@id\":\"https:\\\/\\\/latamreports.com\\\/br\\\/neymar-chega-ao-brasil-e-assina-contrato-com-o-santos-nesta-sexta-feira\\\/\",\"url\":\"https:\\\/\\\/latamreports.com\\\/br\\\/neymar-chega-ao-brasil-e-assina-contrato-com-o-santos-nesta-sexta-feira\\\/\",\"name\":\"Neymar chega ao Brasil e assina contrato com o Santos\",\"isPartOf\":{\"@id\":\"https:\\\/\\\/latamreports.com\\\/br\\\/#website\"},\"primaryImageOfPage\":{\"@id\":\"https:\\\/\\\/latamreports.com\\\/br\\\/neymar-chega-ao-brasil-e-assina-contrato-com-o-santos-nesta-sexta-feira\\\/#primaryimage\"},\"image\":{\"@id\":\"https:\\\/\\\/latamreports.com\\\/br\\\/neymar-chega-ao-brasil-e-assina-contrato-com-o-santos-nesta-sexta-feira\\\/#primaryimage\"},\"thumbnailUrl\":\"https:\\\/\\\/latamreports.com\\\/br\\\/wp-content\\\/uploads\\\/Design-sem-nome-2025-01-31T132307.986.png\",\"datePublished\":\"2025-01-31T17:35:50+00:00\",\"dateModified\":\"2025-01-31T17:35:52+00:00\",\"description\":\"O avi\u00e3o com Neymar pousou na manh\u00e3 desta sexta-feira, 31 de janeiro, no Aeroporto Catarina, em S\u00e3o Roque, no interior de S\u00e3o Paulo. O...\",\"breadcrumb\":{\"@id\":\"https:\\\/\\\/latamreports.com\\\/br\\\/neymar-chega-ao-brasil-e-assina-contrato-com-o-santos-nesta-sexta-feira\\\/#breadcrumb\"},\"inLanguage\":\"en-US\",\"potentialAction\":[{\"@type\":\"ReadAction\",\"target\":[\"https:\\\/\\\/latamreports.com\\\/br\\\/neymar-chega-ao-brasil-e-assina-contrato-com-o-santos-nesta-sexta-feira\\\/\"]}]},{\"@type\":\"ImageObject\",\"inLanguage\":\"en-US\",\"@id\":\"https:\\\/\\\/latamreports.com\\\/br\\\/neymar-chega-ao-brasil-e-assina-contrato-com-o-santos-nesta-sexta-feira\\\/#primaryimage\",\"url\":\"https:\\\/\\\/latamreports.com\\\/br\\\/wp-content\\\/uploads\\\/Design-sem-nome-2025-01-31T132307.986.png\",\"contentUrl\":\"https:\\\/\\\/latamreports.com\\\/br\\\/wp-content\\\/uploads\\\/Design-sem-nome-2025-01-31T132307.986.png\",\"width\":1200,\"height\":630,\"caption\":\"Neymar chega ao Brasil e assina contrato com o Santos nesta sexta-feira\"},{\"@type\":\"BreadcrumbList\",\"@id\":\"https:\\\/\\\/latamreports.com\\\/br\\\/neymar-chega-ao-brasil-e-assina-contrato-com-o-santos-nesta-sexta-feira\\\/#breadcrumb\",\"itemListElement\":[{\"@type\":\"ListItem\",\"position\":1,\"name\":\"Home\",\"item\":\"https:\\\/\\\/latamreports.com\\\/br\\\/\"},{\"@type\":\"ListItem\",\"position\":2,\"name\":\"Neymar chega ao Brasil e assina contrato com o Santos nesta sexta-feira\"}]},{\"@type\":\"WebSite\",\"@id\":\"https:\\\/\\\/latamreports.com\\\/br\\\/#website\",\"url\":\"https:\\\/\\\/latamreports.com\\\/br\\\/\",\"name\":\"LatAm Reports\",\"description\":\"Not\u00edcias e opini\u00f5es de todas as Am\u00e9ricas\",\"publisher\":{\"@id\":\"https:\\\/\\\/latamreports.com\\\/br\\\/#organization\"},\"potentialAction\":[{\"@type\":\"SearchAction\",\"target\":{\"@type\":\"EntryPoint\",\"urlTemplate\":\"https:\\\/\\\/latamreports.com\\\/br\\\/?s={search_term_string}\"},\"query-input\":{\"@type\":\"PropertyValueSpecification\",\"valueRequired\":true,\"valueName\":\"search_term_string\"}}],\"inLanguage\":\"en-US\"},{\"@type\":\"Organization\",\"@id\":\"https:\\\/\\\/latamreports.com\\\/br\\\/#organization\",\"name\":\"LatAm Reports\",\"url\":\"https:\\\/\\\/latamreports.com\\\/br\\\/\",\"logo\":{\"@type\":\"ImageObject\",\"inLanguage\":\"en-US\",\"@id\":\"https:\\\/\\\/latamreports.com\\\/br\\\/#\\\/schema\\\/logo\\\/image\\\/\",\"url\":\"https:\\\/\\\/latamreports.com\\\/br\\\/wp-content\\\/uploads\\\/cropped-PNG2.png\",\"contentUrl\":\"https:\\\/\\\/latamreports.com\\\/br\\\/wp-content\\\/uploads\\\/cropped-PNG2.png\",\"width\":2522,\"height\":1014,\"caption\":\"LatAm Reports\"},\"image\":{\"@id\":\"https:\\\/\\\/latamreports.com\\\/br\\\/#\\\/schema\\\/logo\\\/image\\\/\"},\"sameAs\":[\"https:\\\/\\\/facebook.com\\\/latamreports\",\"https:\\\/\\\/x.com\\\/latamreports\"]},{\"@type\":\"Person\",\"@id\":\"https:\\\/\\\/latamreports.com\\\/br\\\/#\\\/schema\\\/person\\\/a561f2de7e5ccabfab38d239b39fdb70\",\"name\":\"LatAm Reports Redatores da Equipe\",\"image\":{\"@type\":\"ImageObject\",\"inLanguage\":\"en-US\",\"@id\":\"https:\\\/\\\/secure.gravatar.com\\\/avatar\\\/dcdcc93cc5edddd2f3ef77245866172c7d7241a11ad58e1959aa824f2fae81f6?s=96&d=mm&r=g\",\"url\":\"https:\\\/\\\/secure.gravatar.com\\\/avatar\\\/dcdcc93cc5edddd2f3ef77245866172c7d7241a11ad58e1959aa824f2fae81f6?s=96&d=mm&r=g\",\"contentUrl\":\"https:\\\/\\\/secure.gravatar.com\\\/avatar\\\/dcdcc93cc5edddd2f3ef77245866172c7d7241a11ad58e1959aa824f2fae81f6?s=96&d=mm&r=g\",\"caption\":\"LatAm Reports Redatores da Equipe\"}}]}<\/script>\n<!-- \/ Yoast SEO plugin. -->","yoast_head_json":{"title":"Neymar chega ao Brasil e assina contrato com o Santos","description":"O avi\u00e3o com Neymar pousou na manh\u00e3 desta sexta-feira, 31 de janeiro, no Aeroporto Catarina, em S\u00e3o Roque, no interior de S\u00e3o Paulo. O...","robots":{"index":"index","follow":"follow","max-snippet":"max-snippet:-1","max-image-preview":"max-image-preview:large","max-video-preview":"max-video-preview:-1"},"canonical":"https:\/\/latamreports.com\/br\/neymar-chega-ao-brasil-e-assina-contrato-com-o-santos-nesta-sexta-feira\/","og_locale":"en_US","og_type":"article","og_title":"Neymar chega ao Brasil e assina contrato com o Santos","og_description":"O avi\u00e3o com Neymar pousou na manh\u00e3 desta sexta-feira, 31 de janeiro, no Aeroporto Catarina, em S\u00e3o Roque, no interior de S\u00e3o Paulo. O...","og_url":"https:\/\/latamreports.com\/br\/neymar-chega-ao-brasil-e-assina-contrato-com-o-santos-nesta-sexta-feira\/","og_site_name":"LatAm Reports","article_publisher":"https:\/\/facebook.com\/latamreports","article_published_time":"2025-01-31T17:35:50+00:00","article_modified_time":"2025-01-31T17:35:52+00:00","og_image":[{"width":1200,"height":630,"url":"https:\/\/latamreports.com\/br\/wp-content\/uploads\/Design-sem-nome-2025-01-31T132307.986.png","type":"image\/png"}],"author":"LatAm Reports Redatores da Equipe","twitter_card":"summary_large_image","twitter_creator":"@latamreports","twitter_site":"@latamreports","twitter_misc":{"Written by":"LatAm Reports Redatores da Equipe","Est. reading time":"2 minutes"},"schema":{"@context":"https:\/\/schema.org","@graph":[{"@type":"Article","@id":"https:\/\/latamreports.com\/br\/neymar-chega-ao-brasil-e-assina-contrato-com-o-santos-nesta-sexta-feira\/#article","isPartOf":{"@id":"https:\/\/latamreports.com\/br\/neymar-chega-ao-brasil-e-assina-contrato-com-o-santos-nesta-sexta-feira\/"},"author":{"name":"LatAm Reports Redatores da Equipe","@id":"https:\/\/latamreports.com\/br\/#\/schema\/person\/a561f2de7e5ccabfab38d239b39fdb70"},"headline":"Neymar chega ao Brasil e assina contrato com o Santos nesta sexta-feira","datePublished":"2025-01-31T17:35:50+00:00","dateModified":"2025-01-31T17:35:52+00:00","mainEntityOfPage":{"@id":"https:\/\/latamreports.com\/br\/neymar-chega-ao-brasil-e-assina-contrato-com-o-santos-nesta-sexta-feira\/"},"wordCount":390,"publisher":{"@id":"https:\/\/latamreports.com\/br\/#organization"},"image":{"@id":"https:\/\/latamreports.com\/br\/neymar-chega-ao-brasil-e-assina-contrato-com-o-santos-nesta-sexta-feira\/#primaryimage"},"thumbnailUrl":"https:\/\/latamreports.com\/br\/wp-content\/uploads\/Design-sem-nome-2025-01-31T132307.986.png","keywords":["Brasil"],"articleSection":["Esportes"],"inLanguage":"en-US"},{"@type":"WebPage","@id":"https:\/\/latamreports.com\/br\/neymar-chega-ao-brasil-e-assina-contrato-com-o-santos-nesta-sexta-feira\/","url":"https:\/\/latamreports.com\/br\/neymar-chega-ao-brasil-e-assina-contrato-com-o-santos-nesta-sexta-feira\/","name":"Neymar chega ao Brasil e assina contrato com o Santos","isPartOf":{"@id":"https:\/\/latamreports.com\/br\/#website"},"primaryImageOfPage":{"@id":"https:\/\/latamreports.com\/br\/neymar-chega-ao-brasil-e-assina-contrato-com-o-santos-nesta-sexta-feira\/#primaryimage"},"image":{"@id":"https:\/\/latamreports.com\/br\/neymar-chega-ao-brasil-e-assina-contrato-com-o-santos-nesta-sexta-feira\/#primaryimage"},"thumbnailUrl":"https:\/\/latamreports.com\/br\/wp-content\/uploads\/Design-sem-nome-2025-01-31T132307.986.png","datePublished":"2025-01-31T17:35:50+00:00","dateModified":"2025-01-31T17:35:52+00:00","description":"O avi\u00e3o com Neymar pousou na manh\u00e3 desta sexta-feira, 31 de janeiro, no Aeroporto Catarina, em S\u00e3o Roque, no interior de S\u00e3o Paulo. O...","breadcrumb":{"@id":"https:\/\/latamreports.com\/br\/neymar-chega-ao-brasil-e-assina-contrato-com-o-santos-nesta-sexta-feira\/#breadcrumb"},"inLanguage":"en-US","potentialAction":[{"@type":"ReadAction","target":["https:\/\/latamreports.com\/br\/neymar-chega-ao-brasil-e-assina-contrato-com-o-santos-nesta-sexta-feira\/"]}]},{"@type":"ImageObject","inLanguage":"en-US","@id":"https:\/\/latamreports.com\/br\/neymar-chega-ao-brasil-e-assina-contrato-com-o-santos-nesta-sexta-feira\/#primaryimage","url":"https:\/\/latamreports.com\/br\/wp-content\/uploads\/Design-sem-nome-2025-01-31T132307.986.png","contentUrl":"https:\/\/latamreports.com\/br\/wp-content\/uploads\/Design-sem-nome-2025-01-31T132307.986.png","width":1200,"height":630,"caption":"Neymar chega ao Brasil e assina contrato com o Santos nesta sexta-feira"},{"@type":"BreadcrumbList","@id":"https:\/\/latamreports.com\/br\/neymar-chega-ao-brasil-e-assina-contrato-com-o-santos-nesta-sexta-feira\/#breadcrumb","itemListElement":[{"@type":"ListItem","position":1,"name":"Home","item":"https:\/\/latamreports.com\/br\/"},{"@type":"ListItem","position":2,"name":"Neymar chega ao Brasil e assina contrato com o Santos nesta sexta-feira"}]},{"@type":"WebSite","@id":"https:\/\/latamreports.com\/br\/#website","url":"https:\/\/latamreports.com\/br\/","name":"LatAm Reports","description":"Not\u00edcias e opini\u00f5es de todas as Am\u00e9ricas","publisher":{"@id":"https:\/\/latamreports.com\/br\/#organization"},"potentialAction":[{"@type":"SearchAction","target":{"@type":"EntryPoint","urlTemplate":"https:\/\/latamreports.com\/br\/?s={search_term_string}"},"query-input":{"@type":"PropertyValueSpecification","valueRequired":true,"valueName":"search_term_string"}}],"inLanguage":"en-US"},{"@type":"Organization","@id":"https:\/\/latamreports.com\/br\/#organization","name":"LatAm Reports","url":"https:\/\/latamreports.com\/br\/","logo":{"@type":"ImageObject","inLanguage":"en-US","@id":"https:\/\/latamreports.com\/br\/#\/schema\/logo\/image\/","url":"https:\/\/latamreports.com\/br\/wp-content\/uploads\/cropped-PNG2.png","contentUrl":"https:\/\/latamreports.com\/br\/wp-content\/uploads\/cropped-PNG2.png","width":2522,"height":1014,"caption":"LatAm Reports"},"image":{"@id":"https:\/\/latamreports.com\/br\/#\/schema\/logo\/image\/"},"sameAs":["https:\/\/facebook.com\/latamreports","https:\/\/x.com\/latamreports"]},{"@type":"Person","@id":"https:\/\/latamreports.com\/br\/#\/schema\/person\/a561f2de7e5ccabfab38d239b39fdb70","name":"LatAm Reports Redatores da Equipe","image":{"@type":"ImageObject","inLanguage":"en-US","@id":"https:\/\/secure.gravatar.com\/avatar\/dcdcc93cc5edddd2f3ef77245866172c7d7241a11ad58e1959aa824f2fae81f6?s=96&d=mm&r=g","url":"https:\/\/secure.gravatar.com\/avatar\/dcdcc93cc5edddd2f3ef77245866172c7d7241a11ad58e1959aa824f2fae81f6?s=96&d=mm&r=g","contentUrl":"https:\/\/secure.gravatar.com\/avatar\/dcdcc93cc5edddd2f3ef77245866172c7d7241a11ad58e1959aa824f2fae81f6?s=96&d=mm&r=g","caption":"LatAm Reports Redatores da Equipe"}}]}},"jetpack_publicize_connections":[],"_links":{"self":[{"href":"https:\/\/latamreports.com\/br\/wp-json\/wp\/v2\/posts\/10401","targetHints":{"allow":["GET"]}}],"collection":[{"href":"https:\/\/latamreports.com\/br\/wp-json\/wp\/v2\/posts"}],"about":[{"href":"https:\/\/latamreports.com\/br\/wp-json\/wp\/v2\/types\/post"}],"author":[{"embeddable":true,"href":"https:\/\/latamreports.com\/br\/wp-json\/wp\/v2\/users\/7"}],"replies":[{"embeddable":true,"href":"https:\/\/latamreports.com\/br\/wp-json\/wp\/v2\/comments?post=10401"}],"version-history":[{"count":2,"href":"https:\/\/latamreports.com\/br\/wp-json\/wp\/v2\/posts\/10401\/revisions"}],"predecessor-version":[{"id":10404,"href":"https:\/\/latamreports.com\/br\/wp-json\/wp\/v2\/posts\/10401\/revisions\/10404"}],"wp:featuredmedia":[{"embeddable":true,"href":"https:\/\/latamreports.com\/br\/wp-json\/wp\/v2\/media\/10402"}],"wp:attachment":[{"href":"https:\/\/latamreports.com\/br\/wp-json\/wp\/v2\/media?parent=10401"}],"wp:term":[{"taxonomy":"category","embeddable":true,"href":"https:\/\/latamreports.com\/br\/wp-json\/wp\/v2\/categories?post=10401"},{"taxonomy":"post_tag","embeddable":true,"href":"https:\/\/latamreports.com\/br\/wp-json\/wp\/v2\/tags?post=10401"}],"curies":[{"name":"wp","href":"https:\/\/api.w.org\/{rel}","templated":true}]}}