{"id":10285,"date":"2025-01-27T21:19:38","date_gmt":"2025-01-27T21:19:38","guid":{"rendered":"https:\/\/latamreports.com\/br\/?p=10285"},"modified":"2025-01-27T21:19:40","modified_gmt":"2025-01-27T21:19:40","slug":"brasil-exige-explicacoes-dos-eua-apos-deportados-chegarem-algemados","status":"publish","type":"post","link":"https:\/\/latamreports.com\/br\/brasil-exige-explicacoes-dos-eua-apos-deportados-chegarem-algemados\/","title":{"rendered":"Brasil exige explica\u00e7\u00f5es dos EUA ap\u00f3s deportados chegarem algemados"},"content":{"rendered":"\n<p>O governo brasileiro manifestou forte indigna\u00e7\u00e3o neste s\u00e1bado ap\u00f3s a chegada de um voo dos <a href=\"https:\/\/latamreports.com\/br\/brasil-condena-uso-de-algemas-em-deportados-em-voo-dos-eua\/\">Estados Unidos <\/a>trazendo dezenas de brasileiros deportados em condi\u00e7\u00f5es consideradas degradantes. Muitos passageiros estavam algemados, o que gerou protestos imediatos das autoridades. O Itamaraty classificou o epis\u00f3dio como um <em>&#8220;flagrante desrespeito&#8221;<\/em> aos direitos dos cidad\u00e3os e anunciou que cobrar\u00e1 explica\u00e7\u00f5es formais de Washington.<\/p>\n\n\n\n<p>O incidente acontece em meio \u00e0 pol\u00edtica de endurecimento migrat\u00f3rio do presidente dos EUA, Donald Trump, que voltou ao poder com a promessa de intensificar deporta\u00e7\u00f5es e adotar uma abordagem ainda mais r\u00edgida contra imigrantes irregulares.<\/p>\n\n\n\n<p>Assim que a aeronave pousou em Manaus, as autoridades brasileiras exigiram que os agentes norte-americanos removessem as algemas dos deportados.<\/p>\n\n\n\n<blockquote class=\"wp-block-quote is-layout-flow wp-block-quote-is-layout-flow\">\n<p> &#8220;O ministro da Justi\u00e7a, Ricardo Lewandowski, relatou ao presidente Lula a gravidade da situa\u00e7\u00e3o e o desrespeito aos direitos fundamentais dos brasileiros&#8221;, informou o governo em nota.<\/p>\n<\/blockquote>\n\n\n\n<p>O Itamaraty tamb\u00e9m destacou que a diplomacia brasileira solicitar\u00e1 explica\u00e7\u00f5es urgentes sobre o tratamento dado aos passageiros durante o voo de repatria\u00e7\u00e3o.<\/p>\n\n\n\n<h2 class=\"wp-block-heading\">Relatos de maus-tratos no voo EUA &#8211; Brasil<\/h2>\n\n\n\n<p>Entre os 88 brasileiros a bordo, muitos relataram que foram tratados de forma desumana. Edgar da Silva Moura, t\u00e9cnico em inform\u00e1tica de 31 anos, contou que passou sete meses detido nos <a href=\"https:\/\/latamreports.com\/br\/embate-entre-petro-e-trump-coloca-em-pratica-a-estrategia-de-coercao-prioritaria-dos-eua\/\">EUA <\/a>antes de ser deportado. <\/p>\n\n\n\n<blockquote class=\"wp-block-quote is-layout-flow wp-block-quote-is-layout-flow\">\n<p>&#8220;No avi\u00e3o, n\u00e3o nos deram \u00e1gua, est\u00e1vamos algemados pelas m\u00e3os e pelos p\u00e9s e n\u00e3o nos deixavam nem ir ao banheiro&#8221;, disse \u00e0 AFP.<\/p>\n<\/blockquote>\n\n\n\n<p>Luis Antonio Rodrigues Santos, freelancer de 21 anos, descreveu a viagem como um &#8220;pesadelo&#8221;. &#8220;O ar-condicionado n\u00e3o funcionava por problemas t\u00e9cnicos e ficamos quatro horas sem ventila\u00e7\u00e3o adequada. Muita gente passou mal&#8221;, relatou.<\/p>\n\n\n\n<blockquote class=\"wp-block-quote is-layout-flow wp-block-quote-is-layout-flow\">\n<p>Para ele, o epis\u00f3dio simboliza a nova postura dos EUA sob Trump. &#8220;As coisas j\u00e1 mudaram. Os imigrantes est\u00e3o sendo tratados como criminosos&#8221;, lamentou.<\/p>\n<\/blockquote>\n\n\n\n<p>A tens\u00e3o entre Brasil e EUA deve aumentar nos pr\u00f3ximos dias, \u00e0 medida que o governo brasileiro busca esclarecimentos e a\u00e7\u00f5es para evitar que situa\u00e7\u00f5es como essa se repitam.<\/p>\n","protected":false},"excerpt":{"rendered":"<p>O governo brasileiro manifestou forte indigna\u00e7\u00e3o neste s\u00e1bado ap\u00f3s a chegada de um voo dos Estados Unidos trazendo dezenas de brasileiros deportados em condi\u00e7\u00f5es consideradas &#8230; <a title=\"Brasil exige explica\u00e7\u00f5es dos EUA ap\u00f3s deportados chegarem algemados\" class=\"read-more\" href=\"https:\/\/latamreports.com\/br\/brasil-exige-explicacoes-dos-eua-apos-deportados-chegarem-algemados\/\" aria-label=\"Read more about Brasil exige explica\u00e7\u00f5es dos EUA ap\u00f3s deportados chegarem algemados\">Read more<\/a><\/p>\n","protected":false},"author":7,"featured_media":10286,"comment_status":"closed","ping_status":"closed","sticky":false,"template":"","format":"standard","meta":{"footnotes":"","jetpack_publicize_message":"","jetpack_publicize_feature_enabled":true,"jetpack_social_post_already_shared":true,"jetpack_social_options":{"image_generator_settings":{"template":"highway","default_image_id":0,"font":"","enabled":false},"version":2}},"categories":[13],"tags":[31],"class_list":["post-10285","post","type-post","status-publish","format-standard","has-post-thumbnail","hentry","category-politica","tag-brasil","resize-featured-image"],"yoast_head":"<!-- This site is optimized with the Yoast SEO plugin v27.4 - https:\/\/yoast.com\/product\/yoast-seo-wordpress\/ -->\n<title>Brasil exige explica\u00e7\u00f5es dos EUA<\/title>\n<meta name=\"description\" content=\"O governo brasileiro manifestou forte indigna\u00e7\u00e3o neste s\u00e1bado ap\u00f3s a chegada de um voo dos EUA trazendo dezenas de brasileiros\" \/>\n<meta name=\"robots\" content=\"index, follow, max-snippet:-1, max-image-preview:large, max-video-preview:-1\" \/>\n<link rel=\"canonical\" href=\"https:\/\/latamreports.com\/br\/brasil-exige-explicacoes-dos-eua-apos-deportados-chegarem-algemados\/\" \/>\n<meta property=\"og:locale\" content=\"en_US\" \/>\n<meta property=\"og:type\" content=\"article\" \/>\n<meta property=\"og:title\" content=\"Brasil exige explica\u00e7\u00f5es dos EUA\" \/>\n<meta property=\"og:description\" content=\"O governo brasileiro manifestou forte indigna\u00e7\u00e3o neste s\u00e1bado ap\u00f3s a chegada de um voo dos EUA trazendo dezenas de brasileiros\" \/>\n<meta property=\"og:url\" content=\"https:\/\/latamreports.com\/br\/brasil-exige-explicacoes-dos-eua-apos-deportados-chegarem-algemados\/\" \/>\n<meta property=\"og:site_name\" content=\"LatAm Reports\" \/>\n<meta property=\"article:publisher\" content=\"https:\/\/facebook.com\/latamreports\" \/>\n<meta property=\"article:published_time\" content=\"2025-01-27T21:19:38+00:00\" \/>\n<meta property=\"article:modified_time\" content=\"2025-01-27T21:19:40+00:00\" \/>\n<meta property=\"og:image\" content=\"https:\/\/latamreports.com\/br\/wp-content\/uploads\/Design-sem-nome-2025-01-27T170823.676.png\" \/>\n\t<meta property=\"og:image:width\" content=\"1200\" \/>\n\t<meta property=\"og:image:height\" content=\"630\" \/>\n\t<meta property=\"og:image:type\" content=\"image\/png\" \/>\n<meta name=\"author\" content=\"LatAm Reports Redatores da Equipe\" \/>\n<meta name=\"twitter:card\" content=\"summary_large_image\" \/>\n<meta name=\"twitter:creator\" content=\"@latamreports\" \/>\n<meta name=\"twitter:site\" content=\"@latamreports\" \/>\n<meta name=\"twitter:label1\" content=\"Written by\" \/>\n\t<meta name=\"twitter:data1\" content=\"LatAm Reports Redatores da Equipe\" \/>\n\t<meta name=\"twitter:label2\" content=\"Est. reading time\" \/>\n\t<meta name=\"twitter:data2\" content=\"2 minutes\" \/>\n<script type=\"application\/ld+json\" class=\"yoast-schema-graph\">{\"@context\":\"https:\\\/\\\/schema.org\",\"@graph\":[{\"@type\":\"Article\",\"@id\":\"https:\\\/\\\/latamreports.com\\\/br\\\/brasil-exige-explicacoes-dos-eua-apos-deportados-chegarem-algemados\\\/#article\",\"isPartOf\":{\"@id\":\"https:\\\/\\\/latamreports.com\\\/br\\\/brasil-exige-explicacoes-dos-eua-apos-deportados-chegarem-algemados\\\/\"},\"author\":{\"name\":\"LatAm Reports Redatores da Equipe\",\"@id\":\"https:\\\/\\\/latamreports.com\\\/br\\\/#\\\/schema\\\/person\\\/a561f2de7e5ccabfab38d239b39fdb70\"},\"headline\":\"Brasil exige explica\u00e7\u00f5es dos EUA ap\u00f3s deportados chegarem algemados\",\"datePublished\":\"2025-01-27T21:19:38+00:00\",\"dateModified\":\"2025-01-27T21:19:40+00:00\",\"mainEntityOfPage\":{\"@id\":\"https:\\\/\\\/latamreports.com\\\/br\\\/brasil-exige-explicacoes-dos-eua-apos-deportados-chegarem-algemados\\\/\"},\"wordCount\":355,\"publisher\":{\"@id\":\"https:\\\/\\\/latamreports.com\\\/br\\\/#organization\"},\"image\":{\"@id\":\"https:\\\/\\\/latamreports.com\\\/br\\\/brasil-exige-explicacoes-dos-eua-apos-deportados-chegarem-algemados\\\/#primaryimage\"},\"thumbnailUrl\":\"https:\\\/\\\/latamreports.com\\\/br\\\/wp-content\\\/uploads\\\/Design-sem-nome-2025-01-27T170823.676.png\",\"keywords\":[\"Brasil\"],\"articleSection\":[\"Pol\u00edtica\"],\"inLanguage\":\"en-US\"},{\"@type\":\"WebPage\",\"@id\":\"https:\\\/\\\/latamreports.com\\\/br\\\/brasil-exige-explicacoes-dos-eua-apos-deportados-chegarem-algemados\\\/\",\"url\":\"https:\\\/\\\/latamreports.com\\\/br\\\/brasil-exige-explicacoes-dos-eua-apos-deportados-chegarem-algemados\\\/\",\"name\":\"Brasil exige explica\u00e7\u00f5es dos EUA\",\"isPartOf\":{\"@id\":\"https:\\\/\\\/latamreports.com\\\/br\\\/#website\"},\"primaryImageOfPage\":{\"@id\":\"https:\\\/\\\/latamreports.com\\\/br\\\/brasil-exige-explicacoes-dos-eua-apos-deportados-chegarem-algemados\\\/#primaryimage\"},\"image\":{\"@id\":\"https:\\\/\\\/latamreports.com\\\/br\\\/brasil-exige-explicacoes-dos-eua-apos-deportados-chegarem-algemados\\\/#primaryimage\"},\"thumbnailUrl\":\"https:\\\/\\\/latamreports.com\\\/br\\\/wp-content\\\/uploads\\\/Design-sem-nome-2025-01-27T170823.676.png\",\"datePublished\":\"2025-01-27T21:19:38+00:00\",\"dateModified\":\"2025-01-27T21:19:40+00:00\",\"description\":\"O governo brasileiro manifestou forte indigna\u00e7\u00e3o neste s\u00e1bado ap\u00f3s a chegada de um voo dos EUA trazendo dezenas de brasileiros\",\"breadcrumb\":{\"@id\":\"https:\\\/\\\/latamreports.com\\\/br\\\/brasil-exige-explicacoes-dos-eua-apos-deportados-chegarem-algemados\\\/#breadcrumb\"},\"inLanguage\":\"en-US\",\"potentialAction\":[{\"@type\":\"ReadAction\",\"target\":[\"https:\\\/\\\/latamreports.com\\\/br\\\/brasil-exige-explicacoes-dos-eua-apos-deportados-chegarem-algemados\\\/\"]}]},{\"@type\":\"ImageObject\",\"inLanguage\":\"en-US\",\"@id\":\"https:\\\/\\\/latamreports.com\\\/br\\\/brasil-exige-explicacoes-dos-eua-apos-deportados-chegarem-algemados\\\/#primaryimage\",\"url\":\"https:\\\/\\\/latamreports.com\\\/br\\\/wp-content\\\/uploads\\\/Design-sem-nome-2025-01-27T170823.676.png\",\"contentUrl\":\"https:\\\/\\\/latamreports.com\\\/br\\\/wp-content\\\/uploads\\\/Design-sem-nome-2025-01-27T170823.676.png\",\"width\":1200,\"height\":630,\"caption\":\"Brasil exige explica\u00e7\u00f5es dos EUA ap\u00f3s deportados chegarem algemados\"},{\"@type\":\"BreadcrumbList\",\"@id\":\"https:\\\/\\\/latamreports.com\\\/br\\\/brasil-exige-explicacoes-dos-eua-apos-deportados-chegarem-algemados\\\/#breadcrumb\",\"itemListElement\":[{\"@type\":\"ListItem\",\"position\":1,\"name\":\"Home\",\"item\":\"https:\\\/\\\/latamreports.com\\\/br\\\/\"},{\"@type\":\"ListItem\",\"position\":2,\"name\":\"Brasil exige explica\u00e7\u00f5es dos EUA ap\u00f3s deportados chegarem algemados\"}]},{\"@type\":\"WebSite\",\"@id\":\"https:\\\/\\\/latamreports.com\\\/br\\\/#website\",\"url\":\"https:\\\/\\\/latamreports.com\\\/br\\\/\",\"name\":\"LatAm Reports\",\"description\":\"Not\u00edcias e opini\u00f5es de todas as Am\u00e9ricas\",\"publisher\":{\"@id\":\"https:\\\/\\\/latamreports.com\\\/br\\\/#organization\"},\"potentialAction\":[{\"@type\":\"SearchAction\",\"target\":{\"@type\":\"EntryPoint\",\"urlTemplate\":\"https:\\\/\\\/latamreports.com\\\/br\\\/?s={search_term_string}\"},\"query-input\":{\"@type\":\"PropertyValueSpecification\",\"valueRequired\":true,\"valueName\":\"search_term_string\"}}],\"inLanguage\":\"en-US\"},{\"@type\":\"Organization\",\"@id\":\"https:\\\/\\\/latamreports.com\\\/br\\\/#organization\",\"name\":\"LatAm Reports\",\"url\":\"https:\\\/\\\/latamreports.com\\\/br\\\/\",\"logo\":{\"@type\":\"ImageObject\",\"inLanguage\":\"en-US\",\"@id\":\"https:\\\/\\\/latamreports.com\\\/br\\\/#\\\/schema\\\/logo\\\/image\\\/\",\"url\":\"https:\\\/\\\/latamreports.com\\\/br\\\/wp-content\\\/uploads\\\/cropped-PNG2.png\",\"contentUrl\":\"https:\\\/\\\/latamreports.com\\\/br\\\/wp-content\\\/uploads\\\/cropped-PNG2.png\",\"width\":2522,\"height\":1014,\"caption\":\"LatAm Reports\"},\"image\":{\"@id\":\"https:\\\/\\\/latamreports.com\\\/br\\\/#\\\/schema\\\/logo\\\/image\\\/\"},\"sameAs\":[\"https:\\\/\\\/facebook.com\\\/latamreports\",\"https:\\\/\\\/x.com\\\/latamreports\"]},{\"@type\":\"Person\",\"@id\":\"https:\\\/\\\/latamreports.com\\\/br\\\/#\\\/schema\\\/person\\\/a561f2de7e5ccabfab38d239b39fdb70\",\"name\":\"LatAm Reports Redatores da Equipe\",\"image\":{\"@type\":\"ImageObject\",\"inLanguage\":\"en-US\",\"@id\":\"https:\\\/\\\/secure.gravatar.com\\\/avatar\\\/dcdcc93cc5edddd2f3ef77245866172c7d7241a11ad58e1959aa824f2fae81f6?s=96&d=mm&r=g\",\"url\":\"https:\\\/\\\/secure.gravatar.com\\\/avatar\\\/dcdcc93cc5edddd2f3ef77245866172c7d7241a11ad58e1959aa824f2fae81f6?s=96&d=mm&r=g\",\"contentUrl\":\"https:\\\/\\\/secure.gravatar.com\\\/avatar\\\/dcdcc93cc5edddd2f3ef77245866172c7d7241a11ad58e1959aa824f2fae81f6?s=96&d=mm&r=g\",\"caption\":\"LatAm Reports Redatores da Equipe\"}}]}<\/script>\n<!-- \/ Yoast SEO plugin. -->","yoast_head_json":{"title":"Brasil exige explica\u00e7\u00f5es dos EUA","description":"O governo brasileiro manifestou forte indigna\u00e7\u00e3o neste s\u00e1bado ap\u00f3s a chegada de um voo dos EUA trazendo dezenas de brasileiros","robots":{"index":"index","follow":"follow","max-snippet":"max-snippet:-1","max-image-preview":"max-image-preview:large","max-video-preview":"max-video-preview:-1"},"canonical":"https:\/\/latamreports.com\/br\/brasil-exige-explicacoes-dos-eua-apos-deportados-chegarem-algemados\/","og_locale":"en_US","og_type":"article","og_title":"Brasil exige explica\u00e7\u00f5es dos EUA","og_description":"O governo brasileiro manifestou forte indigna\u00e7\u00e3o neste s\u00e1bado ap\u00f3s a chegada de um voo dos EUA trazendo dezenas de brasileiros","og_url":"https:\/\/latamreports.com\/br\/brasil-exige-explicacoes-dos-eua-apos-deportados-chegarem-algemados\/","og_site_name":"LatAm Reports","article_publisher":"https:\/\/facebook.com\/latamreports","article_published_time":"2025-01-27T21:19:38+00:00","article_modified_time":"2025-01-27T21:19:40+00:00","og_image":[{"width":1200,"height":630,"url":"https:\/\/latamreports.com\/br\/wp-content\/uploads\/Design-sem-nome-2025-01-27T170823.676.png","type":"image\/png"}],"author":"LatAm Reports Redatores da Equipe","twitter_card":"summary_large_image","twitter_creator":"@latamreports","twitter_site":"@latamreports","twitter_misc":{"Written by":"LatAm Reports Redatores da Equipe","Est. reading time":"2 minutes"},"schema":{"@context":"https:\/\/schema.org","@graph":[{"@type":"Article","@id":"https:\/\/latamreports.com\/br\/brasil-exige-explicacoes-dos-eua-apos-deportados-chegarem-algemados\/#article","isPartOf":{"@id":"https:\/\/latamreports.com\/br\/brasil-exige-explicacoes-dos-eua-apos-deportados-chegarem-algemados\/"},"author":{"name":"LatAm Reports Redatores da Equipe","@id":"https:\/\/latamreports.com\/br\/#\/schema\/person\/a561f2de7e5ccabfab38d239b39fdb70"},"headline":"Brasil exige explica\u00e7\u00f5es dos EUA ap\u00f3s deportados chegarem algemados","datePublished":"2025-01-27T21:19:38+00:00","dateModified":"2025-01-27T21:19:40+00:00","mainEntityOfPage":{"@id":"https:\/\/latamreports.com\/br\/brasil-exige-explicacoes-dos-eua-apos-deportados-chegarem-algemados\/"},"wordCount":355,"publisher":{"@id":"https:\/\/latamreports.com\/br\/#organization"},"image":{"@id":"https:\/\/latamreports.com\/br\/brasil-exige-explicacoes-dos-eua-apos-deportados-chegarem-algemados\/#primaryimage"},"thumbnailUrl":"https:\/\/latamreports.com\/br\/wp-content\/uploads\/Design-sem-nome-2025-01-27T170823.676.png","keywords":["Brasil"],"articleSection":["Pol\u00edtica"],"inLanguage":"en-US"},{"@type":"WebPage","@id":"https:\/\/latamreports.com\/br\/brasil-exige-explicacoes-dos-eua-apos-deportados-chegarem-algemados\/","url":"https:\/\/latamreports.com\/br\/brasil-exige-explicacoes-dos-eua-apos-deportados-chegarem-algemados\/","name":"Brasil exige explica\u00e7\u00f5es dos EUA","isPartOf":{"@id":"https:\/\/latamreports.com\/br\/#website"},"primaryImageOfPage":{"@id":"https:\/\/latamreports.com\/br\/brasil-exige-explicacoes-dos-eua-apos-deportados-chegarem-algemados\/#primaryimage"},"image":{"@id":"https:\/\/latamreports.com\/br\/brasil-exige-explicacoes-dos-eua-apos-deportados-chegarem-algemados\/#primaryimage"},"thumbnailUrl":"https:\/\/latamreports.com\/br\/wp-content\/uploads\/Design-sem-nome-2025-01-27T170823.676.png","datePublished":"2025-01-27T21:19:38+00:00","dateModified":"2025-01-27T21:19:40+00:00","description":"O governo brasileiro manifestou forte indigna\u00e7\u00e3o neste s\u00e1bado ap\u00f3s a chegada de um voo dos EUA trazendo dezenas de brasileiros","breadcrumb":{"@id":"https:\/\/latamreports.com\/br\/brasil-exige-explicacoes-dos-eua-apos-deportados-chegarem-algemados\/#breadcrumb"},"inLanguage":"en-US","potentialAction":[{"@type":"ReadAction","target":["https:\/\/latamreports.com\/br\/brasil-exige-explicacoes-dos-eua-apos-deportados-chegarem-algemados\/"]}]},{"@type":"ImageObject","inLanguage":"en-US","@id":"https:\/\/latamreports.com\/br\/brasil-exige-explicacoes-dos-eua-apos-deportados-chegarem-algemados\/#primaryimage","url":"https:\/\/latamreports.com\/br\/wp-content\/uploads\/Design-sem-nome-2025-01-27T170823.676.png","contentUrl":"https:\/\/latamreports.com\/br\/wp-content\/uploads\/Design-sem-nome-2025-01-27T170823.676.png","width":1200,"height":630,"caption":"Brasil exige explica\u00e7\u00f5es dos EUA ap\u00f3s deportados chegarem algemados"},{"@type":"BreadcrumbList","@id":"https:\/\/latamreports.com\/br\/brasil-exige-explicacoes-dos-eua-apos-deportados-chegarem-algemados\/#breadcrumb","itemListElement":[{"@type":"ListItem","position":1,"name":"Home","item":"https:\/\/latamreports.com\/br\/"},{"@type":"ListItem","position":2,"name":"Brasil exige explica\u00e7\u00f5es dos EUA ap\u00f3s deportados chegarem algemados"}]},{"@type":"WebSite","@id":"https:\/\/latamreports.com\/br\/#website","url":"https:\/\/latamreports.com\/br\/","name":"LatAm Reports","description":"Not\u00edcias e opini\u00f5es de todas as Am\u00e9ricas","publisher":{"@id":"https:\/\/latamreports.com\/br\/#organization"},"potentialAction":[{"@type":"SearchAction","target":{"@type":"EntryPoint","urlTemplate":"https:\/\/latamreports.com\/br\/?s={search_term_string}"},"query-input":{"@type":"PropertyValueSpecification","valueRequired":true,"valueName":"search_term_string"}}],"inLanguage":"en-US"},{"@type":"Organization","@id":"https:\/\/latamreports.com\/br\/#organization","name":"LatAm Reports","url":"https:\/\/latamreports.com\/br\/","logo":{"@type":"ImageObject","inLanguage":"en-US","@id":"https:\/\/latamreports.com\/br\/#\/schema\/logo\/image\/","url":"https:\/\/latamreports.com\/br\/wp-content\/uploads\/cropped-PNG2.png","contentUrl":"https:\/\/latamreports.com\/br\/wp-content\/uploads\/cropped-PNG2.png","width":2522,"height":1014,"caption":"LatAm Reports"},"image":{"@id":"https:\/\/latamreports.com\/br\/#\/schema\/logo\/image\/"},"sameAs":["https:\/\/facebook.com\/latamreports","https:\/\/x.com\/latamreports"]},{"@type":"Person","@id":"https:\/\/latamreports.com\/br\/#\/schema\/person\/a561f2de7e5ccabfab38d239b39fdb70","name":"LatAm Reports Redatores da Equipe","image":{"@type":"ImageObject","inLanguage":"en-US","@id":"https:\/\/secure.gravatar.com\/avatar\/dcdcc93cc5edddd2f3ef77245866172c7d7241a11ad58e1959aa824f2fae81f6?s=96&d=mm&r=g","url":"https:\/\/secure.gravatar.com\/avatar\/dcdcc93cc5edddd2f3ef77245866172c7d7241a11ad58e1959aa824f2fae81f6?s=96&d=mm&r=g","contentUrl":"https:\/\/secure.gravatar.com\/avatar\/dcdcc93cc5edddd2f3ef77245866172c7d7241a11ad58e1959aa824f2fae81f6?s=96&d=mm&r=g","caption":"LatAm Reports Redatores da Equipe"}}]}},"jetpack_publicize_connections":[],"_links":{"self":[{"href":"https:\/\/latamreports.com\/br\/wp-json\/wp\/v2\/posts\/10285","targetHints":{"allow":["GET"]}}],"collection":[{"href":"https:\/\/latamreports.com\/br\/wp-json\/wp\/v2\/posts"}],"about":[{"href":"https:\/\/latamreports.com\/br\/wp-json\/wp\/v2\/types\/post"}],"author":[{"embeddable":true,"href":"https:\/\/latamreports.com\/br\/wp-json\/wp\/v2\/users\/7"}],"replies":[{"embeddable":true,"href":"https:\/\/latamreports.com\/br\/wp-json\/wp\/v2\/comments?post=10285"}],"version-history":[{"count":2,"href":"https:\/\/latamreports.com\/br\/wp-json\/wp\/v2\/posts\/10285\/revisions"}],"predecessor-version":[{"id":10288,"href":"https:\/\/latamreports.com\/br\/wp-json\/wp\/v2\/posts\/10285\/revisions\/10288"}],"wp:featuredmedia":[{"embeddable":true,"href":"https:\/\/latamreports.com\/br\/wp-json\/wp\/v2\/media\/10286"}],"wp:attachment":[{"href":"https:\/\/latamreports.com\/br\/wp-json\/wp\/v2\/media?parent=10285"}],"wp:term":[{"taxonomy":"category","embeddable":true,"href":"https:\/\/latamreports.com\/br\/wp-json\/wp\/v2\/categories?post=10285"},{"taxonomy":"post_tag","embeddable":true,"href":"https:\/\/latamreports.com\/br\/wp-json\/wp\/v2\/tags?post=10285"}],"curies":[{"name":"wp","href":"https:\/\/api.w.org\/{rel}","templated":true}]}}