{"id":10273,"date":"2025-01-27T18:20:31","date_gmt":"2025-01-27T18:20:31","guid":{"rendered":"https:\/\/latamreports.com\/br\/?p=10273"},"modified":"2025-01-27T18:20:34","modified_gmt":"2025-01-27T18:20:34","slug":"brasil-condena-uso-de-algemas-em-deportados-em-voo-dos-eua","status":"publish","type":"post","link":"https:\/\/latamreports.com\/br\/brasil-condena-uso-de-algemas-em-deportados-em-voo-dos-eua\/","title":{"rendered":"Brasil condena uso de algemas em deportados em voo dos EUA"},"content":{"rendered":"\n<p>Autoridades brasileiras exigiram que agentes dos Estados Unidos removessem as algemas de um grupo de deportados que chegaram ao Brasil na sexta-feira (25). O ministro da Justi\u00e7a, Ricardo Lewandowski, classificou a pr\u00e1tica como um \u201cdesrespeito<a href=\"https:\/\/latamreports.com\/br\/empresario-e-preso-em-flagrante-por-abuso-de-menor-durante-voo-de-miami-ao-rio\/\"> flagrante<\/a>\u201d aos direitos dos cidad\u00e3os brasileiros.<\/p>\n\n\n\n<p>A Pol\u00edcia Federal, seguindo as instru\u00e7\u00f5es do Minist\u00e9rio da Justi\u00e7a, encontrou a aeronave ap\u00f3s um pouso n\u00e3o programado na cidade amaz\u00f4nica de Manaus, causado por problemas t\u00e9cnicos. Segundo um comunicado do governo brasileiro divulgado no s\u00e1bado (26), o avi\u00e3o transportava 88 passageiros brasileiros, 16 agentes de seguran\u00e7a dos EUA e oito tripulantes. O voo deveria originalmente chegar a Belo Horizonte, em Minas Gerais.<\/p>\n\n\n\n<p>As algemas foram retiradas ap\u00f3s a interven\u00e7\u00e3o da Pol\u00edcia Federal. Ap\u00f3s ser informado sobre o caso, o presidente Luiz In\u00e1cio Lula da Silva ordenou que os passageiros fossem levados ao destino final em uma aeronave da For\u00e7a A\u00e9rea Brasileira, garantindo que completassem a viagem com \u201cdignidade e seguran\u00e7a\u201d, conforme informou o Minist\u00e9rio da Justi\u00e7a.<\/p>\n\n\n\n<h3 class=\"wp-block-heading\"><strong>Pol\u00eamica em torno das deporta\u00e7\u00f5es<\/strong><\/h3>\n\n\n\n<p>O voo foi o segundo do ano a transportar imigrantes deportados dos EUA para o Brasil e o primeiro desde a posse do presidente Donald Trump na segunda-feira (20), segundo informa\u00e7\u00f5es do Minist\u00e9rio da Justi\u00e7a e da Pol\u00edcia Federal.<\/p>\n\n\n\n<p>A administra\u00e7\u00e3o Trump tem endurecido as pol\u00edticas imigrat\u00f3rias, com o presidente republicano prometendo intensificar as deporta\u00e7\u00f5es em massa de imigrantes indocumentados nos Estados Unidos.<\/p>\n\n\n\n<p>O uso de algemas e outros m\u00e9todos de conten\u00e7\u00e3o em voos de deporta\u00e7\u00e3o tem gerado controv\u00e9rsia no Brasil. O ex-presidente Jair Bolsonaro, aliado de Trump, tamb\u00e9m se posicionou contra a pr\u00e1tica, destacando que medidas mais humanizadas deveriam ser adotadas no transporte de deportados.<\/p>\n\n\n\n<p>Al\u00e9m da quest\u00e3o humanit\u00e1ria, o epis\u00f3dio levanta preocupa\u00e7\u00f5es sobre o impacto das pol\u00edticas migrat\u00f3rias dos EUA na Am\u00e9rica Latina. O Brasil tem recebido um n\u00famero crescente de imigrantes deportados nos \u00faltimos anos, o que exige maior coopera\u00e7\u00e3o entre os <a href=\"https:\/\/latamreports.com\/br\/megaoperacao-no-alemao-e-na-penha-tem-confronto-entre-forcas-de-seguranca-e-criminosos\/\">governos<\/a> para garantir que os direitos dos cidad\u00e3os sejam respeitados.<\/p>\n\n\n\n<p>At\u00e9 o momento, o Departamento de Seguran\u00e7a Interna dos EUA e o Servi\u00e7o de Imigra\u00e7\u00e3o e Controle de Alf\u00e2ndega dos Estados Unidos (ICE) n\u00e3o responderam aos pedidos de coment\u00e1rio sobre o incidente.<\/p>\n","protected":false},"excerpt":{"rendered":"<p>Autoridades brasileiras exigiram que agentes dos Estados Unidos removessem as algemas de um grupo de deportados que chegaram ao Brasil na sexta-feira (25). O ministro &#8230; <a title=\"Brasil condena uso de algemas em deportados em voo dos EUA\" class=\"read-more\" href=\"https:\/\/latamreports.com\/br\/brasil-condena-uso-de-algemas-em-deportados-em-voo-dos-eua\/\" aria-label=\"Read more about Brasil condena uso de algemas em deportados em voo dos EUA\">Read more<\/a><\/p>\n","protected":false},"author":7,"featured_media":10274,"comment_status":"closed","ping_status":"closed","sticky":false,"template":"","format":"standard","meta":{"footnotes":"","jetpack_publicize_message":"","jetpack_publicize_feature_enabled":true,"jetpack_social_post_already_shared":true,"jetpack_social_options":{"image_generator_settings":{"template":"highway","default_image_id":0,"font":"","enabled":false},"version":2}},"categories":[13],"tags":[31],"class_list":["post-10273","post","type-post","status-publish","format-standard","has-post-thumbnail","hentry","category-politica","tag-brasil","resize-featured-image"],"yoast_head":"<!-- This site is optimized with the Yoast SEO plugin v27.4 - https:\/\/yoast.com\/product\/yoast-seo-wordpress\/ -->\n<title>Brasil condena uso de algemas em deportados em voo dos EUA<\/title>\n<meta name=\"description\" content=\"Autoridades brasileiras exigiram que agentes dos Estados Unidos removessem as algemas de um grupo de deportados que chegaram ao Brasil...\" \/>\n<meta name=\"robots\" content=\"index, follow, max-snippet:-1, max-image-preview:large, max-video-preview:-1\" \/>\n<link rel=\"canonical\" href=\"https:\/\/latamreports.com\/br\/brasil-condena-uso-de-algemas-em-deportados-em-voo-dos-eua\/\" \/>\n<meta property=\"og:locale\" content=\"en_US\" \/>\n<meta property=\"og:type\" content=\"article\" \/>\n<meta property=\"og:title\" content=\"Brasil condena uso de algemas em deportados em voo dos EUA\" \/>\n<meta property=\"og:description\" content=\"Autoridades brasileiras exigiram que agentes dos Estados Unidos removessem as algemas de um grupo de deportados que chegaram ao Brasil...\" \/>\n<meta property=\"og:url\" content=\"https:\/\/latamreports.com\/br\/brasil-condena-uso-de-algemas-em-deportados-em-voo-dos-eua\/\" \/>\n<meta property=\"og:site_name\" content=\"LatAm Reports\" \/>\n<meta property=\"article:publisher\" content=\"https:\/\/facebook.com\/latamreports\" \/>\n<meta property=\"article:published_time\" content=\"2025-01-27T18:20:31+00:00\" \/>\n<meta property=\"article:modified_time\" content=\"2025-01-27T18:20:34+00:00\" \/>\n<meta property=\"og:image\" content=\"https:\/\/latamreports.com\/br\/wp-content\/uploads\/Design-sem-nome-2025-01-27T124704.765.png\" \/>\n\t<meta property=\"og:image:width\" content=\"1200\" \/>\n\t<meta property=\"og:image:height\" content=\"630\" \/>\n\t<meta property=\"og:image:type\" content=\"image\/png\" \/>\n<meta name=\"author\" content=\"LatAm Reports Redatores da Equipe\" \/>\n<meta name=\"twitter:card\" content=\"summary_large_image\" \/>\n<meta name=\"twitter:creator\" content=\"@latamreports\" \/>\n<meta name=\"twitter:site\" content=\"@latamreports\" \/>\n<meta name=\"twitter:label1\" content=\"Written by\" \/>\n\t<meta name=\"twitter:data1\" content=\"LatAm Reports Redatores da Equipe\" \/>\n\t<meta name=\"twitter:label2\" content=\"Est. reading time\" \/>\n\t<meta name=\"twitter:data2\" content=\"2 minutes\" \/>\n<script type=\"application\/ld+json\" class=\"yoast-schema-graph\">{\"@context\":\"https:\\\/\\\/schema.org\",\"@graph\":[{\"@type\":\"Article\",\"@id\":\"https:\\\/\\\/latamreports.com\\\/br\\\/brasil-condena-uso-de-algemas-em-deportados-em-voo-dos-eua\\\/#article\",\"isPartOf\":{\"@id\":\"https:\\\/\\\/latamreports.com\\\/br\\\/brasil-condena-uso-de-algemas-em-deportados-em-voo-dos-eua\\\/\"},\"author\":{\"name\":\"LatAm Reports Redatores da Equipe\",\"@id\":\"https:\\\/\\\/latamreports.com\\\/br\\\/#\\\/schema\\\/person\\\/a561f2de7e5ccabfab38d239b39fdb70\"},\"headline\":\"Brasil condena uso de algemas em deportados em voo dos EUA\",\"datePublished\":\"2025-01-27T18:20:31+00:00\",\"dateModified\":\"2025-01-27T18:20:34+00:00\",\"mainEntityOfPage\":{\"@id\":\"https:\\\/\\\/latamreports.com\\\/br\\\/brasil-condena-uso-de-algemas-em-deportados-em-voo-dos-eua\\\/\"},\"wordCount\":413,\"publisher\":{\"@id\":\"https:\\\/\\\/latamreports.com\\\/br\\\/#organization\"},\"image\":{\"@id\":\"https:\\\/\\\/latamreports.com\\\/br\\\/brasil-condena-uso-de-algemas-em-deportados-em-voo-dos-eua\\\/#primaryimage\"},\"thumbnailUrl\":\"https:\\\/\\\/latamreports.com\\\/br\\\/wp-content\\\/uploads\\\/Design-sem-nome-2025-01-27T124704.765.png\",\"keywords\":[\"Brasil\"],\"articleSection\":[\"Pol\u00edtica\"],\"inLanguage\":\"en-US\"},{\"@type\":\"WebPage\",\"@id\":\"https:\\\/\\\/latamreports.com\\\/br\\\/brasil-condena-uso-de-algemas-em-deportados-em-voo-dos-eua\\\/\",\"url\":\"https:\\\/\\\/latamreports.com\\\/br\\\/brasil-condena-uso-de-algemas-em-deportados-em-voo-dos-eua\\\/\",\"name\":\"Brasil condena uso de algemas em deportados em voo dos EUA\",\"isPartOf\":{\"@id\":\"https:\\\/\\\/latamreports.com\\\/br\\\/#website\"},\"primaryImageOfPage\":{\"@id\":\"https:\\\/\\\/latamreports.com\\\/br\\\/brasil-condena-uso-de-algemas-em-deportados-em-voo-dos-eua\\\/#primaryimage\"},\"image\":{\"@id\":\"https:\\\/\\\/latamreports.com\\\/br\\\/brasil-condena-uso-de-algemas-em-deportados-em-voo-dos-eua\\\/#primaryimage\"},\"thumbnailUrl\":\"https:\\\/\\\/latamreports.com\\\/br\\\/wp-content\\\/uploads\\\/Design-sem-nome-2025-01-27T124704.765.png\",\"datePublished\":\"2025-01-27T18:20:31+00:00\",\"dateModified\":\"2025-01-27T18:20:34+00:00\",\"description\":\"Autoridades brasileiras exigiram que agentes dos Estados Unidos removessem as algemas de um grupo de deportados que chegaram ao Brasil...\",\"breadcrumb\":{\"@id\":\"https:\\\/\\\/latamreports.com\\\/br\\\/brasil-condena-uso-de-algemas-em-deportados-em-voo-dos-eua\\\/#breadcrumb\"},\"inLanguage\":\"en-US\",\"potentialAction\":[{\"@type\":\"ReadAction\",\"target\":[\"https:\\\/\\\/latamreports.com\\\/br\\\/brasil-condena-uso-de-algemas-em-deportados-em-voo-dos-eua\\\/\"]}]},{\"@type\":\"ImageObject\",\"inLanguage\":\"en-US\",\"@id\":\"https:\\\/\\\/latamreports.com\\\/br\\\/brasil-condena-uso-de-algemas-em-deportados-em-voo-dos-eua\\\/#primaryimage\",\"url\":\"https:\\\/\\\/latamreports.com\\\/br\\\/wp-content\\\/uploads\\\/Design-sem-nome-2025-01-27T124704.765.png\",\"contentUrl\":\"https:\\\/\\\/latamreports.com\\\/br\\\/wp-content\\\/uploads\\\/Design-sem-nome-2025-01-27T124704.765.png\",\"width\":1200,\"height\":630,\"caption\":\"Brasil condena uso de algemas em deportados em voo dos EUA\"},{\"@type\":\"BreadcrumbList\",\"@id\":\"https:\\\/\\\/latamreports.com\\\/br\\\/brasil-condena-uso-de-algemas-em-deportados-em-voo-dos-eua\\\/#breadcrumb\",\"itemListElement\":[{\"@type\":\"ListItem\",\"position\":1,\"name\":\"Home\",\"item\":\"https:\\\/\\\/latamreports.com\\\/br\\\/\"},{\"@type\":\"ListItem\",\"position\":2,\"name\":\"Brasil condena uso de algemas em deportados em voo dos EUA\"}]},{\"@type\":\"WebSite\",\"@id\":\"https:\\\/\\\/latamreports.com\\\/br\\\/#website\",\"url\":\"https:\\\/\\\/latamreports.com\\\/br\\\/\",\"name\":\"LatAm Reports\",\"description\":\"Not\u00edcias e opini\u00f5es de todas as Am\u00e9ricas\",\"publisher\":{\"@id\":\"https:\\\/\\\/latamreports.com\\\/br\\\/#organization\"},\"potentialAction\":[{\"@type\":\"SearchAction\",\"target\":{\"@type\":\"EntryPoint\",\"urlTemplate\":\"https:\\\/\\\/latamreports.com\\\/br\\\/?s={search_term_string}\"},\"query-input\":{\"@type\":\"PropertyValueSpecification\",\"valueRequired\":true,\"valueName\":\"search_term_string\"}}],\"inLanguage\":\"en-US\"},{\"@type\":\"Organization\",\"@id\":\"https:\\\/\\\/latamreports.com\\\/br\\\/#organization\",\"name\":\"LatAm Reports\",\"url\":\"https:\\\/\\\/latamreports.com\\\/br\\\/\",\"logo\":{\"@type\":\"ImageObject\",\"inLanguage\":\"en-US\",\"@id\":\"https:\\\/\\\/latamreports.com\\\/br\\\/#\\\/schema\\\/logo\\\/image\\\/\",\"url\":\"https:\\\/\\\/latamreports.com\\\/br\\\/wp-content\\\/uploads\\\/cropped-PNG2.png\",\"contentUrl\":\"https:\\\/\\\/latamreports.com\\\/br\\\/wp-content\\\/uploads\\\/cropped-PNG2.png\",\"width\":2522,\"height\":1014,\"caption\":\"LatAm Reports\"},\"image\":{\"@id\":\"https:\\\/\\\/latamreports.com\\\/br\\\/#\\\/schema\\\/logo\\\/image\\\/\"},\"sameAs\":[\"https:\\\/\\\/facebook.com\\\/latamreports\",\"https:\\\/\\\/x.com\\\/latamreports\"]},{\"@type\":\"Person\",\"@id\":\"https:\\\/\\\/latamreports.com\\\/br\\\/#\\\/schema\\\/person\\\/a561f2de7e5ccabfab38d239b39fdb70\",\"name\":\"LatAm Reports Redatores da Equipe\",\"image\":{\"@type\":\"ImageObject\",\"inLanguage\":\"en-US\",\"@id\":\"https:\\\/\\\/secure.gravatar.com\\\/avatar\\\/dcdcc93cc5edddd2f3ef77245866172c7d7241a11ad58e1959aa824f2fae81f6?s=96&d=mm&r=g\",\"url\":\"https:\\\/\\\/secure.gravatar.com\\\/avatar\\\/dcdcc93cc5edddd2f3ef77245866172c7d7241a11ad58e1959aa824f2fae81f6?s=96&d=mm&r=g\",\"contentUrl\":\"https:\\\/\\\/secure.gravatar.com\\\/avatar\\\/dcdcc93cc5edddd2f3ef77245866172c7d7241a11ad58e1959aa824f2fae81f6?s=96&d=mm&r=g\",\"caption\":\"LatAm Reports Redatores da Equipe\"}}]}<\/script>\n<!-- \/ Yoast SEO plugin. -->","yoast_head_json":{"title":"Brasil condena uso de algemas em deportados em voo dos EUA","description":"Autoridades brasileiras exigiram que agentes dos Estados Unidos removessem as algemas de um grupo de deportados que chegaram ao Brasil...","robots":{"index":"index","follow":"follow","max-snippet":"max-snippet:-1","max-image-preview":"max-image-preview:large","max-video-preview":"max-video-preview:-1"},"canonical":"https:\/\/latamreports.com\/br\/brasil-condena-uso-de-algemas-em-deportados-em-voo-dos-eua\/","og_locale":"en_US","og_type":"article","og_title":"Brasil condena uso de algemas em deportados em voo dos EUA","og_description":"Autoridades brasileiras exigiram que agentes dos Estados Unidos removessem as algemas de um grupo de deportados que chegaram ao Brasil...","og_url":"https:\/\/latamreports.com\/br\/brasil-condena-uso-de-algemas-em-deportados-em-voo-dos-eua\/","og_site_name":"LatAm Reports","article_publisher":"https:\/\/facebook.com\/latamreports","article_published_time":"2025-01-27T18:20:31+00:00","article_modified_time":"2025-01-27T18:20:34+00:00","og_image":[{"width":1200,"height":630,"url":"https:\/\/latamreports.com\/br\/wp-content\/uploads\/Design-sem-nome-2025-01-27T124704.765.png","type":"image\/png"}],"author":"LatAm Reports Redatores da Equipe","twitter_card":"summary_large_image","twitter_creator":"@latamreports","twitter_site":"@latamreports","twitter_misc":{"Written by":"LatAm Reports Redatores da Equipe","Est. reading time":"2 minutes"},"schema":{"@context":"https:\/\/schema.org","@graph":[{"@type":"Article","@id":"https:\/\/latamreports.com\/br\/brasil-condena-uso-de-algemas-em-deportados-em-voo-dos-eua\/#article","isPartOf":{"@id":"https:\/\/latamreports.com\/br\/brasil-condena-uso-de-algemas-em-deportados-em-voo-dos-eua\/"},"author":{"name":"LatAm Reports Redatores da Equipe","@id":"https:\/\/latamreports.com\/br\/#\/schema\/person\/a561f2de7e5ccabfab38d239b39fdb70"},"headline":"Brasil condena uso de algemas em deportados em voo dos EUA","datePublished":"2025-01-27T18:20:31+00:00","dateModified":"2025-01-27T18:20:34+00:00","mainEntityOfPage":{"@id":"https:\/\/latamreports.com\/br\/brasil-condena-uso-de-algemas-em-deportados-em-voo-dos-eua\/"},"wordCount":413,"publisher":{"@id":"https:\/\/latamreports.com\/br\/#organization"},"image":{"@id":"https:\/\/latamreports.com\/br\/brasil-condena-uso-de-algemas-em-deportados-em-voo-dos-eua\/#primaryimage"},"thumbnailUrl":"https:\/\/latamreports.com\/br\/wp-content\/uploads\/Design-sem-nome-2025-01-27T124704.765.png","keywords":["Brasil"],"articleSection":["Pol\u00edtica"],"inLanguage":"en-US"},{"@type":"WebPage","@id":"https:\/\/latamreports.com\/br\/brasil-condena-uso-de-algemas-em-deportados-em-voo-dos-eua\/","url":"https:\/\/latamreports.com\/br\/brasil-condena-uso-de-algemas-em-deportados-em-voo-dos-eua\/","name":"Brasil condena uso de algemas em deportados em voo dos EUA","isPartOf":{"@id":"https:\/\/latamreports.com\/br\/#website"},"primaryImageOfPage":{"@id":"https:\/\/latamreports.com\/br\/brasil-condena-uso-de-algemas-em-deportados-em-voo-dos-eua\/#primaryimage"},"image":{"@id":"https:\/\/latamreports.com\/br\/brasil-condena-uso-de-algemas-em-deportados-em-voo-dos-eua\/#primaryimage"},"thumbnailUrl":"https:\/\/latamreports.com\/br\/wp-content\/uploads\/Design-sem-nome-2025-01-27T124704.765.png","datePublished":"2025-01-27T18:20:31+00:00","dateModified":"2025-01-27T18:20:34+00:00","description":"Autoridades brasileiras exigiram que agentes dos Estados Unidos removessem as algemas de um grupo de deportados que chegaram ao Brasil...","breadcrumb":{"@id":"https:\/\/latamreports.com\/br\/brasil-condena-uso-de-algemas-em-deportados-em-voo-dos-eua\/#breadcrumb"},"inLanguage":"en-US","potentialAction":[{"@type":"ReadAction","target":["https:\/\/latamreports.com\/br\/brasil-condena-uso-de-algemas-em-deportados-em-voo-dos-eua\/"]}]},{"@type":"ImageObject","inLanguage":"en-US","@id":"https:\/\/latamreports.com\/br\/brasil-condena-uso-de-algemas-em-deportados-em-voo-dos-eua\/#primaryimage","url":"https:\/\/latamreports.com\/br\/wp-content\/uploads\/Design-sem-nome-2025-01-27T124704.765.png","contentUrl":"https:\/\/latamreports.com\/br\/wp-content\/uploads\/Design-sem-nome-2025-01-27T124704.765.png","width":1200,"height":630,"caption":"Brasil condena uso de algemas em deportados em voo dos EUA"},{"@type":"BreadcrumbList","@id":"https:\/\/latamreports.com\/br\/brasil-condena-uso-de-algemas-em-deportados-em-voo-dos-eua\/#breadcrumb","itemListElement":[{"@type":"ListItem","position":1,"name":"Home","item":"https:\/\/latamreports.com\/br\/"},{"@type":"ListItem","position":2,"name":"Brasil condena uso de algemas em deportados em voo dos EUA"}]},{"@type":"WebSite","@id":"https:\/\/latamreports.com\/br\/#website","url":"https:\/\/latamreports.com\/br\/","name":"LatAm Reports","description":"Not\u00edcias e opini\u00f5es de todas as Am\u00e9ricas","publisher":{"@id":"https:\/\/latamreports.com\/br\/#organization"},"potentialAction":[{"@type":"SearchAction","target":{"@type":"EntryPoint","urlTemplate":"https:\/\/latamreports.com\/br\/?s={search_term_string}"},"query-input":{"@type":"PropertyValueSpecification","valueRequired":true,"valueName":"search_term_string"}}],"inLanguage":"en-US"},{"@type":"Organization","@id":"https:\/\/latamreports.com\/br\/#organization","name":"LatAm Reports","url":"https:\/\/latamreports.com\/br\/","logo":{"@type":"ImageObject","inLanguage":"en-US","@id":"https:\/\/latamreports.com\/br\/#\/schema\/logo\/image\/","url":"https:\/\/latamreports.com\/br\/wp-content\/uploads\/cropped-PNG2.png","contentUrl":"https:\/\/latamreports.com\/br\/wp-content\/uploads\/cropped-PNG2.png","width":2522,"height":1014,"caption":"LatAm Reports"},"image":{"@id":"https:\/\/latamreports.com\/br\/#\/schema\/logo\/image\/"},"sameAs":["https:\/\/facebook.com\/latamreports","https:\/\/x.com\/latamreports"]},{"@type":"Person","@id":"https:\/\/latamreports.com\/br\/#\/schema\/person\/a561f2de7e5ccabfab38d239b39fdb70","name":"LatAm Reports Redatores da Equipe","image":{"@type":"ImageObject","inLanguage":"en-US","@id":"https:\/\/secure.gravatar.com\/avatar\/dcdcc93cc5edddd2f3ef77245866172c7d7241a11ad58e1959aa824f2fae81f6?s=96&d=mm&r=g","url":"https:\/\/secure.gravatar.com\/avatar\/dcdcc93cc5edddd2f3ef77245866172c7d7241a11ad58e1959aa824f2fae81f6?s=96&d=mm&r=g","contentUrl":"https:\/\/secure.gravatar.com\/avatar\/dcdcc93cc5edddd2f3ef77245866172c7d7241a11ad58e1959aa824f2fae81f6?s=96&d=mm&r=g","caption":"LatAm Reports Redatores da Equipe"}}]}},"jetpack_publicize_connections":[],"_links":{"self":[{"href":"https:\/\/latamreports.com\/br\/wp-json\/wp\/v2\/posts\/10273","targetHints":{"allow":["GET"]}}],"collection":[{"href":"https:\/\/latamreports.com\/br\/wp-json\/wp\/v2\/posts"}],"about":[{"href":"https:\/\/latamreports.com\/br\/wp-json\/wp\/v2\/types\/post"}],"author":[{"embeddable":true,"href":"https:\/\/latamreports.com\/br\/wp-json\/wp\/v2\/users\/7"}],"replies":[{"embeddable":true,"href":"https:\/\/latamreports.com\/br\/wp-json\/wp\/v2\/comments?post=10273"}],"version-history":[{"count":2,"href":"https:\/\/latamreports.com\/br\/wp-json\/wp\/v2\/posts\/10273\/revisions"}],"predecessor-version":[{"id":10276,"href":"https:\/\/latamreports.com\/br\/wp-json\/wp\/v2\/posts\/10273\/revisions\/10276"}],"wp:featuredmedia":[{"embeddable":true,"href":"https:\/\/latamreports.com\/br\/wp-json\/wp\/v2\/media\/10274"}],"wp:attachment":[{"href":"https:\/\/latamreports.com\/br\/wp-json\/wp\/v2\/media?parent=10273"}],"wp:term":[{"taxonomy":"category","embeddable":true,"href":"https:\/\/latamreports.com\/br\/wp-json\/wp\/v2\/categories?post=10273"},{"taxonomy":"post_tag","embeddable":true,"href":"https:\/\/latamreports.com\/br\/wp-json\/wp\/v2\/tags?post=10273"}],"curies":[{"name":"wp","href":"https:\/\/api.w.org\/{rel}","templated":true}]}}