{"id":10207,"date":"2025-01-22T19:39:47","date_gmt":"2025-01-22T19:39:47","guid":{"rendered":"https:\/\/latamreports.com\/br\/?p=10207"},"modified":"2025-01-22T19:39:50","modified_gmt":"2025-01-22T19:39:50","slug":"incendios-no-brasil-consumiram-area-maior-que-a-italia-em-2024-diz-relatorio","status":"publish","type":"post","link":"https:\/\/latamreports.com\/br\/incendios-no-brasil-consumiram-area-maior-que-a-italia-em-2024-diz-relatorio\/","title":{"rendered":"Inc\u00eandios no Brasil consumiram \u00e1rea maior que a It\u00e1lia em 2024, diz relat\u00f3rio"},"content":{"rendered":"\n<p>Ap\u00f3s enfrentar a<a href=\"https:\/\/latamreports.com\/br\/amazonia-sob-ataque-mudancas-climaticas-e-criminosos-impulsionam-incendios-recordes-no-brasil\/\"> pior seca<\/a> de sua hist\u00f3ria em 2024, o Brasil fechou o ano com outro marco alarmante: entre janeiro e dezembro, 30,86 milh\u00f5es de hectares de \u00e1reas naturais foram queimados \u2013 uma extens\u00e3o maior do que a It\u00e1lia.<\/p>\n\n\n\n<p>O n\u00famero, publicado em um novo relat\u00f3rio, representa um aumento de 79% em rela\u00e7\u00e3o a 2023 e \u00e9 o maior j\u00e1 registrado pelo Fire Monitor desde seu lan\u00e7amento, em 2019, pelo MapBiomas, uma iniciativa formada por ONGs, universidades e empresas de tecnologia que monitora os biomas brasileiros.<\/p>\n\n\n\n<p>Os dados podem representar um embara\u00e7o para o Brasil, que se prepara para sediar a <strong>COP30<\/strong> em Bel\u00e9m, capital do estado amaz\u00f4nico do Par\u00e1, em novembro.<\/p>\n\n\n\n<p>Al\u00e9m de ter sido o estado mais afetado pelo fogo, concentrando 24% da \u00e1rea total queimada, a Amaz\u00f4nia foi o bioma brasileiro mais atingido, respondendo por 58% da devasta\u00e7\u00e3o total. A \u00e1rea destru\u00edda pelas chamas na Amaz\u00f4nia em 2024 superou o total queimado em todo o pa\u00eds no ano anterior.<\/p>\n\n\n\n<blockquote class=\"wp-block-quote is-layout-flow wp-block-quote-is-layout-flow\">\n<p>&#8220;Foi um aumento absurdo&#8221;, afirmou Ane Alencar, coordenadora do MapBiomas, acrescentando que, pela primeira vez, as florestas foram mais afetadas do que as \u00e1reas de pastagem e campos naturais.<\/p>\n<\/blockquote>\n\n\n\n<p><em>&#8220;Uma floresta atingida pelo fogo leva anos para se recuperar&#8230; Se houver outra seca e essa floresta n\u00e3o estiver protegida, ela queimar\u00e1 novamente&#8221;,<\/em> alertou.<\/p>\n\n\n\n<h3 class=\"wp-block-heading\">Seca extrema e a\u00e7\u00e3o humana intensificaram os inc\u00eandios<\/h3>\n\n\n\n<p>Os pesquisadores acreditam que a seca severa entre 2023 e 2024 \u2013 a pior j\u00e1 registrada pelo governo desde o in\u00edcio das medi\u00e7\u00f5es em 1950 \u2013 e o fen\u00f4meno clim\u00e1tico El Ni\u00f1o foram fatores decisivos para o aumento dos inc\u00eandios florestais.<\/p>\n\n\n\n<blockquote class=\"wp-block-quote is-layout-flow wp-block-quote-is-layout-flow\">\n<p>&#8220;Mas isso \u00e9 apenas uma parte da equa\u00e7\u00e3o. A outra envolve a a\u00e7\u00e3o humana&#8221;, disse Alencar, apontando principalmente para o setor agr\u00edcola, que frequentemente usa queimadas para limpar pastagens, al\u00e9m do desmatamento, que foi drasticamente reduzido no terceiro mandato do presidente Luiz In\u00e1cio Lula da Silva, mas ainda n\u00e3o foi erradicado.<\/p>\n<\/blockquote>\n\n\n\n<p><em>&#8220;Houve tamb\u00e9m casos em que os inc\u00eandios simplesmente come\u00e7aram no meio da floresta, o que sugere poss\u00edvel atividade criminosa&#8221;,<\/em> acrescentou a pesquisadora.<\/p>\n\n\n\n<p>No auge do fogo, em setembro, havia suspeitas de que as queimadas poderiam ser um ato criminoso em resposta \u00e0s a\u00e7\u00f5es federais contra o desmatamento e a minera\u00e7\u00e3o ilegal.<\/p>\n\n\n\n<p>A Pol\u00edcia Federal abriu 119 investiga\u00e7\u00f5es sobre o ocorridos criminosos em 2024, um aumento significativo em rela\u00e7\u00e3o \u00e0 m\u00e9dia de 70 investiga\u00e7\u00f5es nos anos anteriores. Alencar teme que 2025 possa seguir o mesmo caminho.<\/p>\n\n\n\n<blockquote class=\"wp-block-quote is-layout-flow wp-block-quote-is-layout-flow\">\n<p>&#8220;Precisar\u00edamos de uma temporada de chuvas muito intensa para realmente reabastecer o solo, e isso ainda n\u00e3o aconteceu&#8221;, disse.<\/p>\n<\/blockquote>\n\n\n\n<h3 class=\"wp-block-heading\"><strong>N\u00e3o \u00e9 culpa do governo Lula, dizem especialistas<\/strong><\/h3>\n\n\n\n<p>Apesar dos n\u00fameros alarmantes, Alencar enfatiza que a culpa n\u00e3o pode ser atribu\u00edda ao governo Lula.<\/p>\n\n\n\n<blockquote class=\"wp-block-quote is-layout-flow wp-block-quote-is-layout-flow\">\n<p>&#8220;Se em 2024 tiv\u00e9ssemos visto o mesmo n\u00edvel de desmatamento de 2022 [quando o negacionista clim\u00e1tico Jair Bolsonaro estava no poder], combinado com as condi\u00e7\u00f5es clim\u00e1ticas extremas do ano passado, estar\u00edamos diante do pior cen\u00e1rio poss\u00edvel&#8221;, avaliou.<\/p>\n<\/blockquote>\n\n\n\n<p><em>&#8220;Uma li\u00e7\u00e3o clara disso tudo \u00e9 que a conserva\u00e7\u00e3o das florestas vai muito al\u00e9m do combate ao desmatamento. Tamb\u00e9m precisamos focar no enfrentamento das mudan\u00e7as clim\u00e1ticas&#8221;, <\/em>concluiu<em>.<\/em><\/p>\n","protected":false},"excerpt":{"rendered":"<p>Ap\u00f3s enfrentar a pior seca de sua hist\u00f3ria em 2024, o Brasil fechou o ano com outro marco alarmante: entre janeiro e dezembro, 30,86 milh\u00f5es &#8230; <a title=\"Inc\u00eandios no Brasil consumiram \u00e1rea maior que a It\u00e1lia em 2024, diz relat\u00f3rio\" class=\"read-more\" href=\"https:\/\/latamreports.com\/br\/incendios-no-brasil-consumiram-area-maior-que-a-italia-em-2024-diz-relatorio\/\" aria-label=\"Read more about Inc\u00eandios no Brasil consumiram \u00e1rea maior que a It\u00e1lia em 2024, diz relat\u00f3rio\">Read more<\/a><\/p>\n","protected":false},"author":7,"featured_media":10208,"comment_status":"closed","ping_status":"closed","sticky":false,"template":"","format":"standard","meta":{"footnotes":"","jetpack_publicize_message":"","jetpack_publicize_feature_enabled":true,"jetpack_social_post_already_shared":true,"jetpack_social_options":{"image_generator_settings":{"template":"highway","default_image_id":0,"font":"","enabled":false},"version":2}},"categories":[2,24],"tags":[31],"class_list":["post-10207","post","type-post","status-publish","format-standard","has-post-thumbnail","hentry","category-negocios","category-opiniao","tag-brasil","resize-featured-image"],"yoast_head":"<!-- This site is optimized with the Yoast SEO plugin v27.4 - https:\/\/yoast.com\/product\/yoast-seo-wordpress\/ -->\n<title>Inc\u00eandios no Brasil consumiram \u00e1rea maior que a It\u00e1lia em 2024<\/title>\n<meta name=\"description\" content=\"Inc\u00eandios: ap\u00f3s enfrentar a pior seca de sua hist\u00f3ria em 2024, o Brasil fechou o ano com outro marco alarmante: entre janeiro e dezembro,\" \/>\n<meta name=\"robots\" content=\"index, follow, max-snippet:-1, max-image-preview:large, max-video-preview:-1\" \/>\n<link rel=\"canonical\" href=\"https:\/\/latamreports.com\/br\/incendios-no-brasil-consumiram-area-maior-que-a-italia-em-2024-diz-relatorio\/\" \/>\n<meta property=\"og:locale\" content=\"en_US\" \/>\n<meta property=\"og:type\" content=\"article\" \/>\n<meta property=\"og:title\" content=\"Inc\u00eandios no Brasil consumiram \u00e1rea maior que a It\u00e1lia em 2024\" \/>\n<meta property=\"og:description\" content=\"Inc\u00eandios: ap\u00f3s enfrentar a pior seca de sua hist\u00f3ria em 2024, o Brasil fechou o ano com outro marco alarmante: entre janeiro e dezembro,\" \/>\n<meta property=\"og:url\" content=\"https:\/\/latamreports.com\/br\/incendios-no-brasil-consumiram-area-maior-que-a-italia-em-2024-diz-relatorio\/\" \/>\n<meta property=\"og:site_name\" content=\"LatAm Reports\" \/>\n<meta property=\"article:publisher\" content=\"https:\/\/facebook.com\/latamreports\" \/>\n<meta property=\"article:published_time\" content=\"2025-01-22T19:39:47+00:00\" \/>\n<meta property=\"article:modified_time\" content=\"2025-01-22T19:39:50+00:00\" \/>\n<meta property=\"og:image\" content=\"https:\/\/latamreports.com\/br\/wp-content\/uploads\/Design-sem-nome-2025-01-22T153255.277.png\" \/>\n\t<meta property=\"og:image:width\" content=\"1200\" \/>\n\t<meta property=\"og:image:height\" content=\"630\" \/>\n\t<meta property=\"og:image:type\" content=\"image\/png\" \/>\n<meta name=\"author\" content=\"LatAm Reports Redatores da Equipe\" \/>\n<meta name=\"twitter:card\" content=\"summary_large_image\" \/>\n<meta name=\"twitter:creator\" content=\"@latamreports\" \/>\n<meta name=\"twitter:site\" content=\"@latamreports\" \/>\n<meta name=\"twitter:label1\" content=\"Written by\" \/>\n\t<meta name=\"twitter:data1\" content=\"LatAm Reports Redatores da Equipe\" \/>\n\t<meta name=\"twitter:label2\" content=\"Est. reading time\" \/>\n\t<meta name=\"twitter:data2\" content=\"2 minutes\" \/>\n<script type=\"application\/ld+json\" class=\"yoast-schema-graph\">{\"@context\":\"https:\\\/\\\/schema.org\",\"@graph\":[{\"@type\":\"Article\",\"@id\":\"https:\\\/\\\/latamreports.com\\\/br\\\/incendios-no-brasil-consumiram-area-maior-que-a-italia-em-2024-diz-relatorio\\\/#article\",\"isPartOf\":{\"@id\":\"https:\\\/\\\/latamreports.com\\\/br\\\/incendios-no-brasil-consumiram-area-maior-que-a-italia-em-2024-diz-relatorio\\\/\"},\"author\":{\"name\":\"LatAm Reports Redatores da Equipe\",\"@id\":\"https:\\\/\\\/latamreports.com\\\/br\\\/#\\\/schema\\\/person\\\/a561f2de7e5ccabfab38d239b39fdb70\"},\"headline\":\"Inc\u00eandios no Brasil consumiram \u00e1rea maior que a It\u00e1lia em 2024, diz relat\u00f3rio\",\"datePublished\":\"2025-01-22T19:39:47+00:00\",\"dateModified\":\"2025-01-22T19:39:50+00:00\",\"mainEntityOfPage\":{\"@id\":\"https:\\\/\\\/latamreports.com\\\/br\\\/incendios-no-brasil-consumiram-area-maior-que-a-italia-em-2024-diz-relatorio\\\/\"},\"wordCount\":562,\"publisher\":{\"@id\":\"https:\\\/\\\/latamreports.com\\\/br\\\/#organization\"},\"image\":{\"@id\":\"https:\\\/\\\/latamreports.com\\\/br\\\/incendios-no-brasil-consumiram-area-maior-que-a-italia-em-2024-diz-relatorio\\\/#primaryimage\"},\"thumbnailUrl\":\"https:\\\/\\\/latamreports.com\\\/br\\\/wp-content\\\/uploads\\\/Design-sem-nome-2025-01-22T153255.277.png\",\"keywords\":[\"Brasil\"],\"articleSection\":[\"Neg\u00f3cios\",\"Opini\u00e3o\"],\"inLanguage\":\"en-US\"},{\"@type\":\"WebPage\",\"@id\":\"https:\\\/\\\/latamreports.com\\\/br\\\/incendios-no-brasil-consumiram-area-maior-que-a-italia-em-2024-diz-relatorio\\\/\",\"url\":\"https:\\\/\\\/latamreports.com\\\/br\\\/incendios-no-brasil-consumiram-area-maior-que-a-italia-em-2024-diz-relatorio\\\/\",\"name\":\"Inc\u00eandios no Brasil consumiram \u00e1rea maior que a It\u00e1lia em 2024\",\"isPartOf\":{\"@id\":\"https:\\\/\\\/latamreports.com\\\/br\\\/#website\"},\"primaryImageOfPage\":{\"@id\":\"https:\\\/\\\/latamreports.com\\\/br\\\/incendios-no-brasil-consumiram-area-maior-que-a-italia-em-2024-diz-relatorio\\\/#primaryimage\"},\"image\":{\"@id\":\"https:\\\/\\\/latamreports.com\\\/br\\\/incendios-no-brasil-consumiram-area-maior-que-a-italia-em-2024-diz-relatorio\\\/#primaryimage\"},\"thumbnailUrl\":\"https:\\\/\\\/latamreports.com\\\/br\\\/wp-content\\\/uploads\\\/Design-sem-nome-2025-01-22T153255.277.png\",\"datePublished\":\"2025-01-22T19:39:47+00:00\",\"dateModified\":\"2025-01-22T19:39:50+00:00\",\"description\":\"Inc\u00eandios: ap\u00f3s enfrentar a pior seca de sua hist\u00f3ria em 2024, o Brasil fechou o ano com outro marco alarmante: entre janeiro e dezembro,\",\"breadcrumb\":{\"@id\":\"https:\\\/\\\/latamreports.com\\\/br\\\/incendios-no-brasil-consumiram-area-maior-que-a-italia-em-2024-diz-relatorio\\\/#breadcrumb\"},\"inLanguage\":\"en-US\",\"potentialAction\":[{\"@type\":\"ReadAction\",\"target\":[\"https:\\\/\\\/latamreports.com\\\/br\\\/incendios-no-brasil-consumiram-area-maior-que-a-italia-em-2024-diz-relatorio\\\/\"]}]},{\"@type\":\"ImageObject\",\"inLanguage\":\"en-US\",\"@id\":\"https:\\\/\\\/latamreports.com\\\/br\\\/incendios-no-brasil-consumiram-area-maior-que-a-italia-em-2024-diz-relatorio\\\/#primaryimage\",\"url\":\"https:\\\/\\\/latamreports.com\\\/br\\\/wp-content\\\/uploads\\\/Design-sem-nome-2025-01-22T153255.277.png\",\"contentUrl\":\"https:\\\/\\\/latamreports.com\\\/br\\\/wp-content\\\/uploads\\\/Design-sem-nome-2025-01-22T153255.277.png\",\"width\":1200,\"height\":630,\"caption\":\"Inc\u00eandios no Brasil consumiram \u00e1rea maior que a It\u00e1lia em 2024, diz relat\u00f3rio\"},{\"@type\":\"BreadcrumbList\",\"@id\":\"https:\\\/\\\/latamreports.com\\\/br\\\/incendios-no-brasil-consumiram-area-maior-que-a-italia-em-2024-diz-relatorio\\\/#breadcrumb\",\"itemListElement\":[{\"@type\":\"ListItem\",\"position\":1,\"name\":\"Home\",\"item\":\"https:\\\/\\\/latamreports.com\\\/br\\\/\"},{\"@type\":\"ListItem\",\"position\":2,\"name\":\"Inc\u00eandios no Brasil consumiram \u00e1rea maior que a It\u00e1lia em 2024, diz relat\u00f3rio\"}]},{\"@type\":\"WebSite\",\"@id\":\"https:\\\/\\\/latamreports.com\\\/br\\\/#website\",\"url\":\"https:\\\/\\\/latamreports.com\\\/br\\\/\",\"name\":\"LatAm Reports\",\"description\":\"Not\u00edcias e opini\u00f5es de todas as Am\u00e9ricas\",\"publisher\":{\"@id\":\"https:\\\/\\\/latamreports.com\\\/br\\\/#organization\"},\"potentialAction\":[{\"@type\":\"SearchAction\",\"target\":{\"@type\":\"EntryPoint\",\"urlTemplate\":\"https:\\\/\\\/latamreports.com\\\/br\\\/?s={search_term_string}\"},\"query-input\":{\"@type\":\"PropertyValueSpecification\",\"valueRequired\":true,\"valueName\":\"search_term_string\"}}],\"inLanguage\":\"en-US\"},{\"@type\":\"Organization\",\"@id\":\"https:\\\/\\\/latamreports.com\\\/br\\\/#organization\",\"name\":\"LatAm Reports\",\"url\":\"https:\\\/\\\/latamreports.com\\\/br\\\/\",\"logo\":{\"@type\":\"ImageObject\",\"inLanguage\":\"en-US\",\"@id\":\"https:\\\/\\\/latamreports.com\\\/br\\\/#\\\/schema\\\/logo\\\/image\\\/\",\"url\":\"https:\\\/\\\/latamreports.com\\\/br\\\/wp-content\\\/uploads\\\/cropped-PNG2.png\",\"contentUrl\":\"https:\\\/\\\/latamreports.com\\\/br\\\/wp-content\\\/uploads\\\/cropped-PNG2.png\",\"width\":2522,\"height\":1014,\"caption\":\"LatAm Reports\"},\"image\":{\"@id\":\"https:\\\/\\\/latamreports.com\\\/br\\\/#\\\/schema\\\/logo\\\/image\\\/\"},\"sameAs\":[\"https:\\\/\\\/facebook.com\\\/latamreports\",\"https:\\\/\\\/x.com\\\/latamreports\"]},{\"@type\":\"Person\",\"@id\":\"https:\\\/\\\/latamreports.com\\\/br\\\/#\\\/schema\\\/person\\\/a561f2de7e5ccabfab38d239b39fdb70\",\"name\":\"LatAm Reports Redatores da Equipe\",\"image\":{\"@type\":\"ImageObject\",\"inLanguage\":\"en-US\",\"@id\":\"https:\\\/\\\/secure.gravatar.com\\\/avatar\\\/dcdcc93cc5edddd2f3ef77245866172c7d7241a11ad58e1959aa824f2fae81f6?s=96&d=mm&r=g\",\"url\":\"https:\\\/\\\/secure.gravatar.com\\\/avatar\\\/dcdcc93cc5edddd2f3ef77245866172c7d7241a11ad58e1959aa824f2fae81f6?s=96&d=mm&r=g\",\"contentUrl\":\"https:\\\/\\\/secure.gravatar.com\\\/avatar\\\/dcdcc93cc5edddd2f3ef77245866172c7d7241a11ad58e1959aa824f2fae81f6?s=96&d=mm&r=g\",\"caption\":\"LatAm Reports Redatores da Equipe\"}}]}<\/script>\n<!-- \/ Yoast SEO plugin. -->","yoast_head_json":{"title":"Inc\u00eandios no Brasil consumiram \u00e1rea maior que a It\u00e1lia em 2024","description":"Inc\u00eandios: ap\u00f3s enfrentar a pior seca de sua hist\u00f3ria em 2024, o Brasil fechou o ano com outro marco alarmante: entre janeiro e dezembro,","robots":{"index":"index","follow":"follow","max-snippet":"max-snippet:-1","max-image-preview":"max-image-preview:large","max-video-preview":"max-video-preview:-1"},"canonical":"https:\/\/latamreports.com\/br\/incendios-no-brasil-consumiram-area-maior-que-a-italia-em-2024-diz-relatorio\/","og_locale":"en_US","og_type":"article","og_title":"Inc\u00eandios no Brasil consumiram \u00e1rea maior que a It\u00e1lia em 2024","og_description":"Inc\u00eandios: ap\u00f3s enfrentar a pior seca de sua hist\u00f3ria em 2024, o Brasil fechou o ano com outro marco alarmante: entre janeiro e dezembro,","og_url":"https:\/\/latamreports.com\/br\/incendios-no-brasil-consumiram-area-maior-que-a-italia-em-2024-diz-relatorio\/","og_site_name":"LatAm Reports","article_publisher":"https:\/\/facebook.com\/latamreports","article_published_time":"2025-01-22T19:39:47+00:00","article_modified_time":"2025-01-22T19:39:50+00:00","og_image":[{"width":1200,"height":630,"url":"https:\/\/latamreports.com\/br\/wp-content\/uploads\/Design-sem-nome-2025-01-22T153255.277.png","type":"image\/png"}],"author":"LatAm Reports Redatores da Equipe","twitter_card":"summary_large_image","twitter_creator":"@latamreports","twitter_site":"@latamreports","twitter_misc":{"Written by":"LatAm Reports Redatores da Equipe","Est. reading time":"2 minutes"},"schema":{"@context":"https:\/\/schema.org","@graph":[{"@type":"Article","@id":"https:\/\/latamreports.com\/br\/incendios-no-brasil-consumiram-area-maior-que-a-italia-em-2024-diz-relatorio\/#article","isPartOf":{"@id":"https:\/\/latamreports.com\/br\/incendios-no-brasil-consumiram-area-maior-que-a-italia-em-2024-diz-relatorio\/"},"author":{"name":"LatAm Reports Redatores da Equipe","@id":"https:\/\/latamreports.com\/br\/#\/schema\/person\/a561f2de7e5ccabfab38d239b39fdb70"},"headline":"Inc\u00eandios no Brasil consumiram \u00e1rea maior que a It\u00e1lia em 2024, diz relat\u00f3rio","datePublished":"2025-01-22T19:39:47+00:00","dateModified":"2025-01-22T19:39:50+00:00","mainEntityOfPage":{"@id":"https:\/\/latamreports.com\/br\/incendios-no-brasil-consumiram-area-maior-que-a-italia-em-2024-diz-relatorio\/"},"wordCount":562,"publisher":{"@id":"https:\/\/latamreports.com\/br\/#organization"},"image":{"@id":"https:\/\/latamreports.com\/br\/incendios-no-brasil-consumiram-area-maior-que-a-italia-em-2024-diz-relatorio\/#primaryimage"},"thumbnailUrl":"https:\/\/latamreports.com\/br\/wp-content\/uploads\/Design-sem-nome-2025-01-22T153255.277.png","keywords":["Brasil"],"articleSection":["Neg\u00f3cios","Opini\u00e3o"],"inLanguage":"en-US"},{"@type":"WebPage","@id":"https:\/\/latamreports.com\/br\/incendios-no-brasil-consumiram-area-maior-que-a-italia-em-2024-diz-relatorio\/","url":"https:\/\/latamreports.com\/br\/incendios-no-brasil-consumiram-area-maior-que-a-italia-em-2024-diz-relatorio\/","name":"Inc\u00eandios no Brasil consumiram \u00e1rea maior que a It\u00e1lia em 2024","isPartOf":{"@id":"https:\/\/latamreports.com\/br\/#website"},"primaryImageOfPage":{"@id":"https:\/\/latamreports.com\/br\/incendios-no-brasil-consumiram-area-maior-que-a-italia-em-2024-diz-relatorio\/#primaryimage"},"image":{"@id":"https:\/\/latamreports.com\/br\/incendios-no-brasil-consumiram-area-maior-que-a-italia-em-2024-diz-relatorio\/#primaryimage"},"thumbnailUrl":"https:\/\/latamreports.com\/br\/wp-content\/uploads\/Design-sem-nome-2025-01-22T153255.277.png","datePublished":"2025-01-22T19:39:47+00:00","dateModified":"2025-01-22T19:39:50+00:00","description":"Inc\u00eandios: ap\u00f3s enfrentar a pior seca de sua hist\u00f3ria em 2024, o Brasil fechou o ano com outro marco alarmante: entre janeiro e dezembro,","breadcrumb":{"@id":"https:\/\/latamreports.com\/br\/incendios-no-brasil-consumiram-area-maior-que-a-italia-em-2024-diz-relatorio\/#breadcrumb"},"inLanguage":"en-US","potentialAction":[{"@type":"ReadAction","target":["https:\/\/latamreports.com\/br\/incendios-no-brasil-consumiram-area-maior-que-a-italia-em-2024-diz-relatorio\/"]}]},{"@type":"ImageObject","inLanguage":"en-US","@id":"https:\/\/latamreports.com\/br\/incendios-no-brasil-consumiram-area-maior-que-a-italia-em-2024-diz-relatorio\/#primaryimage","url":"https:\/\/latamreports.com\/br\/wp-content\/uploads\/Design-sem-nome-2025-01-22T153255.277.png","contentUrl":"https:\/\/latamreports.com\/br\/wp-content\/uploads\/Design-sem-nome-2025-01-22T153255.277.png","width":1200,"height":630,"caption":"Inc\u00eandios no Brasil consumiram \u00e1rea maior que a It\u00e1lia em 2024, diz relat\u00f3rio"},{"@type":"BreadcrumbList","@id":"https:\/\/latamreports.com\/br\/incendios-no-brasil-consumiram-area-maior-que-a-italia-em-2024-diz-relatorio\/#breadcrumb","itemListElement":[{"@type":"ListItem","position":1,"name":"Home","item":"https:\/\/latamreports.com\/br\/"},{"@type":"ListItem","position":2,"name":"Inc\u00eandios no Brasil consumiram \u00e1rea maior que a It\u00e1lia em 2024, diz relat\u00f3rio"}]},{"@type":"WebSite","@id":"https:\/\/latamreports.com\/br\/#website","url":"https:\/\/latamreports.com\/br\/","name":"LatAm Reports","description":"Not\u00edcias e opini\u00f5es de todas as Am\u00e9ricas","publisher":{"@id":"https:\/\/latamreports.com\/br\/#organization"},"potentialAction":[{"@type":"SearchAction","target":{"@type":"EntryPoint","urlTemplate":"https:\/\/latamreports.com\/br\/?s={search_term_string}"},"query-input":{"@type":"PropertyValueSpecification","valueRequired":true,"valueName":"search_term_string"}}],"inLanguage":"en-US"},{"@type":"Organization","@id":"https:\/\/latamreports.com\/br\/#organization","name":"LatAm Reports","url":"https:\/\/latamreports.com\/br\/","logo":{"@type":"ImageObject","inLanguage":"en-US","@id":"https:\/\/latamreports.com\/br\/#\/schema\/logo\/image\/","url":"https:\/\/latamreports.com\/br\/wp-content\/uploads\/cropped-PNG2.png","contentUrl":"https:\/\/latamreports.com\/br\/wp-content\/uploads\/cropped-PNG2.png","width":2522,"height":1014,"caption":"LatAm Reports"},"image":{"@id":"https:\/\/latamreports.com\/br\/#\/schema\/logo\/image\/"},"sameAs":["https:\/\/facebook.com\/latamreports","https:\/\/x.com\/latamreports"]},{"@type":"Person","@id":"https:\/\/latamreports.com\/br\/#\/schema\/person\/a561f2de7e5ccabfab38d239b39fdb70","name":"LatAm Reports Redatores da Equipe","image":{"@type":"ImageObject","inLanguage":"en-US","@id":"https:\/\/secure.gravatar.com\/avatar\/dcdcc93cc5edddd2f3ef77245866172c7d7241a11ad58e1959aa824f2fae81f6?s=96&d=mm&r=g","url":"https:\/\/secure.gravatar.com\/avatar\/dcdcc93cc5edddd2f3ef77245866172c7d7241a11ad58e1959aa824f2fae81f6?s=96&d=mm&r=g","contentUrl":"https:\/\/secure.gravatar.com\/avatar\/dcdcc93cc5edddd2f3ef77245866172c7d7241a11ad58e1959aa824f2fae81f6?s=96&d=mm&r=g","caption":"LatAm Reports Redatores da Equipe"}}]}},"jetpack_publicize_connections":[],"_links":{"self":[{"href":"https:\/\/latamreports.com\/br\/wp-json\/wp\/v2\/posts\/10207","targetHints":{"allow":["GET"]}}],"collection":[{"href":"https:\/\/latamreports.com\/br\/wp-json\/wp\/v2\/posts"}],"about":[{"href":"https:\/\/latamreports.com\/br\/wp-json\/wp\/v2\/types\/post"}],"author":[{"embeddable":true,"href":"https:\/\/latamreports.com\/br\/wp-json\/wp\/v2\/users\/7"}],"replies":[{"embeddable":true,"href":"https:\/\/latamreports.com\/br\/wp-json\/wp\/v2\/comments?post=10207"}],"version-history":[{"count":1,"href":"https:\/\/latamreports.com\/br\/wp-json\/wp\/v2\/posts\/10207\/revisions"}],"predecessor-version":[{"id":10209,"href":"https:\/\/latamreports.com\/br\/wp-json\/wp\/v2\/posts\/10207\/revisions\/10209"}],"wp:featuredmedia":[{"embeddable":true,"href":"https:\/\/latamreports.com\/br\/wp-json\/wp\/v2\/media\/10208"}],"wp:attachment":[{"href":"https:\/\/latamreports.com\/br\/wp-json\/wp\/v2\/media?parent=10207"}],"wp:term":[{"taxonomy":"category","embeddable":true,"href":"https:\/\/latamreports.com\/br\/wp-json\/wp\/v2\/categories?post=10207"},{"taxonomy":"post_tag","embeddable":true,"href":"https:\/\/latamreports.com\/br\/wp-json\/wp\/v2\/tags?post=10207"}],"curies":[{"name":"wp","href":"https:\/\/api.w.org\/{rel}","templated":true}]}}